{"id":408759,"date":"2025-09-22T05:34:14","date_gmt":"2025-09-22T05:34:14","guid":{"rendered":"https:\/\/www.europesays.com\/fr\/408759\/"},"modified":"2025-09-22T05:34:14","modified_gmt":"2025-09-22T05:34:14","slug":"marc-marquez-est-toujours-a-la-poursuite-de-la-victoire-a-mandalika","status":"publish","type":"post","link":"https:\/\/www.europesays.com\/fr\/408759\/","title":{"rendered":"Marc Marquez est toujours \u00e0 la poursuite de la victoire \u00e0 Mandalika"},"content":{"rendered":"<p>AKARTA &#8211; Marc Marquez poursuit toujours sa premi\u00e8re victoire sur le circuit de Mandalika, qui est l\u2019une des pistes qui n\u2019ont jamais apport\u00e9 de jaloux pour lui.<\/p>\n<p>alika cette ann\u00e9e aura lieu du 3 au 5 octobre 2025. Marquez a la chance de conserver son titre mondial de 2025 s\u2019il ne l\u2019a pas fait lors de la s\u00e9rie pr\u00e9c\u00e9dente au Japon.<\/p>\n<p>, il a un mauvais bilan sur la piste de Mandalika. L\u2019Espagnol n\u2019a jamais remport\u00e9 le premier podium l\u00e0-bas.<\/p>\n<p>\u201cMandalika est avec Sepang,\u201d a r\u00e9pondu Marquez lorsqu\u2019on lui a demand\u00e9 quels circuits il \u00e9tait le plus difficile \u00e0 battre lors d\u2019une s\u00e9rie de courses de vols avec Moeda au Japon et Phillip Island en Australie.<\/p>\n<p>\u201cMandolika, voyons cette ann\u00e9e si nous pouvons concourir pour gagner, mais pour le moment, je n\u2019ai jamais termin\u00e9 le Grand Prix l\u00e0-bas!\u201d a-t-il ajout\u00e9, cit\u00e9 par Crash.<\/p>\n<p>Mandalika a fait ses d\u00e9buts dans la course MotoGP en 2022. Lors de la premi\u00e8re mise en \u0153uvre, Marquez n\u2019a pas pu participer \u00e0 la course principale parce qu\u2019il a eu un accident lors de la s\u00e9ance de chauffage.<\/p>\n<p>qui s\u2019approche du septi\u00e8me titre MotoGP a ensuite \u00e9t\u00e9 diagnostiqu\u00e9 comme diplopie apr\u00e8s avoir \u00e9t\u00e9 d\u00e9clar\u00e9 inaptes pour participer \u00e0 la course.<\/p>\n<p>ero, la saison suivante, Marquez n\u2019a pas pu terminer la course de Sprint et la course principale parce qu\u2019il est tomb\u00e9. Il a ensuite pu monter au podium lors de la course de Sprint MotoGP de Mandalika 2024, mais n\u2019a pas pu terminer la course des jours de semaine en raison d\u2019un probl\u00e8me au moteur.<\/p>\n<p>jajjjjjjjjjjjjjjjjjjjjjjjjjjjjjjjjjjjjjjjjjjjjjjjjjjjjjjjjjjjjjjjjjjjjjjjjjjjjjjjjjjjjjjjjjjjjjjjjjjjjjjjjjjjjjjjjjjjjjjjjjjjjjjjjjjjjjjjjjjjjjjjjjjjjjjjjjjjjjjjjjjjjjjjjjjjjjjjjjjjjjjjjjjjjjjjjjjjjjjjjjjjjjjjjjjjjjjjjjjjjjjjjjjjjjjjjjjjjjjjjjjjjjjjjjjjjj<\/p>\n<p>alika et Portimao sont deux places dans le calendrier actuel sans remporter de M\u00e1rquez apr\u00e8s avoir pu revendiquer sa premi\u00e8re victoire au Red Bull Ring cette saison et une victoire au Balaton Park en Hongrie.<\/p>\n<p>Marquez sera champion du monde MotoGP 2022 s\u2019il peut quitter le Japon avec une avance de 185 points sur sa s\u0153ur Alex Marquez.<\/p>\n<p>dans lequel il a juste besoin de gagner une course de Sprint et de meilleure fin que sa s\u0153ur dans la course principale. Le titre de cette ann\u00e9e l\u2019accompagne avec Valentino Rossi en termes de collection de sept titres en MotoGP.<\/p>\n<p>The English, Chinese, Japanese, Arabic, and French versions are automatically generated by the AI. So there may still be inaccuracies in translating, please always see Indonesian as our main language.<br \/>\n                                    (system supported by DigitalSiber.id)<\/p>\n","protected":false},"excerpt":{"rendered":"AKARTA &#8211; Marc Marquez poursuit toujours sa premi\u00e8re victoire sur le circuit de Mandalika, qui est l\u2019une des&hellip;\n","protected":false},"author":2,"featured_media":408760,"comment_status":"","ping_status":"","sticky":false,"template":"","format":"standard","meta":{"footnotes":""},"categories":[1413],"tags":[54035,1011,27,39884,1457,1456,54034,60],"class_list":{"0":"post-408759","1":"post","2":"type-post","3":"status-publish","4":"format-standard","5":"has-post-thumbnail","7":"category-moto","8":"tag-circuit-mandalika","9":"tag-fr","10":"tag-france","11":"tag-marquez-marc-marquez","12":"tag-moto","13":"tag-motocycle","14":"tag-motogp-mandalika","15":"tag-sports"},"share_on_mastodon":{"url":"https:\/\/pubeurope.com\/@fr\/115246325078114305","error":""},"_links":{"self":[{"href":"https:\/\/www.europesays.com\/fr\/wp-json\/wp\/v2\/posts\/408759","targetHints":{"allow":["GET"]}}],"collection":[{"href":"https:\/\/www.europesays.com\/fr\/wp-json\/wp\/v2\/posts"}],"about":[{"href":"https:\/\/www.europesays.com\/fr\/wp-json\/wp\/v2\/types\/post"}],"author":[{"embeddable":true,"href":"https:\/\/www.europesays.com\/fr\/wp-json\/wp\/v2\/users\/2"}],"replies":[{"embeddable":true,"href":"https:\/\/www.europesays.com\/fr\/wp-json\/wp\/v2\/comments?post=408759"}],"version-history":[{"count":0,"href":"https:\/\/www.europesays.com\/fr\/wp-json\/wp\/v2\/posts\/408759\/revisions"}],"wp:featuredmedia":[{"embeddable":true,"href":"https:\/\/www.europesays.com\/fr\/wp-json\/wp\/v2\/media\/408760"}],"wp:attachment":[{"href":"https:\/\/www.europesays.com\/fr\/wp-json\/wp\/v2\/media?parent=408759"}],"wp:term":[{"taxonomy":"category","embeddable":true,"href":"https:\/\/www.europesays.com\/fr\/wp-json\/wp\/v2\/categories?post=408759"},{"taxonomy":"post_tag","embeddable":true,"href":"https:\/\/www.europesays.com\/fr\/wp-json\/wp\/v2\/tags?post=408759"}],"curies":[{"name":"wp","href":"https:\/\/api.w.org\/{rel}","templated":true}]}}