{"id":408761,"date":"2025-09-22T05:35:15","date_gmt":"2025-09-22T05:35:15","guid":{"rendered":"https:\/\/www.europesays.com\/fr\/408761\/"},"modified":"2025-09-22T05:35:15","modified_gmt":"2025-09-22T05:35:15","slug":"f1-double-historique-mclaren-au-gp-de-belgique-2025-piastri-simpose-devant-norris-dans-une-course-spectaculaire","status":"publish","type":"post","link":"https:\/\/www.europesays.com\/fr\/408761\/","title":{"rendered":"F1 &#8211; doubl\u00e9 historique mclaren au gp de belgique 2025 : Piastri s&rsquo;impose devant norris dans une course spectaculaire"},"content":{"rendered":"<p><strong>Le Grand Prix de Belgique de Formule 1 a connu un d\u00e9but tumultueux en raison des fortes pluies qui se sont abattues sur le circuit de Spa-Francorchamps. La course a \u00e9t\u00e9 retard\u00e9e de plus d\u2019une heure, la direction de course ayant d\u00e9cid\u00e9 de suspendre le d\u00e9part pour des raisons de s\u00e9curit\u00e9.<\/strong> <\/p>\n<p>Piastri \u00e0 Spa-Francorchamps : victoire sous pression<\/p>\n<p>                        <img fetchpriority=\"high\" decoding=\"async\" width=\"980\" height=\"551\" src=\"data:image\/svg+xml,%3Csvg%20xmlns=\" http:=\"\" alt=\"F1 - doubl\u00e9 historique mclaren au gp de belgique 2025\" class=\"wp-image-49178 webpexpress-processed\" data-lazy- data-lazy- data-lazy-src=\"https:\/\/www.europesays.com\/fr\/wp-content\/uploads\/2025\/09\/f1-double-historique-mclaren-au-gp-de-belgique-2025-piastri-simpose-devant-norris-dans-une-course-sp.jpeg\"\/><\/p>\n<p>Le d\u00e9part du Grand Prix de Belgique a \u00e9t\u00e9 donn\u00e9 sous des conditions m\u00e9t\u00e9orologiques difficiles. Apr\u00e8s une attente prolong\u00e9e, les pilotes ont finalement pris la piste derri\u00e8re la voiture de s\u00e9curit\u00e9, la course d\u00e9butant officiellement au cinqui\u00e8me tour. <strong>Oscar Piastri<\/strong>, pilote chez McLaren, a su tirer parti de la situation en prenant rapidement l\u2019ascendant sur son co\u00e9quipier <strong>Lando Norris<\/strong>, s\u2019imposant d\u00e8s les premi\u00e8res courbes. Malgr\u00e9 une pression constante dans les derniers tours due \u00e0 l\u2019usure de ses pneus moyens face aux pneus durs de Norris, Piastri a conserv\u00e9 la t\u00eate jusqu\u2019\u00e0 l\u2019arriv\u00e9e. Ce succ\u00e8s marque sa sixi\u00e8me victoire de la saison, lui permettant d\u2019accumuler <strong>266 points<\/strong> au championnat, \u00e9tendant ainsi son avance \u00e0 <strong>16 points<\/strong> sur Norris, qui a termin\u00e9 deuxi\u00e8me. <\/p>\n<p>Strat\u00e9gies et conditions : les cl\u00e9s de la course<\/p>\n<p>                        <img loading=\"lazy\" decoding=\"async\" width=\"64\" height=\"200\" src=\"data:image\/svg+xml,%3Csvg%20xmlns=\" http:=\"\" alt=\"F1 - doubl\u00e9 historique mclaren au gp de belgique 2025\" class=\"wp-image-49179\" data-lazy-src=\"https:\/\/www.europesays.com\/fr\/wp-content\/uploads\/2025\/09\/f1-double-historique-mclaren-au-gp-de-belgique-2025-piastri-simpose-devant-norris-dans-une-course-sp.webp\"\/><\/p>\n<blockquote class=\"wp-embedded-content\" data-secret=\"qAjg0iMyxf\">\n<p><a href=\"https:\/\/www.monautoneuve.fr\/actualites\/voiture-allemande-2025-cette-offre-de-leasing-a-159e-mois-avec-options-premium-bouscule-le-marche-automobile\/\" target=\"_blank\" rel=\"noopener\">Voiture allemande 2025 : Cette offre de leasing \u00e0 159\u20ac\/mois avec options premium bouscule le march\u00e9 automobile<\/a><\/p>\n<\/blockquote>\n<p>La gestion des pneus a jou\u00e9 un r\u00f4le crucial dans la course de Spa. Les conditions changeantes ont mis \u00e0 l\u2019\u00e9preuve les choix strat\u00e9giques des \u00e9quipes. <strong>Oscar Piastri<\/strong>, bien que sous pression \u00e0 cause de ses pneus moyens us\u00e9s, a r\u00e9ussi \u00e0 maintenir son avance sur Norris, qui b\u00e9n\u00e9ficiait de pneus durs plus performants en fin de course. Cette gestion habile de la d\u00e9gradation des pneus a \u00e9t\u00e9 d\u00e9terminante pour McLaren. Les conditions humides et le retard initial ont \u00e9galement influenc\u00e9 la strat\u00e9gie globale, obligeant les \u00e9quipes \u00e0 ajuster leurs plans en temps r\u00e9el, ce qui a ajout\u00e9 une dimension suppl\u00e9mentaire \u00e0 la comp\u00e9tition. <\/p>\n<p>Enjeux futurs et perspectives pour le championnat<\/p>\n<p>                        <img loading=\"lazy\" decoding=\"async\" width=\"64\" height=\"200\" src=\"data:image\/svg+xml,%3Csvg%20xmlns=\" http:=\"\" alt=\"F1 - doubl\u00e9 historique mclaren au gp de belgique 2025\" class=\"wp-image-49180\" data-lazy-src=\"https:\/\/www.europesays.com\/fr\/wp-content\/uploads\/2025\/09\/1758519314_924_f1-double-historique-mclaren-au-gp-de-belgique-2025-piastri-simpose-devant-norris-dans-une-course-sp.webp\"\/><\/p>\n<p>Avec cette victoire, Piastri renforce sa position de leader du championnat, mais la comp\u00e9tition reste intense. <strong>Charles Leclerc<\/strong>, qui a termin\u00e9 troisi\u00e8me, a su r\u00e9sister aux attaques de <strong>Max Verstappen<\/strong>, quatri\u00e8me, soulignant la lutte acharn\u00e9e pour les places d\u2019honneur. La prochaine \u00e9ch\u00e9ance au calendrier, le <strong>Grand Prix d\u2019Italie<\/strong>, s\u2019annonce d\u00e9cisive pour les pr\u00e9tendants au titre. McLaren, avec ses deux pilotes en t\u00eate du classement, devra maintenir son \u00e9lan face \u00e0 des adversaires d\u00e9termin\u00e9s \u00e0 r\u00e9duire l\u2019\u00e9cart. Les \u00e9quipes devront \u00e9galement affiner leurs strat\u00e9gies pour s\u2019adapter aux sp\u00e9cificit\u00e9s du circuit de Monza, connu pour sa vitesse et ses d\u00e9fis techniques uniques.<\/p>\n<p>                        <img loading=\"lazy\" decoding=\"async\" width=\"64\" height=\"200\" src=\"data:image\/svg+xml,%3Csvg%20xmlns=\" http:=\"\" alt=\"F1 - doubl\u00e9 historique mclaren au gp de belgique 2025\" class=\"wp-image-49181\" data-lazy-src=\"https:\/\/www.europesays.com\/fr\/wp-content\/uploads\/2025\/09\/1758519315_685_f1-double-historique-mclaren-au-gp-de-belgique-2025-piastri-simpose-devant-norris-dans-une-course-sp.webp\"\/>F1 \u2013 doubl\u00e9 historique mclaren au gp de belgique 2025<\/p>\n<blockquote class=\"wp-embedded-content\" data-secret=\"uKMdwbrp5t\">\n<p><a href=\"https:\/\/www.monautoneuve.fr\/actualites\/dacia-spring-2025-la-citadine-essence-a-moins-de-16-000e-qui-renouvelle-le-bon-sens-automobile-avec-son-style-neo-retro\/\" target=\"_blank\" rel=\"noopener\">Dacia spring 2025 : La citadine essence \u00e0 moins de 16 000\u20ac qui renouvelle le bon sens automobile avec son style n\u00e9o-r\u00e9tro<\/a><\/p>\n<\/blockquote>\n<p>En tant que jeune m\u00e9dia ind\u00e9pendant, Mon Auto Neuve a besoin de votre aide. Soutenez-nous en nous suivant et en nous ajoutant \u00e0 vos favoris sur Google News. Merci !<\/p>\n<p><a href=\"https:\/\/news.google.com\/publications\/CAAqKggKIiRDQklTRlFnTWFoRUtEMjF2Ym1GMWRHOXVaWFYyWlM1bWNpZ0FQAQ?hl=fr&amp;gl=FR&amp;ceid=FR%3Afr\" target=\"_blank\" rel=\"external noopener\">Suivez-nous sur Google News <\/a><\/p>\n","protected":false},"excerpt":{"rendered":"Le Grand Prix de Belgique de Formule 1 a connu un d\u00e9but tumultueux en raison des fortes pluies&hellip;\n","protected":false},"author":2,"featured_media":408762,"comment_status":"","ping_status":"","sticky":false,"template":"","format":"standard","meta":{"footnotes":""},"categories":[1412],"tags":[54036,1451,1452,1453,1454,1455,1011,27,54037,60],"class_list":{"0":"post-408761","1":"post","2":"type-post","3":"status-publish","4":"format-standard","5":"has-post-thumbnail","7":"category-f1","8":"tag-deportivas","9":"tag-f1","10":"tag-formula-1","11":"tag-formula1","12":"tag-formule-1","13":"tag-formule1","14":"tag-fr","15":"tag-france","16":"tag-gran-premio-de-bu00e9lgica-de-fu00f3rmula-1","17":"tag-sports"},"share_on_mastodon":{"url":"https:\/\/pubeurope.com\/@fr\/115246328970312736","error":""},"_links":{"self":[{"href":"https:\/\/www.europesays.com\/fr\/wp-json\/wp\/v2\/posts\/408761","targetHints":{"allow":["GET"]}}],"collection":[{"href":"https:\/\/www.europesays.com\/fr\/wp-json\/wp\/v2\/posts"}],"about":[{"href":"https:\/\/www.europesays.com\/fr\/wp-json\/wp\/v2\/types\/post"}],"author":[{"embeddable":true,"href":"https:\/\/www.europesays.com\/fr\/wp-json\/wp\/v2\/users\/2"}],"replies":[{"embeddable":true,"href":"https:\/\/www.europesays.com\/fr\/wp-json\/wp\/v2\/comments?post=408761"}],"version-history":[{"count":0,"href":"https:\/\/www.europesays.com\/fr\/wp-json\/wp\/v2\/posts\/408761\/revisions"}],"wp:featuredmedia":[{"embeddable":true,"href":"https:\/\/www.europesays.com\/fr\/wp-json\/wp\/v2\/media\/408762"}],"wp:attachment":[{"href":"https:\/\/www.europesays.com\/fr\/wp-json\/wp\/v2\/media?parent=408761"}],"wp:term":[{"taxonomy":"category","embeddable":true,"href":"https:\/\/www.europesays.com\/fr\/wp-json\/wp\/v2\/categories?post=408761"},{"taxonomy":"post_tag","embeddable":true,"href":"https:\/\/www.europesays.com\/fr\/wp-json\/wp\/v2\/tags?post=408761"}],"curies":[{"name":"wp","href":"https:\/\/api.w.org\/{rel}","templated":true}]}}