{"id":408781,"date":"2025-09-22T05:45:13","date_gmt":"2025-09-22T05:45:13","guid":{"rendered":"https:\/\/www.europesays.com\/fr\/408781\/"},"modified":"2025-09-22T05:45:13","modified_gmt":"2025-09-22T05:45:13","slug":"jai-eu-peur-pour-mes-enfants-une-supportrice-du-rct-en-colere-contre-la-direction-du-club","status":"publish","type":"post","link":"https:\/\/www.europesays.com\/fr\/408781\/","title":{"rendered":"\u00ab\u00a0J\u2019ai eu peur pour mes enfants\u00a0\u00bb, une supportrice du RCT en col\u00e8re contre la direction du club"},"content":{"rendered":"<p>\u00ab\u00a0En sortant du stade Mayol jusqu\u2019\u00e0 La Rode, on avait <strong>de l\u2019eau jusqu\u2019aux fesses<\/strong>.\u00a0\u00bb. Diane, supportrice du RCT, n\u2019en revient pas d\u2019avoir pu rejoindre sa maison sur les hauteurs de la Serinette saine et sauve, comme ses trois enfants de 7 \u00e0 14 ans <strong>venus assister \u00e0 la rencontre de Toulon face \u00e0 La Rochelle<\/strong>, ce dimanche soir \u00e0 21 heures.<\/p>\n<p>\u00ab\u00a0Je suis partie avant, l\u2019instant maternel s\u00fbrement, poursuit-elle. Mais c\u2019\u00e9tait d\u00e9j\u00e0 <strong>tout inond\u00e9<\/strong>. Dans la rue, mon plus jeune fils avait<strong> de l\u2019eau jusqu\u2019aux \u00e9paules<\/strong>. Et une fois en route, j\u2019ai vu des voitures faire la planche pr\u00e8s de la rivi\u00e8re des amoureux (Leygoutier, Ndlr). Je m\u2019en suis sortie en prenant des chemins sur les hauteurs. On a eu de la chance, mais<strong> j\u2019ai eu peur pour mes enfants<\/strong>. Quelle angoisse! \u00c7a a \u00e9t\u00e9 chaud.\u00a0\u00bb<\/p>\n<p>Pour cette m\u00e8re de famille,<a href=\"https:\/\/www.varmatin.com\/rugby\/decision-tardive-report-pourquoi-toulon-la-rochelle-ne-s-est-pas-joue-1002930\" rel=\"nofollow noopener\" target=\"_blank\"> le match aurait d\u00fb \u00eatre annul\u00e9 bien avant<\/a>,\u00a0\u00ab\u00a0c\u2019est scandaleux, ajoute-t-elle. Ils ont report\u00e9 la rentr\u00e9e pour trois gouttes et l\u00e0, ils ont attendu le tout dernier moment en nous mettant en danger. On est d\u2019ailleurs rest\u00e9 de longues minutes sans vraiment avoir d\u2019infos. Les danseuses \u00e9taient sur la pelouse, musique \u00e0 fond comme si le match allait commencer, alors qu\u2019on \u00e9tait d\u00e9j\u00e0 sous une pluie battante et que \u00e7a grondait de partout. Il y avait<strong> 15 centim\u00e8tres d\u2019eau sur la pelouse<\/strong>. C\u2019\u00e9tait la temp\u00eate.\u00a0\u00bb<\/p>\n<p>\u00ab\u00a0On leur a fait confiance\u00a0\u00bb<\/p>\n<p>Autre raison de sa col\u00e8re:\u00a0\u00ab\u00a0Le plus fou, c\u2019est que mon fils cadet avait \u00e9t\u00e9 s\u00e9lectionn\u00e9 pour un tournoi l\u2019apr\u00e8s-midi m\u00eame sur la pelouse de Mayol, avec une place pour le match du soir offerte, poursuit Diane. Sauf qu\u2019ils ont annul\u00e9 le tournoi des enfants \u00e0 cause de la m\u00e9t\u00e9o. Et qu\u2019on a d\u00fb lui acheter un billet en derni\u00e8re minute, pour qu\u2019il supporte avec nous le RCT. Comme beaucoup d\u2019autres parents, dans le m\u00eame cas. Comme ils ont d\u00e9cid\u00e9 de maintenir les matchs des pros, on leur a fait confiance. Et voil\u00e0 le r\u00e9sultat.\u00a0\u00bb<\/p>\n<p>\u00c9galement venu au stade Mayol, Martin, tailleur de pierre de 46 ans, a d\u00fb appeler un ami pour rentrer chez lui \u00e0&#8230; minuit. \u00ab\u00a0Une fois le report du match annonc\u00e9, la sortie a \u00e9t\u00e9 assez bien organis\u00e9e\u00a0\u00bb, raconte-t-il. Pour lui, les ennuis ont commenc\u00e9 en rejoignant sa voiture, stationn\u00e9e devant Le comptoir des traiteurs. \u00ab\u00a0Il y avait de l\u2019eau<strong> jusqu\u2019en bas des vitres<\/strong>, pr\u00e9cise cet artisan. J\u2019ai enlev\u00e9 mes chaussures et mon pantalon pour m\u2019approcher et prendre des photos des d\u00e9g\u00e2ts, mais impossible de repartir avec. Certaines voitures avaient d\u00e9j\u00e0 \u00e9t\u00e9 emport\u00e9es, d\u2019autres t\u00e9lescop\u00e9es les unes contre les autres.\u00a0\u00bb<\/p>\n<p>S\u2019il en veut \u00e0 la pr\u00e9fecture ou aux dirigeants du stade Mayol? Lui est plus nuanc\u00e9. \u00ab\u00a0L\u2019orage aurait tr\u00e8s bien pu passer \u00e0 c\u00f4t\u00e9, ajoute-t-il. J\u2019aurais aussi pu me dire qu\u2019il \u00e9tait pr\u00e9f\u00e9rable de regarder le match \u00e0 la t\u00e9l\u00e9&#8230; Maintenant, il va falloir que j\u2019appelle mon assurance.\u00a0\u00bb<\/p>\n","protected":false},"excerpt":{"rendered":"\u00ab\u00a0En sortant du stade Mayol jusqu\u2019\u00e0 La Rode, on avait de l\u2019eau jusqu\u2019aux fesses.\u00a0\u00bb. Diane, supportrice du RCT,&hellip;\n","protected":false},"author":2,"featured_media":408782,"comment_status":"","ping_status":"","sticky":false,"template":"","format":"standard","meta":{"footnotes":""},"categories":[9],"tags":[1011,27,2487,60],"class_list":{"0":"post-408781","1":"post","2":"type-post","3":"status-publish","4":"format-standard","5":"has-post-thumbnail","7":"category-sports","8":"tag-fr","9":"tag-france","10":"tag-meteo","11":"tag-sports"},"share_on_mastodon":{"url":"https:\/\/pubeurope.com\/@fr\/115246368537649034","error":""},"_links":{"self":[{"href":"https:\/\/www.europesays.com\/fr\/wp-json\/wp\/v2\/posts\/408781","targetHints":{"allow":["GET"]}}],"collection":[{"href":"https:\/\/www.europesays.com\/fr\/wp-json\/wp\/v2\/posts"}],"about":[{"href":"https:\/\/www.europesays.com\/fr\/wp-json\/wp\/v2\/types\/post"}],"author":[{"embeddable":true,"href":"https:\/\/www.europesays.com\/fr\/wp-json\/wp\/v2\/users\/2"}],"replies":[{"embeddable":true,"href":"https:\/\/www.europesays.com\/fr\/wp-json\/wp\/v2\/comments?post=408781"}],"version-history":[{"count":0,"href":"https:\/\/www.europesays.com\/fr\/wp-json\/wp\/v2\/posts\/408781\/revisions"}],"wp:featuredmedia":[{"embeddable":true,"href":"https:\/\/www.europesays.com\/fr\/wp-json\/wp\/v2\/media\/408782"}],"wp:attachment":[{"href":"https:\/\/www.europesays.com\/fr\/wp-json\/wp\/v2\/media?parent=408781"}],"wp:term":[{"taxonomy":"category","embeddable":true,"href":"https:\/\/www.europesays.com\/fr\/wp-json\/wp\/v2\/categories?post=408781"},{"taxonomy":"post_tag","embeddable":true,"href":"https:\/\/www.europesays.com\/fr\/wp-json\/wp\/v2\/tags?post=408781"}],"curies":[{"name":"wp","href":"https:\/\/api.w.org\/{rel}","templated":true}]}}