{"id":408789,"date":"2025-09-22T05:49:09","date_gmt":"2025-09-22T05:49:09","guid":{"rendered":"https:\/\/www.europesays.com\/fr\/408789\/"},"modified":"2025-09-22T05:49:09","modified_gmt":"2025-09-22T05:49:09","slug":"trump-rassure-les-pays-de-lotan-frontaliers-de-la-russie","status":"publish","type":"post","link":"https:\/\/www.europesays.com\/fr\/408789\/","title":{"rendered":"Trump rassure les pays de l\u2019Otan frontaliers de la Russie\u2026"},"content":{"rendered":"<p>Le bilan de la frappe russe sur Zaporijjia passe \u00e0 trois morts<\/p>\n<p>Au moins trois personnes ont \u00e9t\u00e9 tu\u00e9es dans un bombardement a\u00e9rien russe sur la ville de Zaporijjia, dans le sud de l\u2019Ukraine, annoncent d\u00e9sormais les autorit\u00e9s.<\/p>\n<p>D\u2019autres attaques russes dans la nuit de dimanche \u00e0 lundi ont fait un bless\u00e9 \u00e0 Kiev, et un autre \u00e0 Soumy, selon des responsables locaux.<\/p>\n<p>Deux morts dans un bombardement russe \u00e0 Zaporijjia<\/p>\n<p>Au moins deux personnes ont \u00e9t\u00e9 tu\u00e9es dans un bombardement a\u00e9rien russe sur la ville de Zaporijjia, dans le sud de l\u2019Ukraine, annoncent ce lundi les autorit\u00e9s ukrainiennes. Ce bombardement a \u00e9galement fait deux bless\u00e9s, dont un se trouve dans un \u00e9tat grave, a \u00e9crit sur Telegram le chef de l\u2019administration r\u00e9gionale de Zaporijjia, Ivan Fedorov. D\u2019autres attaques russes dans la nuit de dimanche \u00e0 lundi ont fait un bless\u00e9 \u00e0 Kiev, et un autre \u00e0 Soumy, selon des responsables locaux.<\/p>\n<p>Du c\u00f4t\u00e9 russe, les autorit\u00e9s avaient auparavant fait \u00e9tat de trois morts et 16 bless\u00e9s dimanche soir en Crim\u00e9e dans une attaque de drones ukrainienne.<\/p>\n<p>Apr\u00e8s les incursions russes en Estonie, r\u00e9union d\u2019urgence au Conseil de s\u00e9curit\u00e9 de l\u2019ONU<\/p>\n<p>Le Conseil de s\u00e9curit\u00e9 de l\u2019ONU se r\u00e9unit ce lundi \u00e0 l\u2019appel de l\u2019Estonie \u00ab\u00a0en r\u00e9ponse \u00e0 la violation flagrante de l\u2019espace a\u00e9rien estonien par la Russie\u00a0\u00bb, selon le minist\u00e8re estonien des Affaires \u00e9trang\u00e8res.<\/p>\n<p>Vendredi, trois avions de combat russes sont entr\u00e9s dans l\u2019espace a\u00e9rien estonien et y sont rest\u00e9s pendant douze minutes, d\u00e9clenchant des protestations de l\u2019Otan et de l\u2019Union europ\u00e9enne contre une nouvelle \u00ab\u00a0provocation\u00a0\u00bb russe tandis que Moscou a d\u00e9menti toute violation.<\/p>\n<p>Trump rassure la Pologne et les pays baltes en cas d\u2019escalade russe<\/p>\n<p>Donald Trump a assur\u00e9 dimanche que les Etats-Unis participeraient \u00e0 la d\u00e9fense de la Pologne et des pays baltes si la Russie intensifiait son activit\u00e9 militaire dans la r\u00e9gion, deux jours apr\u00e8s l\u2019incursion d\u2019avions russes en Estonie.<\/p>\n<p>A la question d\u2019un journaliste lui demandant s\u2019il aiderait \u00e0 d\u00e9fendre ces quatre pays membres de l\u2019Otan si Moscou acc\u00e9l\u00e9rait encore ses actions dans la r\u00e9gion, le pr\u00e9sident am\u00e9ricain a r\u00e9pondu \u00ab\u00a0oui, je le ferais, je le ferais\u00a0\u00bb.<\/p>\n<p>Bienvenue dans ce nouveau Live<\/p>\n<p>Bonjour \u00e0 toutes et \u00e0 tous. Comme chaque jour, la r\u00e9daction de 20 Minutes est mobilis\u00e9e pour vous donner l\u2019ensemble des informations sur le conflit entre Kiev et Moscou.<\/p>\n<p>La fin de la guerre n&rsquo;est actuellement plus du tout \u00e0 l\u2019ordre du jour. Les relations parfois amicales entre Donald Trump et Vladimir Poutine semblent s\u2019\u00eatre d\u00e9t\u00e9rior\u00e9es, le pr\u00e9sident russe poursuivant son invasion de l\u2019Ukraine malgr\u00e9 les efforts de paix d\u00e9ploy\u00e9s par le dirigeant am\u00e9ricain. A l\u2019issue d\u2019une visite officielle au Royaume-Uni jeudi, le locataire de la Maison-Blanche a ainsi d\u00e9clar\u00e9 que le ma\u00eetre du Kremlin l\u2019avait \u00ab\u00a0vraiment laiss\u00e9 tomber\u00a0\u00bb en poursuivant la guerre, qui en est maintenant \u00e0 sa quatri\u00e8me ann\u00e9e.<\/p>\n","protected":false},"excerpt":{"rendered":"Le bilan de la frappe russe sur Zaporijjia passe \u00e0 trois morts Au moins trois personnes ont \u00e9t\u00e9&hellip;\n","protected":false},"author":2,"featured_media":408790,"comment_status":"","ping_status":"","sticky":false,"template":"","format":"standard","meta":{"footnotes":""},"categories":[5],"tags":[47,11,75,73,1011,27,131,14,74,12,136,132,133,135,134,28],"class_list":{"0":"post-408789","1":"post","2":"type-post","3":"status-publish","4":"format-standard","5":"has-post-thumbnail","7":"category-international","8":"tag-actualite","9":"tag-actualites","10":"tag-donald-trump","11":"tag-etats-unis","12":"tag-fr","13":"tag-france","14":"tag-guerre-en-ukraine","15":"tag-international","16":"tag-monde","17":"tag-news","18":"tag-otan","19":"tag-russie","20":"tag-video","21":"tag-vladimir-poutine","22":"tag-volodymyr-zelensky","23":"tag-world"},"share_on_mastodon":{"url":"https:\/\/pubeurope.com\/@fr\/115246384057155095","error":""},"_links":{"self":[{"href":"https:\/\/www.europesays.com\/fr\/wp-json\/wp\/v2\/posts\/408789","targetHints":{"allow":["GET"]}}],"collection":[{"href":"https:\/\/www.europesays.com\/fr\/wp-json\/wp\/v2\/posts"}],"about":[{"href":"https:\/\/www.europesays.com\/fr\/wp-json\/wp\/v2\/types\/post"}],"author":[{"embeddable":true,"href":"https:\/\/www.europesays.com\/fr\/wp-json\/wp\/v2\/users\/2"}],"replies":[{"embeddable":true,"href":"https:\/\/www.europesays.com\/fr\/wp-json\/wp\/v2\/comments?post=408789"}],"version-history":[{"count":0,"href":"https:\/\/www.europesays.com\/fr\/wp-json\/wp\/v2\/posts\/408789\/revisions"}],"wp:featuredmedia":[{"embeddable":true,"href":"https:\/\/www.europesays.com\/fr\/wp-json\/wp\/v2\/media\/408790"}],"wp:attachment":[{"href":"https:\/\/www.europesays.com\/fr\/wp-json\/wp\/v2\/media?parent=408789"}],"wp:term":[{"taxonomy":"category","embeddable":true,"href":"https:\/\/www.europesays.com\/fr\/wp-json\/wp\/v2\/categories?post=408789"},{"taxonomy":"post_tag","embeddable":true,"href":"https:\/\/www.europesays.com\/fr\/wp-json\/wp\/v2\/tags?post=408789"}],"curies":[{"name":"wp","href":"https:\/\/api.w.org\/{rel}","templated":true}]}}