{"id":408791,"date":"2025-09-22T05:50:17","date_gmt":"2025-09-22T05:50:17","guid":{"rendered":"https:\/\/www.europesays.com\/fr\/408791\/"},"modified":"2025-09-22T05:50:17","modified_gmt":"2025-09-22T05:50:17","slug":"les-infos-du-21-septembre-a-caen","status":"publish","type":"post","link":"https:\/\/www.europesays.com\/fr\/408791\/","title":{"rendered":"les infos du 21 septembre \u00e0 Caen"},"content":{"rendered":"<p>            Par<br \/>\n        <strong><br \/>\n            <a href=\"https:\/\/actu.fr\/auteur\/gregory-maucorps\" title=\"Consulter tous les articles de Gr\u00e9gory Maucorps\" target=\"_blank\" rel=\"noopener\">Gr\u00e9gory Maucorps<\/a><br \/>\n        <\/strong><\/p>\n<p>        Publi\u00e9 le<\/p>\n<p>            21 sept. 2025 \u00e0 19h27        <\/p>\n<p>Que s\u2019est-il pass\u00e9 ce dimanche 21 septembre 2025 \u00e0 <b>Caen<\/b> (Calvados) et dans l\u2019agglom\u00e9ration ? Retour sur<b> les 10 informations du jour <\/b>\u00e0 retenir.<\/p>\n<p class=\" wall-content\"><b>Grave accident \u00e0 Ouistreham sur la Normandy Beach Race : une voiture fait trois tonneaux, le site \u00e9vacu\u00e9<br \/><\/b>Un grave accident s\u2019est d\u00e9roul\u00e9 ce dimanche 21 septembre 2025 sur la Normandy Beach Race, \u00e0 Ouistreham, sur la C\u00f4te de Nacre (Calvados). <a href=\"https:\/\/actu.fr\/normandie\/ouistreham_14488\/grave-accident-a-ouistreham-sur-la-normandy-beach-race-une-voiture-fait-trois-tonneaux-le-site-evacue_63192781.html\" target=\"_blank\" rel=\"noopener\">L\u2019\u00e9v\u00e9nement est arr\u00eat\u00e9<\/a>, le site \u00e9vacu\u00e9.<\/p>\n<p class=\" wall-content\"><b>Il y a des trous dans votre gazon qui n\u2019est pas uniforme : la solution facile de Bertrand le Jardinier<br \/><\/b>C\u2019est une question que beaucoup se posent\u2009: comment avoir une pelouse parfaite ? Bertrand le jardinier du journal Libert\u00e9 \u00e0 Caen (Calvados), <a href=\"https:\/\/actu.fr\/normandie\/caen_14118\/il-y-a-des-trous-dans-votre-gazon-qui-nest-pas-uniforme-la-solution-facile-de-bertrand-le-jardinier_63154558.html\" target=\"_blank\" rel=\"noopener\">vous r\u00e9pond<\/a>.<\/p>\n<p class=\" wall-content\"><b>Le Cap Romain : 167 millions d\u2019ann\u00e9es d\u2019histoire sur la c\u00f4te de Nacre \u00e0 (re)d\u00e9couvrir<br \/><\/b>Class\u00e9 zone naturelle de France sur la c\u00f4te de Nacre (Calvados), le Cap Romain est un petit site (23 ha) mais <a href=\"https:\/\/actu.fr\/normandie\/saint-aubin-sur-mer_14562\/le-cap-romain-167-millions-dannees-dhistoire-sur-la-cote-de-nacre-a-redecouvrir_63174615.html\" target=\"_blank\" rel=\"noopener\">\u00e0 l\u2019histoire et \u00e0 l\u2019int\u00e9r\u00eat tr\u00e8s importants<\/a>.<\/p>\n<p class=\" wall-content\"><b>Lancement r\u00e9ussi pour le premier 10 km de la Foire de Caen : \u00ab\u00a0Tr\u00e8s agr\u00e9able, avec une super ambiance\u00a0\u00bb<\/b><br \/><a href=\"https:\/\/actu.fr\/normandie\/caen_14118\/lancement-reussi-pour-le-premier-10-km-de-la-foire-de-caen-tres-agreable-avec-une-super-ambiance_63192669.html\" target=\"_blank\" rel=\"noopener\">Le premier 10 km de la Foire de Caen<\/a> (Calvados) a eu lieu ce dimanche 21 septembre 2025, dans la matin\u00e9e. Pour le plus grand plaisir des participants.<\/p>\n<p class=\" wall-content\"><b>Deux hommes arr\u00eat\u00e9s \u00e0 Caen : ils tentaient d\u2019entrer dans la mairie de Caen lors d\u2019une manifestation<\/b><br \/>Arr\u00eat\u00e9s alors qu\u2019ils s\u2019appr\u00eataient \u00e0 <a href=\"https:\/\/actu.fr\/normandie\/caen_14118\/deux-hommes-arretes-a-caen-ils-tentaient-dentrer-dans-la-mairie-de-caen-lors-dune-manifestation_63174377.html\" target=\"_blank\" rel=\"noopener\">p\u00e9n\u00e9trer dans la mairie de Caen<\/a> (Calvados) \u00e0 l\u2019occasion d\u2019une manifestation, deux jeunes hommes ont \u00e9t\u00e9 jug\u00e9s, mardi 16 septembre 2025.\u00a0<\/p>\n<p>Vid\u00e9os : en ce moment sur Actu<\/p>\n<p class=\" wall-content\"><b>Pourquoi la mairie de Courseulles-sur-Mer vend une maison au centre Juno Beach\u00a0?<br \/><\/b>La municipalit\u00e9 de Courseulles-sur-Mer (Calvados) a vot\u00e9, vendredi 12 septembre 2025, deux d\u00e9lib\u00e9rations dans le cadre de l\u2019<a href=\"https:\/\/actu.fr\/normandie\/courseulles-sur-mer_14191\/pourquoi-la-mairie-de-courseulles-sur-mer-vend-une-maison-au-centre-juno-beach_63173390.html\" target=\"_blank\" rel=\"noopener\">agrandissement et du r\u00e9am\u00e9nagement du centre Juno Beach<\/a>.<\/p>\n<p class=\" wall-content\"><b>EN IMAGES. Le Mill\u00e9naire et la grande parade au c\u0153ur de l\u2019exposition phare de la Foire de Caen<br \/><\/b>L\u2019exposition phare de la Foire de Caen 2025 met en avant la grande parade du Mill\u00e9naire, qui a eu lieu en mai dernier, et ses coulisses. <a href=\"https:\/\/actu.fr\/normandie\/caen_14118\/en-images-le-millenaire-et-la-grande-parade-au-coeur-de-lexposition-phare-de-la-foire-de-caen_63193339.html\" target=\"_blank\" rel=\"noopener\">D\u00e9couverte<\/a>.<\/p>\n<p>Votre r\u00e9gion, votre actu !<\/p>\n<p>Recevez chaque jour les infos qui comptent pour vous.<\/p>\n<p>\t<a href=\"https:\/\/actu.fr\/newsletter\" class=\"ac-btn ac-btn--corner ac-btn--medium ac-btn--blue800\" target=\"_blank\" rel=\"noopener\">S&rsquo;incrire<\/a><\/p>\n<p class=\" wall-content\"><b>Nouvelle \u00e9dition du Palma \u00e0 Caen, le festival qui multiplie les \u0153uvres de street art sur le territoire<br \/><\/b>Le Palma Festival revient pour une 9\u1d49 \u00e9dition, du 24 au 28 septembre 2025, \u00e0 Caen (Calvados) et dans les environs. Concerts, balades, ateliers\u2026 <a href=\"https:\/\/actu.fr\/normandie\/caen_14118\/nouvelle-edition-du-palma-a-caen-le-festival-qui-multiplie-les-oeuvres-de-street-art-sur-le-territoire_63172677.html\" target=\"_blank\" rel=\"noopener\">Demandez le programme<\/a> !<\/p>\n<p class=\" wall-content\"><b>SM Caen. Encore d\u00e9cisif face \u00e0 Valenciennes, Anthony Mandrea est un pilier du d\u00e9but de saison de Malherbe<\/b><br \/>Malgr\u00e9 le troisi\u00e8me match nul cons\u00e9cutif conc\u00e9d\u00e9 vendredi 19 septembre 2025 contre Valenciennes (0-0), le SM Caen peut se f\u00e9liciter d\u2019\u00eatre <a href=\"https:\/\/actu.fr\/normandie\/caen_14118\/sm-caen-encore-decisif-face-a-valenciennes-anthony-mandrea-est-un-pilier-du-debut-de-saison-de-malherbe_63191817.html\" target=\"_blank\" rel=\"noopener\">une \u00e9quipe qui encaisse peu de but<\/a>.<\/p>\n<p class=\" wall-content\"><b>EN IMAGES. La r\u00e9serve de QRM g\u00e2che la f\u00eate du SC H\u00e9rouville<\/b><br \/>De retour en R1 sur sa pelouse, le SC H\u00e9rouville recevait la r\u00e9serve de QRM dimanche 21 septembre 2025. Malgr\u00e9 le soutien du public, <a href=\"https:\/\/actu.fr\/normandie\/herouville-saint-clair_14327\/en-images-la-reserve-de-qrm-gache-la-fete-du-sc-herouville_63193385.html\" target=\"_blank\" rel=\"noopener\">le SCH n\u2019a pu r\u00e9sister \u00e0 son adversaire<\/a> (3-6).<\/p>\n<p class=\" wall-content\">Personnalisez votre actualit\u00e9 en ajoutant vos villes et m\u00e9dias en favori avec <a href=\"https:\/\/moncompte.actu.fr\" title=\"D\u00e9couvez Mon Actu\" rel=\"nofollow noopener\" data-trk=\"{&quot;cta&quot;:{&quot;action&quot;:&quot;https:\\\/\\\/moncompte.actu.fr&quot;,&quot;category&quot;:&quot;mon compte&quot;,&quot;from&quot;:&quot;article footer&quot;,&quot;name&quot;:&quot;Mon actu&quot;,&quot;type&quot;:&quot;cta&quot;}}\" target=\"_blank\">Mon Actu<\/a>.<\/p>\n","protected":false},"excerpt":{"rendered":"Par Gr\u00e9gory Maucorps Publi\u00e9 le 21 sept. 2025 \u00e0 19h27 Que s\u2019est-il pass\u00e9 ce dimanche 21 septembre 2025&hellip;\n","protected":false},"author":2,"featured_media":408792,"comment_status":"","ping_status":"","sticky":false,"template":"","format":"standard","meta":{"footnotes":""},"categories":[4],"tags":[11,5492,1011,27,12,25,104],"class_list":{"0":"post-408791","1":"post","2":"type-post","3":"status-publish","4":"format-standard","5":"has-post-thumbnail","7":"category-france","8":"tag-actualites","9":"tag-caen","10":"tag-fr","11":"tag-france","12":"tag-news","13":"tag-republique-francaise","14":"tag-societe"},"share_on_mastodon":{"url":"https:\/\/pubeurope.com\/@fr\/115246387931736899","error":""},"_links":{"self":[{"href":"https:\/\/www.europesays.com\/fr\/wp-json\/wp\/v2\/posts\/408791","targetHints":{"allow":["GET"]}}],"collection":[{"href":"https:\/\/www.europesays.com\/fr\/wp-json\/wp\/v2\/posts"}],"about":[{"href":"https:\/\/www.europesays.com\/fr\/wp-json\/wp\/v2\/types\/post"}],"author":[{"embeddable":true,"href":"https:\/\/www.europesays.com\/fr\/wp-json\/wp\/v2\/users\/2"}],"replies":[{"embeddable":true,"href":"https:\/\/www.europesays.com\/fr\/wp-json\/wp\/v2\/comments?post=408791"}],"version-history":[{"count":0,"href":"https:\/\/www.europesays.com\/fr\/wp-json\/wp\/v2\/posts\/408791\/revisions"}],"wp:featuredmedia":[{"embeddable":true,"href":"https:\/\/www.europesays.com\/fr\/wp-json\/wp\/v2\/media\/408792"}],"wp:attachment":[{"href":"https:\/\/www.europesays.com\/fr\/wp-json\/wp\/v2\/media?parent=408791"}],"wp:term":[{"taxonomy":"category","embeddable":true,"href":"https:\/\/www.europesays.com\/fr\/wp-json\/wp\/v2\/categories?post=408791"},{"taxonomy":"post_tag","embeddable":true,"href":"https:\/\/www.europesays.com\/fr\/wp-json\/wp\/v2\/tags?post=408791"}],"curies":[{"name":"wp","href":"https:\/\/api.w.org\/{rel}","templated":true}]}}