{"id":408795,"date":"2025-09-22T05:52:17","date_gmt":"2025-09-22T05:52:17","guid":{"rendered":"https:\/\/www.europesays.com\/fr\/408795\/"},"modified":"2025-09-22T05:52:17","modified_gmt":"2025-09-22T05:52:17","slug":"debut-du-proces-a-lyon-du-maire-de-saint-etienne-gael-perdriau","status":"publish","type":"post","link":"https:\/\/www.europesays.com\/fr\/408795\/","title":{"rendered":"d\u00e9but du proc\u00e8s \u00e0 Lyon du maire de Saint-Etienne Ga\u00ebl Perdriau"},"content":{"rendered":"<p itemprop=\"description\"><strong>C&rsquo;est l&rsquo;un des scandales politiques de la d\u00e9cennie, qui n&rsquo;a pas eu le retentissement national qu&rsquo;il aurait m\u00e9rit\u00e9.<\/strong><\/p>\n<p>Trois ans apr\u00e8s les r\u00e9v\u00e9lations sur l&rsquo;affaire du chantage \u00e0 la sextape, le proc\u00e8s s&rsquo;ouvre ce lundi \u00e0 Lyon.<\/p>\n<p>Le tribunal correctionnel s&rsquo;appr\u00eate \u00e0 accueillir plusieurs pr\u00e9venus soup\u00e7onn\u00e9s d&rsquo;avoir musel\u00e9 les ambitions politiques du 1er adjoint au maire de Saint-Etienne, Gilles Artigues, en le faisant chanter avec une vid\u00e9o de lui dans laquelle il se fait masser par un homme.<\/p>\n<p>Le principal protagoniste, qui nie toute implication et qui a refus\u00e9 de d\u00e9missionner malgr\u00e9 la temp\u00eate locale, c&rsquo;est le maire st\u00e9phanois en personne. Ga\u00ebl Perdriau compara\u00eetra \u00e0 Lyon aux c\u00f4t\u00e9s de son ancien directeur de cabinet Pierre Gauttieri, de son ex-adjoint Samy K\u00e9fi-J\u00e9r\u00f4me et du compagnon de ce dernier, Gilles Rossary-Lenglet.<\/p>\n<p>Ga\u00ebl Perdriau est poursuivi pour des faits d&rsquo;association de malfaiteurs, de chantage, de soustraction et de d\u00e9tournement de fonds publics.<\/p>\n<p>Les d\u00e9bats vont durer toute la semaine, jusqu&rsquo;\u00e0 vendredi. Et toute l&rsquo;histoire d\u00e9j\u00e0 largement comment\u00e9e et r\u00e9v\u00e9l\u00e9e par la presse va \u00eatre resservie.<\/p>\n<p>Gilles Artigues a-t-il \u00e9t\u00e9 pi\u00e9g\u00e9 par tous les pr\u00e9venus, qui ont organis\u00e9 le guet-apens et le tournage de la sextape ? Ou bien Ga\u00ebl Perdriau a b\u00e9n\u00e9fici\u00e9 du travail de collaborateurs trop z\u00e9l\u00e9s ?<\/p>\n<p>Au-del\u00e0 de l&rsquo;affaire judiciaire, le proc\u00e8s conditionnera l&rsquo;avenir politique de Ga\u00ebl Perdriau. Elu en 2014, il n&rsquo;a pas souhait\u00e9 annoncer s&rsquo;il repartirait pour un troisi\u00e8me mandat l&rsquo;an prochain. L&rsquo;\u00e9dile st\u00e9phanois attendrait de conna\u00eetre son jugement avant d&rsquo;\u00e9ventuellement partir en campagne.<br \/>Gilles Artigues lui, a d\u00e9j\u00e0 fait le deuil de sa carri\u00e8re politique.<\/p>\n","protected":false},"excerpt":{"rendered":"C&rsquo;est l&rsquo;un des scandales politiques de la d\u00e9cennie, qui n&rsquo;a pas eu le retentissement national qu&rsquo;il aurait m\u00e9rit\u00e9.&hellip;\n","protected":false},"author":2,"featured_media":408796,"comment_status":"","ping_status":"","sticky":false,"template":"","format":"standard","meta":{"footnotes":""},"categories":[9653],"tags":[1111,11,2813,2190,2430,1109,251,1112,2811,1777,674,118,1011,27,1922,1110,1114,2428,2810,12,241,316,25,4001,2812,517,800],"class_list":{"0":"post-408795","1":"post","2":"type-post","3":"status-publish","4":"format-standard","5":"has-post-thumbnail","7":"category-saint-etienne","8":"tag-actu","9":"tag-actualites","10":"tag-article","11":"tag-asvel","12":"tag-auvergne-rhone-alpes","13":"tag-breves","14":"tag-culture","15":"tag-depeches","16":"tag-economique","17":"tag-eu","18":"tag-europe","19":"tag-faits-divers","20":"tag-fr","21":"tag-france","22":"tag-info","23":"tag-informations","24":"tag-infos","25":"tag-lyon","26":"tag-lyonmag","27":"tag-news","28":"tag-ol","29":"tag-politique","30":"tag-republique-francaise","31":"tag-saint-etienne","32":"tag-sociale","33":"tag-sport","34":"tag-transports"},"share_on_mastodon":{"url":"https:\/\/pubeurope.com\/@fr\/115246395805056114","error":""},"_links":{"self":[{"href":"https:\/\/www.europesays.com\/fr\/wp-json\/wp\/v2\/posts\/408795","targetHints":{"allow":["GET"]}}],"collection":[{"href":"https:\/\/www.europesays.com\/fr\/wp-json\/wp\/v2\/posts"}],"about":[{"href":"https:\/\/www.europesays.com\/fr\/wp-json\/wp\/v2\/types\/post"}],"author":[{"embeddable":true,"href":"https:\/\/www.europesays.com\/fr\/wp-json\/wp\/v2\/users\/2"}],"replies":[{"embeddable":true,"href":"https:\/\/www.europesays.com\/fr\/wp-json\/wp\/v2\/comments?post=408795"}],"version-history":[{"count":0,"href":"https:\/\/www.europesays.com\/fr\/wp-json\/wp\/v2\/posts\/408795\/revisions"}],"wp:featuredmedia":[{"embeddable":true,"href":"https:\/\/www.europesays.com\/fr\/wp-json\/wp\/v2\/media\/408796"}],"wp:attachment":[{"href":"https:\/\/www.europesays.com\/fr\/wp-json\/wp\/v2\/media?parent=408795"}],"wp:term":[{"taxonomy":"category","embeddable":true,"href":"https:\/\/www.europesays.com\/fr\/wp-json\/wp\/v2\/categories?post=408795"},{"taxonomy":"post_tag","embeddable":true,"href":"https:\/\/www.europesays.com\/fr\/wp-json\/wp\/v2\/tags?post=408795"}],"curies":[{"name":"wp","href":"https:\/\/api.w.org\/{rel}","templated":true}]}}