{"id":408801,"date":"2025-09-22T05:56:10","date_gmt":"2025-09-22T05:56:10","guid":{"rendered":"https:\/\/www.europesays.com\/fr\/408801\/"},"modified":"2025-09-22T05:56:10","modified_gmt":"2025-09-22T05:56:10","slug":"le-match-toulon-la-rochelle-reporte-en-raison-des-pluies-torrentielles-dans-le-var-2","status":"publish","type":"post","link":"https:\/\/www.europesays.com\/fr\/408801\/","title":{"rendered":"le match Toulon-La Rochelle report\u00e9 en raison des pluies torrentielles dans le Var"},"content":{"rendered":"<p class=\"mb-4 text-lg md:leading-8 break-words\">C&rsquo;est officiel, le match de Top 14 entre Toulon et La Rochelle est report\u00e9, \u00e0 l&rsquo;instar de la rencontre de football entre Marseille et le Paris Saint-Germain. Pourtant, ce dimanche apr\u00e8s-midi, <a href=\"https:\/\/x.com\/CanalplusRugby\/status\/1969764949753843798\" rel=\"nofollow noopener\" target=\"_blank\" data-ylk=\"slk:la partie avait \u00e9t\u00e9 maintenue;elm:context_link;itc:0;sec:content-canvas\" class=\"link \">la partie avait \u00e9t\u00e9 maintenue<\/a>. Le d\u00e9partement du Var \u00e9tait malgr\u00e9 tout en vigilance orange.<\/p>\n<p>Un report \u00e0 quelques minutes du coup d&rsquo;envoi<\/p>\n<p class=\"mb-4 text-lg md:leading-8 break-words\"><a href=\"https:\/\/fr.news.yahoo.com\/sport\/report-classique-om-psg-s%C3%A9curit%C3%A9-193048774.html\" data-ylk=\"slk:Contrairement au report de Marseille-PSG;elm:context_link;itc:0;sec:content-canvas;outcm:mb_qualified_link;_E:mb_qualified_link;ct:story;\" class=\"link  yahoo-link\" target=\"_blank\" rel=\"noopener\">Contrairement au report de Marseille-PSG<\/a> qui s&rsquo;est d\u00e9cid\u00e9 en d\u00e9but d&rsquo;apr\u00e8s-midi, il a fallu attendre la derni\u00e8re minute pour voir le match entre Toulon et La Rochelle \u00eatre report\u00e9. Alors que les joueurs \u00e9taient dans les vestiaires, un v\u00e9ritable d\u00e9luge s&rsquo;est abattu sur le stade Mayol de Toulon. Initialement, <a href=\"https:\/\/x.com\/CanalplusRugby\/status\/1969841747850104968\" rel=\"nofollow noopener\" target=\"_blank\" data-ylk=\"slk:la volont\u00e9 de l&#039;arbitre;elm:context_link;itc:0;sec:content-canvas\" class=\"link \">la volont\u00e9 de l&rsquo;arbitre<\/a>, J\u00e9r\u00e9my Rozier, \u00e9tait de repousser le match de 15 minutes : \u00ab\u00a0Pour l&rsquo;instant, les conditions ne sont pas r\u00e9unies. On est sous l&rsquo;orage, il y a du tonnerre. Il faut qu&rsquo;on refasse un point quand l&rsquo;\u00e9pisode orageux sera pass\u00e9. D&rsquo;apr\u00e8s les pr\u00e9visions m\u00e9t\u00e9orologiques, ce sera dans un quart d&rsquo;heure. On refera un point sur la tenue de la rencontre ou pas.\u00a0\u00bb<\/p>\n<p class=\"mb-4 text-lg md:leading-8 break-words\">Mais l&rsquo;\u00e9tat tr\u00e8s critique du terrain et la m\u00e9t\u00e9o ne s&rsquo;arrangeant pas, la d\u00e9cision de reporter ce match a \u00e9t\u00e9 prise. <a href=\"https:\/\/x.com\/kevinfloury\/status\/1969849491768713481\" rel=\"nofollow noopener\" target=\"_blank\" data-ylk=\"slk:Des quantit\u00e9s tr\u00e8s importantes d&#039;eau se sont infiltr\u00e9es dans le stade, que ce soit dans les tribunes ou m\u00eame dans le couloir qui m\u00e8ne aux vestiaires;elm:context_link;itc:0;sec:content-canvas\" class=\"link \">Des quantit\u00e9s tr\u00e8s importantes d&rsquo;eau se sont infiltr\u00e9es dans le stade, que ce soit dans les tribunes ou m\u00eame dans le couloir qui m\u00e8ne aux vestiaires<\/a>. Le report du match a \u00e9t\u00e9 officialis\u00e9 par J\u00e9r\u00e9my Rozier <a href=\"https:\/\/x.com\/CanalplusRugby\/status\/1969846947075768623\" rel=\"nofollow noopener\" target=\"_blank\" data-ylk=\"slk:au micro de Canal+;elm:context_link;itc:0;sec:content-canvas\" class=\"link \">au micro de Canal+<\/a> : \u00ab\u00a0Vous voyez l&rsquo;\u00e9tat des vestiaires, il y a une inondation ici, c&rsquo;est la m\u00eame chose sur le terrain. Les conditions de s\u00e9curit\u00e9 ne sont pas r\u00e9unies. J&rsquo;ai d\u00fb reporter le match \u00e0 une autre date car \u00e7a ne se jouera pas aujourd&rsquo;hui pour des raisons \u00e9videntes de s\u00e9curit\u00e9.\u00a0\u00bb<\/p>\n<p>Le match d\u00e9cal\u00e9 au mois de novembre ?<\/p>\n<p class=\"mb-4 text-lg md:leading-8 break-words\">A contrario du football, il est beaucoup plus compliqu\u00e9 de trouver une nouvelle date pour un match de rugby dans le calendrier. Malgr\u00e9 tout, un cr\u00e9neau devrait se d\u00e9bloquer courant du mois de novembre selon Canal+.<\/p>\n<p class=\"mb-4 text-lg md:leading-8 break-words\">Une fois que le report du match a \u00e9t\u00e9 act\u00e9, l&rsquo;ensemble des joueurs du RCT, emmen\u00e9s par <a href=\"https:\/\/rmcsport.bfmtv.com\/replay-emissions\/les-grandes-gueules-du-sport\/le-bras-de-fer-des-gg-melvyn-jaminet-merite-t-il-une-seconde-chance-en-bleu-21-06_EN-202506210144.html\" rel=\"nofollow noopener\" target=\"_blank\" data-ylk=\"slk:Melvyn Jaminet;elm:context_link;itc:0;sec:content-canvas\" class=\"link \">Melvyn Jaminet<\/a>, sont venus saluer les supporters pr\u00e9sents au stade Mayol sous une pluie d&rsquo;une intensit\u00e9 rare.<\/p>\n<p class=\"mb-4 text-lg md:leading-8 break-words\"><a href=\"https:\/\/rmcsport.bfmtv.com\/rugby\/top-14\/il-y-a-une-inondation-dans-les-vestiaires-le-match-toulon-la-rochelle-reporte-en-raison-des-pluies-torrentielles-dans-le-var_AN-202509210356.html#xtor=AL-68\" rel=\"nofollow noopener\" target=\"_blank\" data-ylk=\"slk:Article original publi\u00e9 sur RMC Sport;elm:context_link;itc:0;sec:content-canvas\" class=\"link \">Article original publi\u00e9 sur RMC Sport<\/a><\/p>\n","protected":false},"excerpt":{"rendered":"C&rsquo;est officiel, le match de Top 14 entre Toulon et La Rochelle est report\u00e9, \u00e0 l&rsquo;instar de la&hellip;\n","protected":false},"author":2,"featured_media":408802,"comment_status":"","ping_status":"","sticky":false,"template":"","format":"standard","meta":{"footnotes":""},"categories":[9619],"tags":[1111,11,27416,54038,1777,674,1011,27,54039,2217,955,12,882,25,2310],"class_list":{"0":"post-408801","1":"post","2":"type-post","3":"status-publish","4":"format-standard","5":"has-post-thumbnail","7":"category-toulon","8":"tag-actu","9":"tag-actualites","10":"tag-departement-du-var","11":"tag-dimanche-apres-midi","12":"tag-eu","13":"tag-europe","14":"tag-fr","15":"tag-france","16":"tag-jeremy-rozier","17":"tag-la-rochelle","18":"tag-match","19":"tag-news","20":"tag-provence-alpes-cote-dazur","21":"tag-republique-francaise","22":"tag-toulon"},"share_on_mastodon":{"url":"https:\/\/pubeurope.com\/@fr\/115246411688233783","error":""},"_links":{"self":[{"href":"https:\/\/www.europesays.com\/fr\/wp-json\/wp\/v2\/posts\/408801","targetHints":{"allow":["GET"]}}],"collection":[{"href":"https:\/\/www.europesays.com\/fr\/wp-json\/wp\/v2\/posts"}],"about":[{"href":"https:\/\/www.europesays.com\/fr\/wp-json\/wp\/v2\/types\/post"}],"author":[{"embeddable":true,"href":"https:\/\/www.europesays.com\/fr\/wp-json\/wp\/v2\/users\/2"}],"replies":[{"embeddable":true,"href":"https:\/\/www.europesays.com\/fr\/wp-json\/wp\/v2\/comments?post=408801"}],"version-history":[{"count":0,"href":"https:\/\/www.europesays.com\/fr\/wp-json\/wp\/v2\/posts\/408801\/revisions"}],"wp:featuredmedia":[{"embeddable":true,"href":"https:\/\/www.europesays.com\/fr\/wp-json\/wp\/v2\/media\/408802"}],"wp:attachment":[{"href":"https:\/\/www.europesays.com\/fr\/wp-json\/wp\/v2\/media?parent=408801"}],"wp:term":[{"taxonomy":"category","embeddable":true,"href":"https:\/\/www.europesays.com\/fr\/wp-json\/wp\/v2\/categories?post=408801"},{"taxonomy":"post_tag","embeddable":true,"href":"https:\/\/www.europesays.com\/fr\/wp-json\/wp\/v2\/tags?post=408801"}],"curies":[{"name":"wp","href":"https:\/\/api.w.org\/{rel}","templated":true}]}}