{"id":40881,"date":"2025-04-21T07:00:27","date_gmt":"2025-04-21T07:00:27","guid":{"rendered":"https:\/\/www.europesays.com\/fr\/40881\/"},"modified":"2025-04-21T07:00:27","modified_gmt":"2025-04-21T07:00:27","slug":"les-internautes-de-tele-loisirs-deterrent-cette-serie-magnifique-oubliee-de-tous","status":"publish","type":"post","link":"https:\/\/www.europesays.com\/fr\/40881\/","title":{"rendered":"Les internautes de T\u00e9l\u00e9-Loisirs d\u00e9terrent cette s\u00e9rie \u00ab\u00a0magnifique\u00a0\u00bb oubli\u00e9e de tous"},"content":{"rendered":"<p>Si vous aimez l&rsquo;horreur et le surnaturel, vous ne serez pas d\u00e9\u00e7us par cette s\u00e9rie italienne largement appr\u00e9ci\u00e9e par les internautes de T\u00e9l\u00e9-Loisirs qui ne s&rsquo;en lassent pas malgr\u00e9 les ann\u00e9es qui ont pass\u00e9 depuis sa sortie.<\/p>\n<p>Le 10 juin 2020, <a href=\"https:\/\/www.programme-tv.net\/guide-netflix\/\" target=\"_blank\" rel=\"noopener\"><b>Netflix <\/b><\/a>ajoutait une s\u00e9rie italienne \u00e0 son catalogue d\u00e9j\u00e0 bien fourni : <b>Curon<\/b>. Port\u00e9e par Valeria Bilello, vue aussi dans Security et Sense8, la fiction d&rsquo;horreur tourne autour d&rsquo;Anna Raina, une jeune maman qui retourne dans son village natal avec ses jumeaux, Mauro (Federico Russo, <a href=\"https:\/\/www.programme-tv.net\/news\/series-tv\/365215-adorazione-disparition-secrets-roman-a-succes-cest-quoi-cette-nouvelle-serie-a-suspense-sur-netflix\/\" data-api-deeplink=\"teleloisirs:\/\/news\/365215\" target=\"_blank\" rel=\"noopener\">connu aussi pour son r\u00f4le dans Adorazione<\/a>) et Daria (Margherita Morchio), pour la premi\u00e8re fois depuis dix-sept ans. Lorsqu&rsquo;elle dispara\u00eet, ses enfants vont tenter de percer les secrets de la ville qui ont d\u00e9clench\u00e9 une mal\u00e9diction et se retrouver face \u00e0 une partie de leur famille qu&rsquo;ils n&rsquo;ont jamais vue auparavant.<\/p>\n<p><b>Curon <\/b><b>: une s\u00e9rie italienne toujours aussi appr\u00e9ci\u00e9e des internautes de <\/b><b>T\u00e9l\u00e9-Loisirs <\/b><b>des ann\u00e9es apr\u00e8s sa sortie<\/b><\/p>\n<p>Malgr\u00e9 les nombreuses ann\u00e9es qui ont pass\u00e9 depuis la mise en ligne de Curon sur Netflix, les internautes de T\u00e9l\u00e9-Loisirs appr\u00e9cient toujours autant cette s\u00e9rie qui n&rsquo;a jamais connu de suite, \u00e0 leur grand d\u00e9sespoir. \u00ab\u00a0Vu en une journ\u00e9e. Une s\u00e9rie juste magnifique, g\u00e9niale !!!\u00a0\u00bb, a \u00e9crit un t\u00e9l\u00e9spectateur. \u00ab\u00a0Belle s\u00e9rie, \u00e0 voir\u00a0\u00bb, a recommand\u00e9 un internaute, tandis qu&rsquo;un autre a comment\u00e9 : \u00ab\u00a0G\u00e9nial jusqu&rsquo;\u00e0 la fin\u00a0\u00bb. Si la majorit\u00e9 des spectateurs a accroch\u00e9 \u00e0 la production italienne, ils ont \u00e9t\u00e9 d\u00e9\u00e7us de ne jamais avoir eu de nouvelles concernant une possible saison 2.  \u00ab\u00a0Vue il y a longtemps, mais il n&rsquo;y a jamais eu de suite\u00a0\u00bb, \u00ab\u00a0J&rsquo;ai ador\u00e9, mais il n&rsquo;y a pas eu de suite\u00a0\u00bb, \u00ab\u00a0\u00c7a fait une \u00e9ternit\u00e9 qu&rsquo;on attend la suite&#8230;\u00a0\u00bb, peut-on aussi lire parmi les nombreux commentaires sur le compte Netflix France.<\/p>\n<p>                        <b>Curon <\/b><b>: la s\u00e9rie italienne n&rsquo;a jamais connu de suite sur Netflix<\/b><\/p>\n<p>\u00c0 sa sortie, Curon a re\u00e7u de bonnes critiques. Pour un journaliste du site Decider, la s\u00e9rie italienne a \u00ab\u00a0ses probl\u00e8mes, mais les deux adolescents et leur dynamique diam\u00e9tralement oppos\u00e9e sont suffisamment convaincants pour que nous continuions \u00e0 regarder\u00a0\u00bb. Un journaliste du site Times of India a de son c\u00f4t\u00e9 d\u00e9clar\u00e9 que \u00ab\u00a0la s\u00e9rie \u00e9tablit son contexte tr\u00e8s clairement d\u00e8s le d\u00e9but et vous captive lorsque les jumeaux de 17 ans, Daria et Mauro, d\u00e9butent leur vie \u00e0 Curon\u00a0\u00bb. Et d&rsquo;ajouter : \u00ab\u00a0La s\u00e9rie explore simultan\u00e9ment les relations entre les jeunes, qui se font de nouveaux amis et ennemis, et entre les adultes, qui partagent un pass\u00e9 myst\u00e9rieux. Les cr\u00e9ateurs int\u00e8grent parfaitement ce concept au r\u00e9cit plein de suspense de la s\u00e9rie, centr\u00e9 sur la mal\u00e9diction de Curon\u00a0\u00bb. Malgr\u00e9 des critiques \u00e9logieuses, Curon n&rsquo;a jamais connu de suite et s&rsquo;est donc achev\u00e9e au terme de sa premi\u00e8re saison.<\/p>\n<p>Article \u00e9crit en collaboration avec 6M\u00e9dias<\/p>\n","protected":false},"excerpt":{"rendered":"Si vous aimez l&rsquo;horreur et le surnaturel, vous ne serez pas d\u00e9\u00e7us par cette s\u00e9rie italienne largement appr\u00e9ci\u00e9e&hellip;\n","protected":false},"author":2,"featured_media":40882,"comment_status":"","ping_status":"","sticky":false,"template":"","format":"standard","meta":{"footnotes":""},"categories":[1356],"tags":[244,58,59,1011,27,127,1722,12531,1721,129,252,1364],"class_list":{"0":"post-40881","1":"post","2":"type-post","3":"status-publish","4":"format-standard","5":"has-post-thumbnail","7":"category-television","8":"tag-commentaire","9":"tag-divertissement","10":"tag-entertainment","11":"tag-fr","12":"tag-france","13":"tag-netflix","14":"tag-pub-streaming-netflix","15":"tag-self-made-dapru00e8s-la-vie-de-madam-c-j-walker","16":"tag-su00e9rie-netflix","17":"tag-svod","18":"tag-television","19":"tag-tv"},"share_on_mastodon":{"url":"https:\/\/pubeurope.com\/@fr\/114374667495683038","error":""},"_links":{"self":[{"href":"https:\/\/www.europesays.com\/fr\/wp-json\/wp\/v2\/posts\/40881","targetHints":{"allow":["GET"]}}],"collection":[{"href":"https:\/\/www.europesays.com\/fr\/wp-json\/wp\/v2\/posts"}],"about":[{"href":"https:\/\/www.europesays.com\/fr\/wp-json\/wp\/v2\/types\/post"}],"author":[{"embeddable":true,"href":"https:\/\/www.europesays.com\/fr\/wp-json\/wp\/v2\/users\/2"}],"replies":[{"embeddable":true,"href":"https:\/\/www.europesays.com\/fr\/wp-json\/wp\/v2\/comments?post=40881"}],"version-history":[{"count":0,"href":"https:\/\/www.europesays.com\/fr\/wp-json\/wp\/v2\/posts\/40881\/revisions"}],"wp:featuredmedia":[{"embeddable":true,"href":"https:\/\/www.europesays.com\/fr\/wp-json\/wp\/v2\/media\/40882"}],"wp:attachment":[{"href":"https:\/\/www.europesays.com\/fr\/wp-json\/wp\/v2\/media?parent=40881"}],"wp:term":[{"taxonomy":"category","embeddable":true,"href":"https:\/\/www.europesays.com\/fr\/wp-json\/wp\/v2\/categories?post=40881"},{"taxonomy":"post_tag","embeddable":true,"href":"https:\/\/www.europesays.com\/fr\/wp-json\/wp\/v2\/tags?post=40881"}],"curies":[{"name":"wp","href":"https:\/\/api.w.org\/{rel}","templated":true}]}}