{"id":408810,"date":"2025-09-22T06:02:11","date_gmt":"2025-09-22T06:02:11","guid":{"rendered":"https:\/\/www.europesays.com\/fr\/408810\/"},"modified":"2025-09-22T06:02:11","modified_gmt":"2025-09-22T06:02:11","slug":"le-pont-doxford-rouvre-a-la-circulation-le-chantier-pas-tout-a-fait-termine","status":"publish","type":"post","link":"https:\/\/www.europesays.com\/fr\/408810\/","title":{"rendered":"le pont d&rsquo;Oxford rouvre \u00e0 la circulation, le chantier pas tout \u00e0 fait termin\u00e9"},"content":{"rendered":"<p>\t\t\t\t\t\t\t\t\t\t\t<img loading=\"lazy\" decoding=\"async\" width=\"1280\" title=\"Grenoble : le pont d'Oxford rouvre \u00e0 la circulation, le chantier pas tout \u00e0 fait termin\u00e9\" class=\"img-fluid  mb-3\" src=\"https:\/\/grandgrenoble.alpes1.com\/media\/news\/grenoble-le-pont-d-oxford-rouvre-a-la-circulation-le-chantier-pas-tout-a-fait-termine_68d0e5c232789.webp\" alt=\"Grenoble : le pont d'Oxford rouvre \u00e0 la circulation, le chantier pas tout \u00e0 fait termin\u00e9\" itemprop=\"image\" height=\"720\"\/>\t\t\t\t\t\t\t\t\t\t\t\t<\/p>\n<p>DR Clara Goubault Grenoble Alpes Metropole<\/p>\n<p itemprop=\"description\"><strong>Pour des milliers d&rsquo;automobilistes, c&rsquo;est la d\u00e9livrance.<\/strong><\/p>\n<p>Ce lundi, le pont d&rsquo;Oxford entre Grenoble et Saint-Martin-le-Vinoux rouvre \u00e0 la circulation. Cela faisait quatre mois qu&rsquo;il \u00e9tait ferm\u00e9 pour cause de travaux.<\/p>\n<p>Mais le chantier n&rsquo;est pas termin\u00e9, il va se poursuivre de nuit jusqu&rsquo;\u00e0 mi-novembre pour permettre son d\u00e9montage. Le pont d&rsquo;Oxford sera donc ferm\u00e9 de 20h30 \u00e0 6h pour encore plusieurs semaines.<\/p>\n<p>Cette longue fermeture a permis le remplacement des haubans puis la r\u00e9fection de la chauss\u00e9e.<\/p>\n<p>Le pont d&rsquo;Oxford accueille quotidiennement 12 000 v\u00e9hicules par jour. Seront-ils tous de retour d\u00e8s cette semaine, ou certains automobilistes ont-ils chang\u00e9 durablement leurs habitudes ?<\/p>\n<p>Mis en service en 1991, l&rsquo;ouvrage est un axe strat\u00e9gique, puisqu&rsquo;il s&rsquo;agit de la porte d&rsquo;entr\u00e9e de la Presqu&rsquo;\u00eele scientifique. Mais comme beaucoup de ses pairs \u00e0 travers le pays, il avait besoin d&rsquo;\u00eatre s\u00e9curis\u00e9. Surtout apr\u00e8s la rupture d&rsquo;un \u00e9l\u00e9ment de l&rsquo;un de ses haubans, les c\u00e2bles d&rsquo;aciers qui soutiennent le pont.<\/p>\n","protected":false},"excerpt":{"rendered":"DR Clara Goubault Grenoble Alpes Metropole Pour des milliers d&rsquo;automobilistes, c&rsquo;est la d\u00e9livrance. Ce lundi, le pont d&rsquo;Oxford&hellip;\n","protected":false},"author":2,"featured_media":408811,"comment_status":"","ping_status":"","sticky":false,"template":"","format":"standard","meta":{"footnotes":""},"categories":[9566],"tags":[1111,11,7733,8279,2430,7736,650,7734,2889,2263,1777,674,1011,27,2731,8280,6417,1114,108,4662,12,3725,1825,25,7737],"class_list":{"0":"post-408810","1":"post","2":"type-post","3":"status-publish","4":"format-standard","5":"has-post-thumbnail","7":"category-grenoble","8":"tag-actu","9":"tag-actualites","10":"tag-alpes","11":"tag-alpes1","12":"tag-auvergne-rhone-alpes","13":"tag-cds","14":"tag-cinema","15":"tag-ecoute","16":"tag-emission","17":"tag-equipe","18":"tag-eu","19":"tag-europe","20":"tag-fr","21":"tag-france","22":"tag-grenoble","23":"tag-haute","24":"tag-information","25":"tag-infos","26":"tag-isere","27":"tag-journal","28":"tag-news","29":"tag-podcast","30":"tag-radio","31":"tag-republique-francaise","32":"tag-winamp"},"share_on_mastodon":{"url":"https:\/\/pubeurope.com\/@fr\/115246435266563300","error":""},"_links":{"self":[{"href":"https:\/\/www.europesays.com\/fr\/wp-json\/wp\/v2\/posts\/408810","targetHints":{"allow":["GET"]}}],"collection":[{"href":"https:\/\/www.europesays.com\/fr\/wp-json\/wp\/v2\/posts"}],"about":[{"href":"https:\/\/www.europesays.com\/fr\/wp-json\/wp\/v2\/types\/post"}],"author":[{"embeddable":true,"href":"https:\/\/www.europesays.com\/fr\/wp-json\/wp\/v2\/users\/2"}],"replies":[{"embeddable":true,"href":"https:\/\/www.europesays.com\/fr\/wp-json\/wp\/v2\/comments?post=408810"}],"version-history":[{"count":0,"href":"https:\/\/www.europesays.com\/fr\/wp-json\/wp\/v2\/posts\/408810\/revisions"}],"wp:featuredmedia":[{"embeddable":true,"href":"https:\/\/www.europesays.com\/fr\/wp-json\/wp\/v2\/media\/408811"}],"wp:attachment":[{"href":"https:\/\/www.europesays.com\/fr\/wp-json\/wp\/v2\/media?parent=408810"}],"wp:term":[{"taxonomy":"category","embeddable":true,"href":"https:\/\/www.europesays.com\/fr\/wp-json\/wp\/v2\/categories?post=408810"},{"taxonomy":"post_tag","embeddable":true,"href":"https:\/\/www.europesays.com\/fr\/wp-json\/wp\/v2\/tags?post=408810"}],"curies":[{"name":"wp","href":"https:\/\/api.w.org\/{rel}","templated":true}]}}