{"id":408814,"date":"2025-09-22T06:04:22","date_gmt":"2025-09-22T06:04:22","guid":{"rendered":"https:\/\/www.europesays.com\/fr\/408814\/"},"modified":"2025-09-22T06:04:22","modified_gmt":"2025-09-22T06:04:22","slug":"chartres-de-bretagne-il-reste-quelques-places-dans-les-ateliers-arts-plastiques","status":"publish","type":"post","link":"https:\/\/www.europesays.com\/fr\/408814\/","title":{"rendered":"Chartres-de-Bretagne. Il reste quelques places dans les ateliers arts plastiques"},"content":{"rendered":"<p>L\u2019atelier arts plastiques du centre culturel P\u00f4le Sud propose des pratiques vari\u00e9es comme la peinture, le dessin, la photographie, la gravure,\u00a0etc. Les participants d\u00e9couvrent l\u2019art d\u2019aujourd\u2019hui et d\u00e9veloppent leur cr\u00e9ativit\u00e9. Les propositions sont adapt\u00e9es en fonction des tranches d\u2019\u00e2ge.<\/p>\n<p>\u00a0Nous avons commenc\u00e9 l\u2019ann\u00e9e en utilisant les quatre formes des plaquettes du centre culturel. Les enfants ont fait des propositions d\u2019interpr\u00e9tation de ces formes g\u00e9om\u00e9triques comme des roues de tracteur, des cerises, une paire de lunettes\u00a0, d\u00e9crit Gwena\u00eblle R\u00e9billard, la coordinatrice p\u00e9dagogique. Une premi\u00e8re exposition des travaux r\u00e9alis\u00e9s est visible dans le hall.<\/p>\n<p>L\u2019atelier va poursuivre sa collaboration entam\u00e9e l\u2019an dernier avec l\u2019atelier th\u00e9\u00e2tre. Il reste quelques places dans le groupe des 6-8 ans et chez les adolescents (12\u00a0ans et plus).<\/p>\n<p>L\u2019atelier th\u00e9\u00e2tre va travailler sur le r\u00e9cit. \u00a0En premi\u00e8re partie de l\u2019ann\u00e9e, le groupe va inventer une histoire \u00e0 travers des improvisations et travailler en deuxi\u00e8me partie sur un texte d\u00e9j\u00e0 \u00e9crit\u00a0\u00bb, annonce Martin Poirot, responsable de l\u2019atelier. Il reste deux places dans le groupe 8-11 ans.<\/p>\n<p><strong>Contact\u00a0:<\/strong> t\u00e9l. 02\u00a099\u00a077\u00a013\u00a020\u00a0; les inscriptions se font \u00e0 l\u2019accueil du P\u00f4le Sud, 1, rue de la Conterie.<\/p>\n<p>\u00a0<\/p>\n","protected":false},"excerpt":{"rendered":"L\u2019atelier arts plastiques du centre culturel P\u00f4le Sud propose des pratiques vari\u00e9es comme la peinture, le dessin, la&hellip;\n","protected":false},"author":2,"featured_media":408815,"comment_status":"","ping_status":"","sticky":false,"template":"","format":"standard","meta":{"footnotes":""},"categories":[2821],"tags":[1111,11,1348,10036,829,19962,1777,674,1011,27,12,18433,15167,3086,584,25,3138],"class_list":{"0":"post-408814","1":"post","2":"type-post","3":"status-publish","4":"format-standard","5":"has-post-thumbnail","7":"category-rennes","8":"tag-actu","9":"tag-actualites","10":"tag-arts","11":"tag-ateliers","12":"tag-bretagne","13":"tag-chartres-de-bretagne","14":"tag-eu","15":"tag-europe","16":"tag-fr","17":"tag-france","18":"tag-news","19":"tag-places","20":"tag-plastiques","21":"tag-redon","22":"tag-rennes","23":"tag-republique-francaise","24":"tag-reste"},"share_on_mastodon":{"url":"https:\/\/pubeurope.com\/@fr\/115246443193877981","error":""},"_links":{"self":[{"href":"https:\/\/www.europesays.com\/fr\/wp-json\/wp\/v2\/posts\/408814","targetHints":{"allow":["GET"]}}],"collection":[{"href":"https:\/\/www.europesays.com\/fr\/wp-json\/wp\/v2\/posts"}],"about":[{"href":"https:\/\/www.europesays.com\/fr\/wp-json\/wp\/v2\/types\/post"}],"author":[{"embeddable":true,"href":"https:\/\/www.europesays.com\/fr\/wp-json\/wp\/v2\/users\/2"}],"replies":[{"embeddable":true,"href":"https:\/\/www.europesays.com\/fr\/wp-json\/wp\/v2\/comments?post=408814"}],"version-history":[{"count":0,"href":"https:\/\/www.europesays.com\/fr\/wp-json\/wp\/v2\/posts\/408814\/revisions"}],"wp:featuredmedia":[{"embeddable":true,"href":"https:\/\/www.europesays.com\/fr\/wp-json\/wp\/v2\/media\/408815"}],"wp:attachment":[{"href":"https:\/\/www.europesays.com\/fr\/wp-json\/wp\/v2\/media?parent=408814"}],"wp:term":[{"taxonomy":"category","embeddable":true,"href":"https:\/\/www.europesays.com\/fr\/wp-json\/wp\/v2\/categories?post=408814"},{"taxonomy":"post_tag","embeddable":true,"href":"https:\/\/www.europesays.com\/fr\/wp-json\/wp\/v2\/tags?post=408814"}],"curies":[{"name":"wp","href":"https:\/\/api.w.org\/{rel}","templated":true}]}}