{"id":408816,"date":"2025-09-22T06:05:18","date_gmt":"2025-09-22T06:05:18","guid":{"rendered":"https:\/\/www.europesays.com\/fr\/408816\/"},"modified":"2025-09-22T06:05:18","modified_gmt":"2025-09-22T06:05:18","slug":"nantes-frustre-rennes-brest-se-relance-lorient-souffle-un-peu","status":"publish","type":"post","link":"https:\/\/www.europesays.com\/fr\/408816\/","title":{"rendered":"Nantes frustre Rennes, Brest se relance, Lorient souffle un peu"},"content":{"rendered":"<p>La 5\u1d49 journ\u00e9e de Ligue 1 a r\u00e9serv\u00e9 son lot d\u2019\u00e9motions pour les clubs bretons. \u00c0 la Beaujoire, Nantes et Rennes ont livr\u00e9 un derby \u00e9lectrique conclu sur un nul arrach\u00e9 dans le temps additionnel. \u00c0 Brest, le public a enfin vu la premi\u00e8re victoire de la saison, \u00e9clatante face \u00e0 Nice. Lorient, de son c\u00f4t\u00e9, a stopp\u00e9 l\u2019h\u00e9morragie mais reste fragile. Retour sur un week-end contrast\u00e9 pour le football breton.<\/p>\n<p>Nantes frustre Rennes dans un derby incandescent<\/p>\n<p>Le derby breton de la 5\u1d49 journ\u00e9e a tenu toutes ses promesses. Un fait toutefois : l\u2019interdiction par arr\u00eat\u00e9 pr\u00e9fectoral de la pr\u00e9sence de supporteurs rennais dans un certain nombre de communes de Nantes M\u00e9tropole et au stade de la Beaujoire. L\u2019Etat est incapable d\u2019arr\u00eater et d\u2019enfermer massivement les migrants clandestins pr\u00e9sents sur le territoire, de les expulser, mais enfreint la libre circulation des personnes sur ce m\u00eame territoire. Cherchez l\u2019erreur, et revenons au football.<\/p>\n<p>Men\u00e9 2-0 \u00e0 la mi-temps par un Stade Rennais efficace \u2013 but de Blas sur penalty (29\u2019) puis de Lepaul servi par Seidu (33\u2019) \u2013 le FC Nantes semblait condamn\u00e9. La Beaujoire grondait et les Canaris donnaient l\u2019impression d\u2019avoir d\u00e9j\u00e0 laiss\u00e9 filer leur chance.<\/p>\n<p>Mais au retour des vestiaires, le sc\u00e9nario a bascul\u00e9. D\u2019abord par Awaziem, qui a redonn\u00e9 espoir aux siens (64\u2019), puis dans les ultimes minutes gr\u00e2ce \u00e0 El-Arabi. Entr\u00e9 dans l\u2019histoire du match, le v\u00e9t\u00e9ran a d\u2019abord obtenu un penalty dans le temps additionnel (rat\u00e9), avant de crucifier la d\u00e9fense rennaise d\u2019une demi-vol\u00e9e (90\u2019+5). Score final : 2-2.<\/p>\n<p>Les Rennais, punis pour leur suffisance et une deuxi\u00e8me p\u00e9riode trop passive, laissent \u00e9chapper deux points qui semblaient acquis. Nantes, lui, peut savourer le go\u00fbt particulier d\u2019un nul arrach\u00e9 dans un derby.<\/p>\n<\/p>\n<p>Brest corrige Nice et d\u00e9croche sa premi\u00e8re victoire<\/p>\n<p>\u00c0 Francis-Le Bl\u00e9, le Stade Brestois a enfin d\u00e9bloqu\u00e9 son compteur victoires en Ligue 1 cette saison, et de quelle mani\u00e8re : un large succ\u00e8s 4-1 contre Nice. Tr\u00e8s vite dans le rythme, les Finist\u00e9riens ont pu compter sur un Romain Del Castillo inspir\u00e9, passeur d\u00e9cisif pour Ajorque (6\u2019) puis buteur d\u2019une frappe enroul\u00e9e splendide (9\u2019).<\/p>\n<p>Si Moffi a r\u00e9duit l\u2019\u00e9cart pour Nice (30\u2019), les Brestois, longtemps critiqu\u00e9s pour leur f\u00e9brilit\u00e9 d\u00e9fensive, ont su rester solides cette fois. En seconde p\u00e9riode, Chotard (70\u2019) et Labeau-Lascary (76\u2019) ont scell\u00e9 la victoire. Un succ\u00e8s pr\u00e9cieux qui sort Brest de la zone rouge et redonne confiance \u00e0 tout un groupe, jusque-l\u00e0 plomb\u00e9 par les doutes.<\/p>\n<p>Lorient stoppe l\u2019h\u00e9morragie au Havre<\/p>\n<p>Trois d\u00e9faites lourdes en quatre journ\u00e9es avaient plong\u00e9 le FC Lorient dans le doute. Sur la pelouse du Havre, autre candidat au maintien, les Merlus ont enfin stopp\u00e9 la s\u00e9rie n\u00e9gative en d\u00e9crochant un nul (1-1).<\/p>\n<p>Apr\u00e8s un penalty rat\u00e9 par les Normands en d\u00e9but de match, Tosin a ouvert le score pour Lorient \u00e0 la 21\u1d49 minute, profitant d\u2019un service en profondeur parfait. Mais la d\u00e9fense morbihannaise, encore fragile, a c\u00e9d\u00e9 d\u00e8s le retour des vestiaires sur un but attribu\u00e9 \u00e0 Soumar\u00e9 (47\u2019).<\/p>\n<p>Malgr\u00e9 quelques occasions en fin de rencontre, les joueurs d\u2019Olivier Pantaloni doivent se contenter d\u2019un point. Suffisant pour regagner un peu de s\u00e9r\u00e9nit\u00e9 avant la r\u00e9ception de Monaco, mais encore trop juste pour esp\u00e9rer s\u2019\u00e9loigner de la zone dangereuse.<\/p>\n<p><strong>Prochaine journ\u00e9e, le 27 septembre, avec Lorient-Monaco, Toulouse-Nantes, puis le 28 avec Angers-Brest puis Rennes-Lens.<\/strong><\/p>\n<p>Illustration : DR<br \/>[cc] Article relu et corrig\u00e9 (orthographe, syntaxe) par ChatGPT. Breizh-info.com, 2025, d\u00e9p\u00eaches libres de copie et de diffusion sous r\u00e9serve de mention et de lien vers la source d\u2019origine..<\/p>\n","protected":false},"excerpt":{"rendered":"La 5\u1d49 journ\u00e9e de Ligue 1 a r\u00e9serv\u00e9 son lot d\u2019\u00e9motions pour les clubs bretons. \u00c0 la Beaujoire,&hellip;\n","protected":false},"author":2,"featured_media":408817,"comment_status":"","ping_status":"","sticky":false,"template":"","format":"standard","meta":{"footnotes":""},"categories":[2821],"tags":[1111,11,3450,829,1777,674,63,1011,27,66,1781,766,12,584,25],"class_list":{"0":"post-408816","1":"post","2":"type-post","3":"status-publish","4":"format-standard","5":"has-post-thumbnail","7":"category-rennes","8":"tag-actu","9":"tag-actualites","10":"tag-brest","11":"tag-bretagne","12":"tag-eu","13":"tag-europe","14":"tag-football","15":"tag-fr","16":"tag-france","17":"tag-ligue-1","18":"tag-lorient","19":"tag-nantes","20":"tag-news","21":"tag-rennes","22":"tag-republique-francaise"},"share_on_mastodon":{"url":"https:\/\/pubeurope.com\/@fr\/115246446880330023","error":""},"_links":{"self":[{"href":"https:\/\/www.europesays.com\/fr\/wp-json\/wp\/v2\/posts\/408816","targetHints":{"allow":["GET"]}}],"collection":[{"href":"https:\/\/www.europesays.com\/fr\/wp-json\/wp\/v2\/posts"}],"about":[{"href":"https:\/\/www.europesays.com\/fr\/wp-json\/wp\/v2\/types\/post"}],"author":[{"embeddable":true,"href":"https:\/\/www.europesays.com\/fr\/wp-json\/wp\/v2\/users\/2"}],"replies":[{"embeddable":true,"href":"https:\/\/www.europesays.com\/fr\/wp-json\/wp\/v2\/comments?post=408816"}],"version-history":[{"count":0,"href":"https:\/\/www.europesays.com\/fr\/wp-json\/wp\/v2\/posts\/408816\/revisions"}],"wp:featuredmedia":[{"embeddable":true,"href":"https:\/\/www.europesays.com\/fr\/wp-json\/wp\/v2\/media\/408817"}],"wp:attachment":[{"href":"https:\/\/www.europesays.com\/fr\/wp-json\/wp\/v2\/media?parent=408816"}],"wp:term":[{"taxonomy":"category","embeddable":true,"href":"https:\/\/www.europesays.com\/fr\/wp-json\/wp\/v2\/categories?post=408816"},{"taxonomy":"post_tag","embeddable":true,"href":"https:\/\/www.europesays.com\/fr\/wp-json\/wp\/v2\/tags?post=408816"}],"curies":[{"name":"wp","href":"https:\/\/api.w.org\/{rel}","templated":true}]}}