{"id":408818,"date":"2025-09-22T06:07:20","date_gmt":"2025-09-22T06:07:20","guid":{"rendered":"https:\/\/www.europesays.com\/fr\/408818\/"},"modified":"2025-09-22T06:07:20","modified_gmt":"2025-09-22T06:07:20","slug":"strasbourg-un-riche-volet-musical-aux-bibliotheques-ideales","status":"publish","type":"post","link":"https:\/\/www.europesays.com\/fr\/408818\/","title":{"rendered":"Strasbourg. Un riche volet musical aux\u00a0Biblioth\u00e8ques id\u00e9ales"},"content":{"rendered":"<p>Deux rendez-vous musicaux \u00e0 ne pas manquer cette semaine dans le cadre des Biblioth\u00e8ques id\u00e9ales \u00e0 Strasbourg.<\/p>\n<p>Premi\u00e8re cr\u00e9ation, ce mardi 23\u00a0septembre, avec le Weepers Circus qui renouvelle son r\u00e9pertoire avec de nouveaux arrangements, en conjuguant titres classiques (La Renarde, Je vole\u2026) et morceaux d\u00e9di\u00e9s au jeune public.<\/p>\n<p>Ondes de l\u00e9g\u00e8ret\u00e9 en compl\u00e9ment de la seconde cr\u00e9ation, dimanche 28\u00a0septembre, qui offre un concert autour de l\u2019\u0153uvre de Mahmoud Darwich. Sa po\u00e9sie sera port\u00e9e par la voix d\u2019Elias Sanbar.<\/p>\n<p>Guitare et vibraphone donneront du coffre \u00e0 cette soir\u00e9e ponctu\u00e9e d\u2019\u00e9chos de la Palestine et d\u2019\u00e9changes avec le public.<\/p>\n<p class=\"note\">\u00c9glise Saint-Guillaume, 1 rue Munch \u00e0 Strasbourg. Weepers circus mardi 23\u00a0septembre \u00e0 18\u00a0h\u00a030, tarif 15\u00a0\u20ac, billetterie sur <a href=\"https:\/\/biblideales.fr\/\" target=\"_blank\" rel=\"nofollow noopener\">biblideales.fr<\/a>. Elias Sanbar, dimanche 28\u00a0septembre \u00e0 18\u00a0h, entr\u00e9e libre.<\/p>\n","protected":false},"excerpt":{"rendered":"Deux rendez-vous musicaux \u00e0 ne pas manquer cette semaine dans le cadre des Biblioth\u00e8ques id\u00e9ales \u00e0 Strasbourg. Premi\u00e8re&hellip;\n","protected":false},"author":2,"featured_media":408819,"comment_status":"","ping_status":"","sticky":false,"template":"","format":"standard","meta":{"footnotes":""},"categories":[2820],"tags":[1111,11,2389,1687,2880,1777,674,1011,27,775,873,12,25,640,2879],"class_list":{"0":"post-408818","1":"post","2":"type-post","3":"status-publish","4":"format-standard","5":"has-post-thumbnail","7":"category-strasbourg","8":"tag-actu","9":"tag-actualites","10":"tag-alsace","11":"tag-culture-loisirs","12":"tag-edition-strasbourg","13":"tag-eu","14":"tag-europe","15":"tag-fr","16":"tag-france","17":"tag-grand-est","18":"tag-musique","19":"tag-news","20":"tag-republique-francaise","21":"tag-strasbourg","22":"tag-strasbourg-ville"},"share_on_mastodon":{"url":"https:\/\/pubeurope.com\/@fr\/115246454783005587","error":""},"_links":{"self":[{"href":"https:\/\/www.europesays.com\/fr\/wp-json\/wp\/v2\/posts\/408818","targetHints":{"allow":["GET"]}}],"collection":[{"href":"https:\/\/www.europesays.com\/fr\/wp-json\/wp\/v2\/posts"}],"about":[{"href":"https:\/\/www.europesays.com\/fr\/wp-json\/wp\/v2\/types\/post"}],"author":[{"embeddable":true,"href":"https:\/\/www.europesays.com\/fr\/wp-json\/wp\/v2\/users\/2"}],"replies":[{"embeddable":true,"href":"https:\/\/www.europesays.com\/fr\/wp-json\/wp\/v2\/comments?post=408818"}],"version-history":[{"count":0,"href":"https:\/\/www.europesays.com\/fr\/wp-json\/wp\/v2\/posts\/408818\/revisions"}],"wp:featuredmedia":[{"embeddable":true,"href":"https:\/\/www.europesays.com\/fr\/wp-json\/wp\/v2\/media\/408819"}],"wp:attachment":[{"href":"https:\/\/www.europesays.com\/fr\/wp-json\/wp\/v2\/media?parent=408818"}],"wp:term":[{"taxonomy":"category","embeddable":true,"href":"https:\/\/www.europesays.com\/fr\/wp-json\/wp\/v2\/categories?post=408818"},{"taxonomy":"post_tag","embeddable":true,"href":"https:\/\/www.europesays.com\/fr\/wp-json\/wp\/v2\/tags?post=408818"}],"curies":[{"name":"wp","href":"https:\/\/api.w.org\/{rel}","templated":true}]}}