{"id":408822,"date":"2025-09-22T06:09:12","date_gmt":"2025-09-22T06:09:12","guid":{"rendered":"https:\/\/www.europesays.com\/fr\/408822\/"},"modified":"2025-09-22T06:09:12","modified_gmt":"2025-09-22T06:09:12","slug":"un-incendie-ravage-une-casse-automobile-a-nice","status":"publish","type":"post","link":"https:\/\/www.europesays.com\/fr\/408822\/","title":{"rendered":"Un incendie ravage une casse automobile \u00e0 Nice"},"content":{"rendered":"<p><strong>L&rsquo;alerte a \u00e9t\u00e9 donn\u00e9e peu vers minuit<\/strong>. Arriv\u00e9s sur les lieux, les 38 sapeurs-pompiers, r\u00e9partis dans 16 v\u00e9hicules, ont fait face \u00e0 un feu violent. Ils ont utilis\u00e9 des lances \u00e0 mousse pour l&rsquo;attaquer.<\/p>\n<p>Le bilan mat\u00e9riel est important: <strong>21 voitures ont \u00e9t\u00e9 enti\u00e8rement d\u00e9truites<\/strong> par les flammes et <strong>10 autres<\/strong> ont \u00e9t\u00e9 <strong>endommag\u00e9es<\/strong>. Fort heureusement, <strong>aucune victime n&rsquo;est \u00e0 d\u00e9plorer<\/strong>.<\/p>\n<p>                                Une enqu\u00eate en cours<\/p>\n<p>Les pompiers sont rest\u00e9s sur place jusqu&rsquo;\u00e0 3h00 du matin pour s&rsquo;assurer que l&rsquo;incendie \u00e9tait totalement \u00e9teint et s\u00e9curiser la zone.<\/p>\n<p>Pour l&rsquo;heure, <strong>l&rsquo;origine du sinistre n&rsquo;a pas \u00e9t\u00e9 d\u00e9termin\u00e9e<\/strong>. Une enqu\u00eate est en cours pour en savoir plus sur les circonstances exactes de cet incendie.<\/p>\n","protected":false},"excerpt":{"rendered":"L&rsquo;alerte a \u00e9t\u00e9 donn\u00e9e peu vers minuit. Arriv\u00e9s sur les lieux, les 38 sapeurs-pompiers, r\u00e9partis dans 16 v\u00e9hicules,&hellip;\n","protected":false},"author":2,"featured_media":87613,"comment_status":"","ping_status":"","sticky":false,"template":"","format":"standard","meta":{"footnotes":""},"categories":[2819],"tags":[1111,11,646,1777,674,118,1011,27,12,2401,882,25],"class_list":{"0":"post-408822","1":"post","2":"type-post","3":"status-publish","4":"format-standard","5":"has-post-thumbnail","7":"category-nice","8":"tag-actu","9":"tag-actualites","10":"tag-automobile","11":"tag-eu","12":"tag-europe","13":"tag-faits-divers","14":"tag-fr","15":"tag-france","16":"tag-news","17":"tag-nice","18":"tag-provence-alpes-cote-dazur","19":"tag-republique-francaise"},"share_on_mastodon":{"url":"https:\/\/pubeurope.com\/@fr\/115246462722818188","error":""},"_links":{"self":[{"href":"https:\/\/www.europesays.com\/fr\/wp-json\/wp\/v2\/posts\/408822","targetHints":{"allow":["GET"]}}],"collection":[{"href":"https:\/\/www.europesays.com\/fr\/wp-json\/wp\/v2\/posts"}],"about":[{"href":"https:\/\/www.europesays.com\/fr\/wp-json\/wp\/v2\/types\/post"}],"author":[{"embeddable":true,"href":"https:\/\/www.europesays.com\/fr\/wp-json\/wp\/v2\/users\/2"}],"replies":[{"embeddable":true,"href":"https:\/\/www.europesays.com\/fr\/wp-json\/wp\/v2\/comments?post=408822"}],"version-history":[{"count":0,"href":"https:\/\/www.europesays.com\/fr\/wp-json\/wp\/v2\/posts\/408822\/revisions"}],"wp:featuredmedia":[{"embeddable":true,"href":"https:\/\/www.europesays.com\/fr\/wp-json\/wp\/v2\/media\/87613"}],"wp:attachment":[{"href":"https:\/\/www.europesays.com\/fr\/wp-json\/wp\/v2\/media?parent=408822"}],"wp:term":[{"taxonomy":"category","embeddable":true,"href":"https:\/\/www.europesays.com\/fr\/wp-json\/wp\/v2\/categories?post=408822"},{"taxonomy":"post_tag","embeddable":true,"href":"https:\/\/www.europesays.com\/fr\/wp-json\/wp\/v2\/tags?post=408822"}],"curies":[{"name":"wp","href":"https:\/\/api.w.org\/{rel}","templated":true}]}}