{"id":408823,"date":"2025-09-22T06:10:20","date_gmt":"2025-09-22T06:10:20","guid":{"rendered":"https:\/\/www.europesays.com\/fr\/408823\/"},"modified":"2025-09-22T06:10:20","modified_gmt":"2025-09-22T06:10:20","slug":"un-crash-evite-de-justesse-a-laeroport-de-nice-deux-avions-manquent-de-se-percuter","status":"publish","type":"post","link":"https:\/\/www.europesays.com\/fr\/408823\/","title":{"rendered":"Un crash \u00e9vit\u00e9 de justesse \u00e0 l&rsquo;a\u00e9roport de Nice, deux avions manquent de se percuter"},"content":{"rendered":"<p>            Par<br \/>\n        <strong><br \/>\n            <a href=\"https:\/\/actu.fr\/auteur\/fabien-binacchi\" title=\"Consulter tous les articles de Fabien Binacchi\" rel=\"nofollow noopener\" target=\"_blank\">Fabien Binacchi<\/a><br \/>\n        <\/strong><\/p>\n<p>        Publi\u00e9 le<\/p>\n<p>            22 sept. 2025 \u00e0 7h41        <\/p>\n<p>L\u2019incident aurait pu \u00eatre catastrophique. Ce dimanche 21\u00a0septembre 2025, un crash a \u00e9t\u00e9 \u00e9vit\u00e9 de justesse \u00e0 <a href=\"https:\/\/actu.fr\/tag\/nice-cote-dazur\" rel=\"nofollow noopener\" target=\"_blank\">l\u2019a\u00e9roport<\/a> de <a href=\"https:\/\/actu.fr\/nice\/\" rel=\"nofollow noopener\" target=\"_blank\">Nice.<\/a> Un avion de <strong>la compagnie Nouvelair<\/strong> \u00e0 l\u2019atterrissage, en provenance de Tunis, a failli percuter un appareil d\u2019<strong>easyJet<\/strong> au sol. Positionn\u00e9 en d\u00e9but de piste, ce dernier \u00e9tait pr\u00eat \u00e0 d\u00e9coller en direction de Nantes.<\/p>\n<p class=\" wall-content\">Une enqu\u00eate est ouverte.<\/p>\n<p>Un autre appareil leur fonce dessus<\/p>\n<p class=\" wall-content\">Il est 23h30 ce dimanche 21\u00a0septembre 2025 sur le tarmac de l\u2019a\u00e9roport de Nice. Un airbus A320 aux couleurs d\u2019easyJet quitte son stationnement du Terminal 2. <strong>Il roule.<\/strong> L\u2019appareil du vol EJU4706 (U24706) doit prendre le d\u00e9part pour Nantes.<\/p>\n<p class=\" wall-content\">Selon les donn\u00e9es disponibles sur le site Flightradar24, c\u2019est <strong>au moment d\u2019effectuer un tout dernier virage<\/strong> pour se pr\u00e9senter face \u00e0 la piste que ses pilotes ont eu le souffle coup\u00e9. Vision d\u2019horreur\u2009: un autre appareil leur fonce litt\u00e9ralement dessus.<\/p>\n<p class=\" wall-content\">\n<p>Il est pass\u00e9 \u00ab\u20093\u00a0m\u00e8tres au-dessus\u2009\u00bb<\/p>\n<p class=\" wall-content\">Le choc est \u00e9vit\u00e9 de tr\u00e8s peu. Selon un t\u00e9moignage, le deuxi\u00e8me A320 est pass\u00e9 \u00ab\u20093\u00a0m\u00e8tres au-dessus\u2009\u00bb, <strong>\u00ab\u2009ce qui a fortement secou\u00e9\u2009\u00bb les passagers au sol.<\/strong><\/p>\n<p class=\" wall-content\">Interrog\u00e9e par actu Nice, la communication de l\u2019a\u00e9roport confirme\u2009: \u00ab\u2009Un avion Nouvel Air \u00e0 l\u2019atterrissage <strong>a remis les gaz pour \u00e9viter\u2009\u00bb de percuter celui d\u2019easyJet.<\/strong> Il s\u2019agit du vol BJ586 qui avait d\u00e9coll\u00e9 de Tunis (Tunisie) une heure et demie plus t\u00f4t.<\/p>\n<p>Une erreur humaine\u2009?<\/p>\n<p class=\" wall-content\">Alors que s\u2019est-il pass\u00e9\u2009? La m\u00e9t\u00e9o, \u00e0 l\u2019orage \u00e0 cette heure sur la C\u00f4te d\u2019Azur, est-elle en cause dans <strong>cet incident aux cons\u00e9quences potentiellement gravissimes\u2009?<\/strong><\/p>\n<p>Votre r\u00e9gion, votre actu !<\/p>\n<p>Recevez chaque jour les infos qui comptent pour vous.<\/p>\n<p>\t<a href=\"https:\/\/actu.fr\/newsletter\" class=\"ac-btn ac-btn--corner ac-btn--medium ac-btn--blue800\" rel=\"nofollow noopener\" target=\"_blank\">S&rsquo;incrire<\/a><\/p>\n<blockquote class=\"ac-article-quote wall-content\">\n<p>\u00ab\u00a0Une enqu\u00eate va \u00eatre men\u00e9e pour d\u00e9terminer les causes. Mais il semblerait que le pilote Nouvel Air ait commis une erreur.\u00a0\u00bb<\/p>\n<p>    <strong>La communication de l&rsquo;a\u00e9roport de Nice<\/strong>\n            <\/p><\/blockquote>\n<p class=\" wall-content\">Selon le t\u00e9moignage d\u2019un passager du vol easyJet, le commandant de bord de la compagnie au logo orange, <strong>visiblement tr\u00e8s choqu\u00e9,<\/strong> aurait en tout cas refus\u00e9 de d\u00e9coller apr\u00e8s l\u2019incident. L\u2019avion a \u00e9t\u00e9 finalement ramen\u00e9 \u00e0 son point initial de stationnement, au niveau du terminal 2, vers 23h45 et \u00ab\u2009le vol a \u00e9t\u00e9 annul\u00e9\u2009\u00bb, indique l\u2019a\u00e9roport.<\/p>\n<p class=\" wall-content\">Les passagers, \u00e9galement boulevers\u00e9s, ont \u00e9t\u00e9 d\u00e9barqu\u00e9s. Ils devraient finalement s\u2019envoler ce lundi 22\u00a0septembre <strong>en d\u00e9but d\u2019apr\u00e8s-midi<\/strong> pour rejoindre Nantes.<\/p>\n<p class=\" wall-content\">Personnalisez votre actualit\u00e9 en ajoutant vos villes et m\u00e9dias en favori avec <a href=\"https:\/\/moncompte.actu.fr\" title=\"D\u00e9couvez Mon Actu\" rel=\"nofollow noopener\" data-trk=\"{&quot;cta&quot;:{&quot;action&quot;:&quot;https:\\\/\\\/moncompte.actu.fr&quot;,&quot;category&quot;:&quot;mon compte&quot;,&quot;from&quot;:&quot;article footer&quot;,&quot;name&quot;:&quot;Mon actu&quot;,&quot;type&quot;:&quot;cta&quot;}}\" target=\"_blank\">Mon Actu<\/a>.<\/p>\n","protected":false},"excerpt":{"rendered":"Par Fabien Binacchi Publi\u00e9 le 22 sept. 2025 \u00e0 7h41 L\u2019incident aurait pu \u00eatre catastrophique. Ce dimanche 21\u00a0septembre&hellip;\n","protected":false},"author":2,"featured_media":408824,"comment_status":"","ping_status":"","sticky":false,"template":"","format":"standard","meta":{"footnotes":""},"categories":[2819],"tags":[1111,11,54041,12527,1777,674,118,1011,27,12,2401,2897,882,25],"class_list":{"0":"post-408823","1":"post","2":"type-post","3":"status-publish","4":"format-standard","5":"has-post-thumbnail","7":"category-nice","8":"tag-actu","9":"tag-actualites","10":"tag-crash-avion","11":"tag-easy-jet","12":"tag-eu","13":"tag-europe","14":"tag-faits-divers","15":"tag-fr","16":"tag-france","17":"tag-news","18":"tag-nice","19":"tag-nice-cote-dazur","20":"tag-provence-alpes-cote-dazur","21":"tag-republique-francaise"},"share_on_mastodon":{"url":"https:\/\/pubeurope.com\/@fr\/115246466824275083","error":""},"_links":{"self":[{"href":"https:\/\/www.europesays.com\/fr\/wp-json\/wp\/v2\/posts\/408823","targetHints":{"allow":["GET"]}}],"collection":[{"href":"https:\/\/www.europesays.com\/fr\/wp-json\/wp\/v2\/posts"}],"about":[{"href":"https:\/\/www.europesays.com\/fr\/wp-json\/wp\/v2\/types\/post"}],"author":[{"embeddable":true,"href":"https:\/\/www.europesays.com\/fr\/wp-json\/wp\/v2\/users\/2"}],"replies":[{"embeddable":true,"href":"https:\/\/www.europesays.com\/fr\/wp-json\/wp\/v2\/comments?post=408823"}],"version-history":[{"count":0,"href":"https:\/\/www.europesays.com\/fr\/wp-json\/wp\/v2\/posts\/408823\/revisions"}],"wp:featuredmedia":[{"embeddable":true,"href":"https:\/\/www.europesays.com\/fr\/wp-json\/wp\/v2\/media\/408824"}],"wp:attachment":[{"href":"https:\/\/www.europesays.com\/fr\/wp-json\/wp\/v2\/media?parent=408823"}],"wp:term":[{"taxonomy":"category","embeddable":true,"href":"https:\/\/www.europesays.com\/fr\/wp-json\/wp\/v2\/categories?post=408823"},{"taxonomy":"post_tag","embeddable":true,"href":"https:\/\/www.europesays.com\/fr\/wp-json\/wp\/v2\/tags?post=408823"}],"curies":[{"name":"wp","href":"https:\/\/api.w.org\/{rel}","templated":true}]}}