{"id":408827,"date":"2025-09-22T06:12:16","date_gmt":"2025-09-22T06:12:16","guid":{"rendered":"https:\/\/www.europesays.com\/fr\/408827\/"},"modified":"2025-09-22T06:12:16","modified_gmt":"2025-09-22T06:12:16","slug":"une-partie-du-peripherique-de-nantes-fermee-a-la-circulation","status":"publish","type":"post","link":"https:\/\/www.europesays.com\/fr\/408827\/","title":{"rendered":"une partie du p\u00e9riph\u00e9rique de Nantes ferm\u00e9e \u00e0 la circulation"},"content":{"rendered":"<p>            Par<br \/>\n        <strong><br \/>\n            <a href=\"https:\/\/actu.fr\/auteur\/clemence-pays02-actu-fr\" title=\"Consulter tous les articles de Cl\u00e9mence Pays\" target=\"_blank\" rel=\"noopener\">Cl\u00e9mence Pays<\/a><br \/>\n        <\/strong><\/p>\n<p>        Publi\u00e9 le<\/p>\n<p>            22 sept. 2025 \u00e0 7h26        <\/p>\n<p>Les automobilistes commencent \u00e0 avoir l\u2019habitude. De nouveaux travaux de chauss\u00e9e vont \u00eatre r\u00e9alis\u00e9s sur <strong>l\u2019autoroute A11,<\/strong> entre Ancenis et Nantes.<\/p>\n<p class=\" wall-content\">Ainsi, la soci\u00e9t\u00e9 Cofiroute interviendra de nuit, du lundi\u00a022 au vendredi 26\u00a0septembre 2025, occasionnant des <strong>perturbations sur la circulation.<\/strong> Voici ce qu\u2019il faut retenir.<\/p>\n<p>L\u2019axe ferm\u00e9<\/p>\n<p class=\" wall-content\"><strong>De 20h30 \u00e0 5h45, les nuits du lundi\u00a022 au vendredi 26\u00a0septembre\u2009:<\/strong><\/p>\n<ul class=\" wall-content\">\n<li>fermeture de <strong>l\u2019autoroute A11<\/strong> dans les deux sens entre l\u2019\u00e9changeur n\u00b022 Vieilleville et n\u00b037 porte de Rennes\u2009;<\/li>\n<li>fermeture des<strong> bretelles d\u2019\u00e9changeur<\/strong> n\u00b022 Vieilleville, n\u00b023 Boisbonne, n\u00b024 Cachet, n\u00b025 B\u00e9rangerais\u2009;<\/li>\n<li>fermeture du <strong>p\u00e9riph\u00e9rique est N844<\/strong> dans les deux sens entre la porte de la Chapelle n\u00b039 et la porte de Gesvres n\u00b038.<\/li>\n<\/ul>\n<p>Les d\u00e9viations<\/p>\n<p class=\" wall-content\">Les <strong>d\u00e9viations<\/strong> suivantes seront mises en place pendant la p\u00e9riode des travaux op\u00e9r\u00e9s par la soci\u00e9t\u00e9 Cofiroute\u2009:<\/p>\n<ul class=\" wall-content\">\n<li>depuis l\u2019A11 <strong>en provenance de Paris,<\/strong> les usagers sont d\u00e9vi\u00e9s \u00e0 partir de l\u2019\u00e9changeur n\u00b022 Vieilleville, empruntent l\u2019A811 vers la porte d\u2019Anjou, puis la N844 vers la porte de la Chapelle n\u00b039, puis le r\u00e9seau m\u00e9tropolitain et retrouvent leur destination d\u2019origine via la porte de Rennes n\u00b037 en direction de Rennes\/Vannes\u2009;<\/li>\n<li>depuis l\u2019A11<strong> en provenance de Rennes\/Vannes,<\/strong> les usagers sont d\u00e9vi\u00e9s \u00e0 partir de l\u2019\u00e9changeur n\u00b037 porte de Rennes, empruntent le r\u00e9seau m\u00e9tropolitain vers la porte de la Chapelle n\u00b039, puis la N844 vers la porte d\u2019Anjou, puis l\u2019A811 vers l\u2019A11 et retrouvent leur destination d\u2019origine via l\u2019\u00e9changeur n\u00b022 Vieilleville en direction de Paris.<\/li>\n<\/ul>\n<p class=\" wall-content\">\u00ab\u2009Les usagers sont invit\u00e9s \u00e0 <strong>la plus grande prudence<\/strong> \u00e0 l\u2019approche de ces travaux\u2009\u00bb, pr\u00e9conise Bison Fut\u00e9.<\/p>\n<p class=\" wall-content\">Personnalisez votre actualit\u00e9 en ajoutant vos villes et m\u00e9dias en favori avec <a href=\"https:\/\/moncompte.actu.fr\" title=\"D\u00e9couvez Mon Actu\" rel=\"nofollow noopener\" data-trk=\"{&quot;cta&quot;:{&quot;action&quot;:&quot;https:\\\/\\\/moncompte.actu.fr&quot;,&quot;category&quot;:&quot;mon compte&quot;,&quot;from&quot;:&quot;article footer&quot;,&quot;name&quot;:&quot;Mon actu&quot;,&quot;type&quot;:&quot;cta&quot;}}\" target=\"_blank\">Mon Actu<\/a>.<\/p>\n","protected":false},"excerpt":{"rendered":"Par Cl\u00e9mence Pays Publi\u00e9 le 22 sept. 2025 \u00e0 7h26 Les automobilistes commencent \u00e0 avoir l\u2019habitude. De nouveaux&hellip;\n","protected":false},"author":2,"featured_media":408828,"comment_status":"","ping_status":"","sticky":false,"template":"","format":"standard","meta":{"footnotes":""},"categories":[2818],"tags":[1111,11,3542,1777,674,1011,27,803,766,12,2636,25,104,2086],"class_list":{"0":"post-408827","1":"post","2":"type-post","3":"status-publish","4":"format-standard","5":"has-post-thumbnail","7":"category-nantes","8":"tag-actu","9":"tag-actualites","10":"tag-circulation","11":"tag-eu","12":"tag-europe","13":"tag-fr","14":"tag-france","15":"tag-info-trafic","16":"tag-nantes","17":"tag-news","18":"tag-pays-de-la-loire","19":"tag-republique-francaise","20":"tag-societe","21":"tag-travaux"},"share_on_mastodon":{"url":"https:\/\/pubeurope.com\/@fr\/115246474431326916","error":""},"_links":{"self":[{"href":"https:\/\/www.europesays.com\/fr\/wp-json\/wp\/v2\/posts\/408827","targetHints":{"allow":["GET"]}}],"collection":[{"href":"https:\/\/www.europesays.com\/fr\/wp-json\/wp\/v2\/posts"}],"about":[{"href":"https:\/\/www.europesays.com\/fr\/wp-json\/wp\/v2\/types\/post"}],"author":[{"embeddable":true,"href":"https:\/\/www.europesays.com\/fr\/wp-json\/wp\/v2\/users\/2"}],"replies":[{"embeddable":true,"href":"https:\/\/www.europesays.com\/fr\/wp-json\/wp\/v2\/comments?post=408827"}],"version-history":[{"count":0,"href":"https:\/\/www.europesays.com\/fr\/wp-json\/wp\/v2\/posts\/408827\/revisions"}],"wp:featuredmedia":[{"embeddable":true,"href":"https:\/\/www.europesays.com\/fr\/wp-json\/wp\/v2\/media\/408828"}],"wp:attachment":[{"href":"https:\/\/www.europesays.com\/fr\/wp-json\/wp\/v2\/media?parent=408827"}],"wp:term":[{"taxonomy":"category","embeddable":true,"href":"https:\/\/www.europesays.com\/fr\/wp-json\/wp\/v2\/categories?post=408827"},{"taxonomy":"post_tag","embeddable":true,"href":"https:\/\/www.europesays.com\/fr\/wp-json\/wp\/v2\/tags?post=408827"}],"curies":[{"name":"wp","href":"https:\/\/api.w.org\/{rel}","templated":true}]}}