{"id":408831,"date":"2025-09-22T06:14:10","date_gmt":"2025-09-22T06:14:10","guid":{"rendered":"https:\/\/www.europesays.com\/fr\/408831\/"},"modified":"2025-09-22T06:14:10","modified_gmt":"2025-09-22T06:14:10","slug":"a-bordeaux-lessayiste-et-conseiller-regional-karfa-diallo-se-presente-comme-le-candidat-de-la-diversite","status":"publish","type":"post","link":"https:\/\/www.europesays.com\/fr\/408831\/","title":{"rendered":"\u00e0 Bordeaux, l\u2019essayiste et conseiller r\u00e9gional Karfa Diallo se pr\u00e9sente comme le \u00abcandidat de la diversit\u00e9\u00bb"},"content":{"rendered":"<p>D\u00e9j\u00e0 candidat en 2001 face \u00e0 Alain Jupp\u00e9 (3,74%), Karfa Diallo, devenu conseiller r\u00e9gional en Nouvelle-Aquitaine, se pr\u00e9sente comme le candidat des quartiers et de la diversit\u00e9 pour les \u00e9lections municipales \u00e0 Bordeaux, en 2026.<\/p>\n<p class=\"fig-paragraph\">\u00c0 la t\u00eate de la liste sans \u00e9tiquette \u00abCouleurs bordelaises\u00bb, \u00e9tendard sous lequel il avait rassembl\u00e9 3,74% des voix face \u00e0 Alain Jupp\u00e9 aux \u00e9lections municipales Bordelaise en 2001,\u00a0<a href=\"http:\/\/www.lefigaro.fr\/faits-divers\/l-essayiste-et-conseiller-regional-karfa-diallo-depose-plainte-apres-un-e-mail-raciste-20220118\" data-fig-type=\"NewsFlash\" data-gtm-custom-categorie=\"navigation\" data-gtm-custom-action=\"crossclick\" data-gtm-custom-label=\"Contextuel\" data-gtm-event=\"customEventSPE\" data-fig-domain=\"LEFIGARO\" target=\"_blank\" rel=\"noopener\">Karfa Diallo<\/a>\u00a0remet le couvert en 2026. D\u00e9sormais \u00e2g\u00e9 de 54 ans et \u00e9lu au conseil r\u00e9gional de Nouvelle Aquitaine (EELV), l\u2019homme politique entend incarner \u00abune candidature de contribution au d\u00e9bat\u00bb pour les<a href=\"http:\/\/www.lefigaro.fr\/bordeaux\/je-ne-pouvais-pas-assister-au-naufrage-de-bordeaux-sans-rien-faire-l-economiste-philippe-dessertine-candidat-aux-municipales-20250917\" data-fig-type=\"NewsFlash\" data-gtm-custom-categorie=\"navigation\" data-gtm-custom-action=\"crossclick\" data-gtm-custom-label=\"Contextuel\" data-gtm-event=\"customEventSPE\" data-fig-domain=\"LEFIGARO\" target=\"_blank\" rel=\"noopener\">\u00a0\u00e9lections municipales \u00e0 Bordeaux<\/a>, en 2026.<\/p>\n<p class=\"fig-paragraph\">Le quinquag\u00e9naire, essayiste et militant pour que Bordeaux assume son pass\u00e9 n\u00e9grier, veut repr\u00e9senter \u00ables col\u00e8res et les voix \u00e9touff\u00e9es par les repr\u00e9sentations politiques actuelles\u00bb. Il souhaite ainsi devenir le porte-parole des\u00a0<a href=\"http:\/\/www.lefigaro.fr\/bordeaux\/les-vignes-m-ont-sauve-pres-de-bordeaux-des-jeunes-de-cite-employes-dans-le-domaine-d-un-grand-cru-classe-20240616\" data-fig-type=\"NewsFlash\" data-gtm-custom-categorie=\"navigation\" data-gtm-custom-action=\"crossclick\" data-gtm-custom-label=\"Contextuel\" data-gtm-event=\"customEventSPE\" data-fig-domain=\"LEFIGARO\" target=\"_blank\" rel=\"noopener\">quartiers populaires<\/a>. \u00abJe fais de l\u2019\u00e9ducation populaire depuis une vingtaine d\u2019ann\u00e9es, je r\u00e9ponds aux doutes sur l\u2019identit\u00e9 et la col\u00e8re\u00a0: les quartiers populaires sont confront\u00e9s \u00e0 des probl\u00e9matiques qui ne sont pas encore suffisamment prises en compte\u00bb, explique-t-il au Figaro. Avant d\u2019insister\u00a0: \u00abCette frange de la soci\u00e9t\u00e9 civile doit avoir droit de cit\u00e9 et l\u2019avenir de Bordeaux doit s\u2019\u00e9crire avec toutes et tous ; et pas seulement une \u00e9lite bourgeoise et conservatrice d\u00e9connect\u00e9e de la r\u00e9alit\u00e9.\u00bb<\/p>\n<p>                                    <a class=\"fig-a11y-skip a11y-hidden\" href=\"#fig-a11y-skip-main-inarticle\"><br \/>\n        Passer la publicit\u00e9<br \/>\n    <\/a><\/p>\n<p class=\"fig-paragraph\">Celui qui se d\u00e9finit aussi comme \u00able candidat de la diversit\u00e9\u00bb esp\u00e8re mettre fin \u00e0 \u00abla s\u00e9gr\u00e9gation territoriale et la rel\u00e9gation \u00e9conomique des quartiers populaires o\u00f9 le taux de ch\u00f4mage est hallucinant\u00bb par sa pr\u00e9sence au sein du d\u00e9bat pour les prochaines \u00e9lections municipales. Selon Karfa Diallo,<a href=\"http:\/\/www.lefigaro.fr\/bordeaux\/environnement-securite-endettement-quel-est-le-bilan-du-maire-ecologiste-pierre-hurmic-cinq-ans-apres-son-election-a-bordeaux-20250704\" data-fig-type=\"NewsFlash\" data-gtm-custom-categorie=\"navigation\" data-gtm-custom-action=\"crossclick\" data-gtm-custom-label=\"Contextuel\" data-gtm-event=\"customEventSPE\" data-fig-domain=\"LEFIGARO\" target=\"_blank\" rel=\"noopener\">\u00a0le bilan du maire \u00e9cologiste sortant, Pierre Hurmic,<\/a>\u00a0\u00abbien qu\u2019int\u00e9ressant \u00e9cologiquement\u00bb pr\u00e9sente des failles sur le plan de \u00abla justice sociale\u00bb. Pour y \u00abrem\u00e9dier\u00bb, le candidat pr\u00e9voit d\u2019\u00e9riger la gratuit\u00e9 des transports, la d\u00e9mocratisation de la culture et la participation aux \u00e9lections en mesures phares de son programme.<\/p>\n","protected":false},"excerpt":{"rendered":"D\u00e9j\u00e0 candidat en 2001 face \u00e0 Alain Jupp\u00e9 (3,74%), Karfa Diallo, devenu conseiller r\u00e9gional en Nouvelle-Aquitaine, se pr\u00e9sente&hellip;\n","protected":false},"author":2,"featured_media":408832,"comment_status":"","ping_status":"","sticky":false,"template":"","format":"standard","meta":{"footnotes":""},"categories":[2817],"tags":[1111,11,1997,1777,674,1011,27,7372,3554,12,2219,316,25],"class_list":{"0":"post-408831","1":"post","2":"type-post","3":"status-publish","4":"format-standard","5":"has-post-thumbnail","7":"category-bordeaux","8":"tag-actu","9":"tag-actualites","10":"tag-bordeaux","11":"tag-eu","12":"tag-europe","13":"tag-fr","14":"tag-france","15":"tag-mairie-de-bordeaux","16":"tag-municipales","17":"tag-news","18":"tag-nouvelle-aquitaine","19":"tag-politique","20":"tag-republique-francaise"},"share_on_mastodon":{"url":"https:\/\/pubeurope.com\/@fr\/115246482470136781","error":""},"_links":{"self":[{"href":"https:\/\/www.europesays.com\/fr\/wp-json\/wp\/v2\/posts\/408831","targetHints":{"allow":["GET"]}}],"collection":[{"href":"https:\/\/www.europesays.com\/fr\/wp-json\/wp\/v2\/posts"}],"about":[{"href":"https:\/\/www.europesays.com\/fr\/wp-json\/wp\/v2\/types\/post"}],"author":[{"embeddable":true,"href":"https:\/\/www.europesays.com\/fr\/wp-json\/wp\/v2\/users\/2"}],"replies":[{"embeddable":true,"href":"https:\/\/www.europesays.com\/fr\/wp-json\/wp\/v2\/comments?post=408831"}],"version-history":[{"count":0,"href":"https:\/\/www.europesays.com\/fr\/wp-json\/wp\/v2\/posts\/408831\/revisions"}],"wp:featuredmedia":[{"embeddable":true,"href":"https:\/\/www.europesays.com\/fr\/wp-json\/wp\/v2\/media\/408832"}],"wp:attachment":[{"href":"https:\/\/www.europesays.com\/fr\/wp-json\/wp\/v2\/media?parent=408831"}],"wp:term":[{"taxonomy":"category","embeddable":true,"href":"https:\/\/www.europesays.com\/fr\/wp-json\/wp\/v2\/categories?post=408831"},{"taxonomy":"post_tag","embeddable":true,"href":"https:\/\/www.europesays.com\/fr\/wp-json\/wp\/v2\/tags?post=408831"}],"curies":[{"name":"wp","href":"https:\/\/api.w.org\/{rel}","templated":true}]}}