{"id":408835,"date":"2025-09-22T06:16:13","date_gmt":"2025-09-22T06:16:13","guid":{"rendered":"https:\/\/www.europesays.com\/fr\/408835\/"},"modified":"2025-09-22T06:16:13","modified_gmt":"2025-09-22T06:16:13","slug":"ce-village-au-sud-de-toulouse-inaugure-sa-nouvelle-ecole-et-sa-mairie-ravagee-par-un-incendie","status":"publish","type":"post","link":"https:\/\/www.europesays.com\/fr\/408835\/","title":{"rendered":"ce village au sud de Toulouse inaugure sa nouvelle \u00e9cole et sa mairie ravag\u00e9e par un incendie"},"content":{"rendered":"<p>            Par<br \/>\n        <strong><br \/>\n            <a href=\"https:\/\/actu.fr\/auteur\/valentine-gaxieu-actu-fr\" title=\"Consulter tous les articles de Valentine Gaxieu\" rel=\"nofollow noopener\" target=\"_blank\">Valentine Gaxieu<\/a><br \/>\n        <\/strong><\/p>\n<p>        Publi\u00e9 le<\/p>\n<p>            22 sept. 2025 \u00e0 8h01        <\/p>\n<p>Ce n\u2019est pas une, mais <b>deux inaugurations<\/b> qui se sont tenues le samedi 6\u00a0septembre 2025, \u00e0 <a href=\"https:\/\/actu.fr\/occitanie\/caignac_31099\" rel=\"nofollow noopener\" target=\"_blank\">Caignac<\/a>. Les <b>nouveaux locaux de l\u2019\u00e9cole<\/b>, qui fonctionne en Regroupement p\u00e9dagogique intercommunal (RPI) avec les communes de <a href=\"https:\/\/actu.fr\/occitanie\/gibel_31220\" rel=\"nofollow noopener\" target=\"_blank\">Gibel<\/a> et <a href=\"https:\/\/actu.fr\/occitanie\/montgeard_31380\" rel=\"nofollow noopener\" target=\"_blank\">Montgeard<\/a>, ainsi que ceux de la mairie, dont l\u2019\u00e9tage avait \u00e9t\u00e9 <b>ravag\u00e9 par un incendie<\/b>, \u00e9taient au centre de cette double c\u00e9r\u00e9monie.<\/p>\n<p>Des locaux modernes et respectueux de l\u2019environnement<\/p>\n<p class=\" wall-content\">Le changement de locaux pour l\u2019\u00e9cole, qui compte <b>38\u00a0\u00e9l\u00e8ves<\/b> en classe de CP et de CE1, \u00e9tait un des <b>principaux projets<\/b> du mandat.<\/p>\n<p class=\" wall-content\">\u00ab\u2009On ne pouvait plus continuer avec des pr\u00e9fabriqu\u00e9s des ann\u00e9es 90. C\u2019\u00e9taient des <b>passoires thermiques<\/b>\u2009\u00bb, rappelle Serge Barthes, maire de la commune. Notons que l\u2019\u00e9cole avait aussi \u00e9t\u00e9 <a href=\"https:\/\/actu.fr\/occitanie\/cintegabelle_31145\/orages-une-tornade-traverse-cintegabelle-emportant-toitures-arbres-et-poteaux-electriques_59911596.html\" rel=\"nofollow noopener\" target=\"_blank\">impact\u00e9e par une temp\u00eate<\/a>, en 2023.<\/p>\n<p class=\" wall-content\">C\u2019est dans ce contexte qu\u2019ont \u00e9t\u00e9 pens\u00e9s des locaux <b>plus modernes<\/b> et <b>respectueux de l\u2019environnement<\/b>. \u00ab\u2009Ce sont des pr\u00e9fabriqu\u00e9s nouvelle g\u00e9n\u00e9ration\u2009\u00bb, pose le premier \u00e9dile, qui a voulu \u00ab\u2009miser sur une <b>bonne isolation<\/b>\u2009\u00bb.<\/p>\n<p>Vid\u00e9os : en ce moment sur Actu<\/p>\n<p class=\" wall-content\">En effet, ces b\u00e2timents \u2013 cr\u00e9\u00e9s par l\u2019entreprise <a href=\"https:\/\/modulem.fr\/\" rel=\"nofollow noopener\" target=\"_blank\">ModuleM<\/a>, soci\u00e9t\u00e9 situ\u00e9e \u00e0 La Magdelaine-sur-Tarn \u2013 disposent de panneaux photovolta\u00efques, d\u2019une pompe \u00e0 chaleur et d\u2019une isolation renforc\u00e9e.<\/p>\n<p>    <img   decoding=\"async\" loading=\"lazy\" class=\"size-large\" src=\"https:\/\/www.europesays.com\/fr\/wp-content\/uploads\/2025\/09\/a35eb00607c86b75eb00607c88b5ebv-960x640.jpg\" alt=\"inauguration \u00e9cole caignac\" width=\"960\" height=\"640\"\/><br \/>\n    L\u2019\u00e9cole de Caignac est pass\u00e9e de 130 m\u00b2 \u00e0 160 m\u00b2 et dispose de panneaux photovolta\u00efques. \u00a9Valentine Gaxieu \u2013 Voix du Midi Lauragais<\/p>\n<p>Votre r\u00e9gion, votre actu !<\/p>\n<p>Recevez chaque jour les infos qui comptent pour vous.<\/p>\n<p>\t<a href=\"https:\/\/actu.fr\/newsletter\" class=\"ac-btn ac-btn--corner ac-btn--medium ac-btn--blue800\" rel=\"nofollow noopener\" target=\"_blank\">S&rsquo;incrire<\/a><br \/>\n30 m\u00b2 suppl\u00e9mentaires<\/p>\n<p class=\" wall-content\">L\u2019\u00e9cole avait \u00e9t\u00e9 vid\u00e9e durant les vacances de P\u00e2ques 2025. Les \u00e9l\u00e8ves avaient pu, durant les dix derni\u00e8res semaines de cours, <b>travailler dans le foyer communal<\/b>.<\/p>\n<p class=\" wall-content\">Ce nouveau pr\u00e9fabriqu\u00e9 de <b>160 m\u00b2<\/b> (contre 130 m\u00b2 auparavant) a quant \u00e0 lui \u00e9t\u00e9 pos\u00e9 durant les vacances d\u2019\u00e9t\u00e9. Il est compos\u00e9 de <b>deux salles de classe<\/b> de 60 m\u00b2, d\u2019un coin rangement et de toilettes. Un <b>pr\u00e9au<\/b> a \u00e9galement \u00e9t\u00e9 am\u00e9nag\u00e9. \u00ab\u2009Il reste quelques d\u00e9tails \u00e0 g\u00e9rer\u2009; la cl\u00f4ture, le portail de s\u00e9curit\u00e9\u2026\u2009\u00bb, pr\u00e9cise Serge Barthes.<\/p>\n<p class=\" wall-content\">L\u2019enveloppe globale pour l\u2019\u00e9cole s\u2019\u00e9l\u00e8ve aux alentours de <b>520\u2009000\u00a0\u20ac<\/b>. La commune a b\u00e9n\u00e9fici\u00e9 du soutien de l\u2019\u00c9tat (environ 135\u2009000\u00a0\u20ac) et du D\u00e9partement (plus de 175\u2009000\u00a0\u20ac). La municipalit\u00e9 attend aussi une subvention de la Caisse d\u2019allocations familiales (Caf) pour le pr\u00e9au.<\/p>\n<p>Un incendie avait ravag\u00e9 l\u2019\u00e9tage de la mairie<\/p>\n<p class=\" wall-content\">Les locaux de la mairie ont \u00e9t\u00e9 refaits pour des raisons toutes autres. Dans la soir\u00e9e du vendredi 12\u00a0mars 2021, <a href=\"https:\/\/actu.fr\/occitanie\/caignac_31099\/incendie-a-caignac-deux-appartements-totalement-ravages-par-le-feu-et-la-mairie-obligee-de-demenager_40209543.html\" rel=\"nofollow noopener\" target=\"_blank\">un violent incendie s\u2019\u00e9tait d\u00e9clar\u00e9 dans un des deux appartements<\/a> situ\u00e9s <b>\u00e0 l\u2019\u00e9tage<\/b> du b\u00e2timent.<\/p>\n<p class=\" wall-content\">Les deux <b>logements sociaux<\/b>, dont la gestion \u00e9tait d\u00e9l\u00e9gu\u00e9e par la commune \u00e0 la Cit\u00e9 jardins et la toiture de la mairie ont \u00e9t\u00e9 d\u00e9truits. <b>Quelques fissures<\/b> \u00e9taient apparues sur les murs. Les documents, archives et mat\u00e9riels avaient pu \u00eatre sauv\u00e9s.<\/p>\n<p class=\" wall-content\">Le personnel avait d\u2019abord \u00e9t\u00e9 <b>relog\u00e9<\/b> dans le foyer communal, puis dans des <a href=\"https:\/\/actu.fr\/occitanie\/caignac_31099\/caignac-apres-l-incendie-de-ses-locaux-la-mairie-s-installe-dans-des-batiments-modulaires_42749493.html\" rel=\"nofollow noopener\" target=\"_blank\">constructions modulaires<\/a>.<\/p>\n<p>    <img   decoding=\"async\" loading=\"lazy\" class=\"size-large\" src=\"https:\/\/www.europesays.com\/fr\/wp-content\/uploads\/2025\/09\/1b62c00607c860f62c00607c8e272cv-960x640.jpg\" alt=\"incendie mairie caignac\" width=\"960\" height=\"640\"\/><br \/>\n    L\u2019\u00e9tage de la mairie de Caignac avait \u00e9t\u00e9 ravag\u00e9 par les flammes en 2021. \u00a9Photo fournie par la mairie de Caignac \u2013 Archives 2021Plancher, toiture et pompe \u00e0 chaleur<\/p>\n<p class=\" wall-content\">La priorit\u00e9 \u00e9tait la <b>r\u00e9fection du plancher<\/b> du premier \u00e9tage de la mairie et de la <b>toiture<\/b>, mais aussi la <b>pose du nouveau plancher\u00a0<\/b>au rez-de-chauss\u00e9e.<\/p>\n<p class=\" wall-content\">En effet, le pr\u00e9c\u00e9dent \u00e9tait trop d\u00e9grad\u00e9. \u00ab\u2009Nous avons longtemps pens\u00e9 faire un <b>hourdis<\/b>, mais \u00e7a ne s\u2019est finalement pas fait\u2009\u00bb, explique Serge Barthes.<\/p>\n<p class=\" wall-content\">Un acc\u00e8s aux <b>personnes \u00e0 mobilit\u00e9 r\u00e9duite<\/b> a \u00e9galement \u00e9t\u00e9 r\u00e9alis\u00e9 \u00e0 l\u2019entr\u00e9e du b\u00e2timent. \u00ab\u2009Nous avons aussi mis en place un chauffage avec une <b>pompe \u00e0 chaleur<\/b> et nous avons refait quelques isolations pour faire des <b>\u00e9conomies d\u2019\u00e9nergie\u2009\u00bb<\/b>, d\u00e9taille-t-il.<\/p>\n<p>Locaux fonctionnels depuis l\u2019an dernier<\/p>\n<p class=\" wall-content\">Les nouveaux locaux de <b>150 m\u00b2<\/b> au sol sont fonctionnels depuis le mois de f\u00e9vrier\u00a02024. L\u2019attente des subventions est \u00e0 l\u2019origine de cette inauguration tardive.<\/p>\n<p class=\" wall-content\">Ils disposent d\u2019un espace d\u2019accueil et de secr\u00e9tariat, du bureau du maire et d\u2019une salle servant au conseil municipal et aux mariages. L\u2019\u00e9tage regroupe d\u00e9sormais <b>trois bureaux<\/b> et une salle qui pourrait <b>servir aux associations<\/b>.<\/p>\n<p class=\" wall-content\">L\u2019enveloppe globale de ce projet, en comptant les frais annexes (relogement du personnel\u2026), s\u2019\u00e9l\u00e8ve \u00e0 plus de <b>500\u2009000\u00a0\u20ac<\/b>, avec le soutien de l\u2019\u00c9tat \u00e0 hauteur de plus de 34\u2009000\u00a0\u20ac, la R\u00e9gion pour plus de 17\u2009000\u00a0\u20ac et le D\u00e9partement pour plus de 62\u2009000\u00a0\u20ac.<\/p>\n<p class=\" wall-content\">Personnalisez votre actualit\u00e9 en ajoutant vos villes et m\u00e9dias en favori avec <a href=\"https:\/\/moncompte.actu.fr\" title=\"D\u00e9couvez Mon Actu\" rel=\"nofollow noopener\" data-trk=\"{&quot;cta&quot;:{&quot;action&quot;:&quot;https:\\\/\\\/moncompte.actu.fr&quot;,&quot;category&quot;:&quot;mon compte&quot;,&quot;from&quot;:&quot;article footer&quot;,&quot;name&quot;:&quot;Mon actu&quot;,&quot;type&quot;:&quot;cta&quot;}}\" target=\"_blank\">Mon Actu<\/a>.<\/p>\n","protected":false},"excerpt":{"rendered":"Par Valentine Gaxieu Publi\u00e9 le 22 sept. 2025 \u00e0 8h01 Ce n\u2019est pas une, mais deux inaugurations qui&hellip;\n","protected":false},"author":2,"featured_media":408836,"comment_status":"","ping_status":"","sticky":false,"template":"","format":"standard","meta":{"footnotes":""},"categories":[2816],"tags":[1111,11,4019,1777,674,1011,27,1310,12,2680,25,104,2312,2086],"class_list":{"0":"post-408835","1":"post","2":"type-post","3":"status-publish","4":"format-standard","5":"has-post-thumbnail","7":"category-toulouse","8":"tag-actu","9":"tag-actualites","10":"tag-ecoles","11":"tag-eu","12":"tag-europe","13":"tag-fr","14":"tag-france","15":"tag-incendie","16":"tag-news","17":"tag-occitanie","18":"tag-republique-francaise","19":"tag-societe","20":"tag-toulouse","21":"tag-travaux"},"share_on_mastodon":{"url":"https:\/\/pubeurope.com\/@fr\/115246490190656390","error":""},"_links":{"self":[{"href":"https:\/\/www.europesays.com\/fr\/wp-json\/wp\/v2\/posts\/408835","targetHints":{"allow":["GET"]}}],"collection":[{"href":"https:\/\/www.europesays.com\/fr\/wp-json\/wp\/v2\/posts"}],"about":[{"href":"https:\/\/www.europesays.com\/fr\/wp-json\/wp\/v2\/types\/post"}],"author":[{"embeddable":true,"href":"https:\/\/www.europesays.com\/fr\/wp-json\/wp\/v2\/users\/2"}],"replies":[{"embeddable":true,"href":"https:\/\/www.europesays.com\/fr\/wp-json\/wp\/v2\/comments?post=408835"}],"version-history":[{"count":0,"href":"https:\/\/www.europesays.com\/fr\/wp-json\/wp\/v2\/posts\/408835\/revisions"}],"wp:featuredmedia":[{"embeddable":true,"href":"https:\/\/www.europesays.com\/fr\/wp-json\/wp\/v2\/media\/408836"}],"wp:attachment":[{"href":"https:\/\/www.europesays.com\/fr\/wp-json\/wp\/v2\/media?parent=408835"}],"wp:term":[{"taxonomy":"category","embeddable":true,"href":"https:\/\/www.europesays.com\/fr\/wp-json\/wp\/v2\/categories?post=408835"},{"taxonomy":"post_tag","embeddable":true,"href":"https:\/\/www.europesays.com\/fr\/wp-json\/wp\/v2\/tags?post=408835"}],"curies":[{"name":"wp","href":"https:\/\/api.w.org\/{rel}","templated":true}]}}