{"id":408837,"date":"2025-09-22T06:18:11","date_gmt":"2025-09-22T06:18:11","guid":{"rendered":"https:\/\/www.europesays.com\/fr\/408837\/"},"modified":"2025-09-22T06:18:11","modified_gmt":"2025-09-22T06:18:11","slug":"football-thauvin-crucifie-lille-le-record-del-arabi-le-bijou-de-laja-la-5e-journee-de-ligue-1-en-un-clic","status":"publish","type":"post","link":"https:\/\/www.europesays.com\/fr\/408837\/","title":{"rendered":"Football. Thauvin crucifie Lille, le record d&rsquo;El-Arabi, le bijou\u00a0de l&rsquo;AJA&#8230;La 5e journ\u00e9e de Ligue 1 en un clic"},"content":{"rendered":"<p>  La stat&rsquo;\u00a0: El-Arabi, 14 ans plus tard<\/p>\n<p>Entr\u00e9 en jeu \u00e0 la 82e minute face \u00e0 Rennes, Youssef El-Arabi a offert le but \u00e9galisateur au bout du temps additionnel (97&prime;).\u00a0Dans le m\u00eame temps, la recrue estivale nantaise a battu un nouveau record\u00a0: celui du plus grand \u00e9cart entre deux buts marqu\u00e9s en Ligue 1.<\/p>\n<p>Sa pr\u00e9c\u00e9dente r\u00e9alisation datait du 1er mai 2011 face \u00e0 Nice, soit 14 ans et 142 jours plus t\u00f4t. Le record \u00e9tait jusqu&rsquo;alors d\u00e9tenu par Patrice Evra avec deux buts inscrits avec 14 ans et 46 jours d&rsquo;intervalle.<\/p>\n<p>Ce contenu est bloqu\u00e9 car vous n&rsquo;avez pas accept\u00e9 les cookies et autres traceurs.<\/p>\n<p>En cliquant sur \u00ab J\u2019accepte \u00bb, les cookies et autres traceurs seront d\u00e9pos\u00e9s et vous pourrez visualiser les contenus  (<a href=\"\" class=\"consentModule_policy\" target=\"_blank\" title=\"Consulter la politique de protection des donn\u00e9es du fournisseur\">plus d&rsquo;informations<\/a>).<\/p>\n<p>En cliquant sur \u00ab J\u2019accepte tous les cookies \u00bb, vous autorisez des d\u00e9p\u00f4ts de cookies et autres traceurs pour le stockage de vos donn\u00e9es sur nos sites et applications \u00e0 des fins de personnalisation et de ciblage publicitaire.<\/p>\n<p class=\"consentModule_secondaryText\">Vous gardez la possibilit\u00e9 de retirer votre consentement \u00e0 tout moment en consultant notre <a href=\"https:\/\/www.ledauphine.com\/protection-des-donnees\" target=\"_blank\" title=\"Consulter notre politique de protection des donn\u00e9es\" rel=\"nofollow noopener\">politique de protection des donn\u00e9es<\/a>. <br \/>&#13;<br \/>\n            <a href=\"https:\/\/www.ledauphine.com\/sport\/2025\/09\/22\/javascript:Didomi.notice.show()\" class=\"consentModule_cmp\" rel=\"nofollow noopener\" target=\"_blank\">G\u00e9rer mes choix<\/a>&#13;\n        <\/p>\n<p>&#13;<br \/>\n                        J&rsquo;accepte&#13;<br \/>\n            J&rsquo;accepte tous les cookies&#13;\n        <\/p>\n<p>  L&rsquo;hommage\u00a0: le Parc OL remercie <a href=\"https:\/\/www.ledauphine.com\/p\/samuel-umtiti\" target=\"_blank\" rel=\"nofollow noopener\">Samuel Umtiti<\/a><\/p>\n<p>\u00ab\u00a0Tes valeurs ont fait de toi un joueur exemplaire. Merci pour tout Big Sam\u00a0\u00bb. Quelques jours apr\u00e8s l&rsquo;annonce de sa retraite, Samuel Umtiti a eu le droit \u00e0 son hommage vendredi au Parc OL avant le coup d&rsquo;envoi du match face \u00e0 Angers (1-0).<\/p>\n<p>Form\u00e9 \u00e0 Lyon, le champion du monde 2018 a disput\u00e9 170 matches avec l&rsquo;\u00e9quipe premi\u00e8re entre 2012 et 2016. \u00c0 noter que son comp\u00e8re de l&rsquo;axe central Rapha\u00ebl Varane &#8211; \u00e9galement jeune retrait\u00e9 &#8211; a\u00a0aussi \u00e9t\u00e9 f\u00eat\u00e9 par les supporters lensois avant le derby face \u00e0 Lille (3-0).<\/p>\n<p>Ce contenu est bloqu\u00e9 car vous n&rsquo;avez pas accept\u00e9 les cookies et autres traceurs.<\/p>\n<p>En cliquant sur \u00ab J\u2019accepte \u00bb, les cookies et autres traceurs seront d\u00e9pos\u00e9s et vous pourrez visualiser les contenus  (<a href=\"\" class=\"consentModule_policy\" target=\"_blank\" title=\"Consulter la politique de protection des donn\u00e9es du fournisseur\">plus d&rsquo;informations<\/a>).<\/p>\n<p>En cliquant sur \u00ab J\u2019accepte tous les cookies \u00bb, vous autorisez des d\u00e9p\u00f4ts de cookies et autres traceurs pour le stockage de vos donn\u00e9es sur nos sites et applications \u00e0 des fins de personnalisation et de ciblage publicitaire.<\/p>\n<p class=\"consentModule_secondaryText\">Vous gardez la possibilit\u00e9 de retirer votre consentement \u00e0 tout moment en consultant notre <a href=\"https:\/\/www.ledauphine.com\/protection-des-donnees\" target=\"_blank\" title=\"Consulter notre politique de protection des donn\u00e9es\" rel=\"nofollow noopener\">politique de protection des donn\u00e9es<\/a>. <br \/>&#13;<br \/>\n            <a href=\"https:\/\/www.ledauphine.com\/sport\/2025\/09\/22\/javascript:Didomi.notice.show()\" class=\"consentModule_cmp\" rel=\"nofollow noopener\" target=\"_blank\">G\u00e9rer mes choix<\/a>&#13;\n        <\/p>\n<p>&#13;<br \/>\n                        J&rsquo;accepte&#13;<br \/>\n            J&rsquo;accepte tous les cookies&#13;\n        <\/p>\n<p>  Le pied de nez\u00a0: Thauvin buteur face \u00e0 Lille<\/p>\n<p>Douze ans apr\u00e8s son d\u00e9part mouvement de Lille sans y avoir jou\u00e9 la moindre minute, Florian Thauvin retrouvait le Losc samedi soir sous le maillot lensois. L&rsquo;attaquant de 32 ans a fait ce qu&rsquo;il fallait pour se faire adopter pour les supporters Sangs et Or\u00a0: un match plein et une frappe enroul\u00e9e du gauche pour marquer le deuxi\u00e8me but lors du large succ\u00e8s lensois (3-0).<\/p>\n<p>\u00ab\u00a0Je savais que j&rsquo;allais \u00eatre tr\u00e8s attendu, j&rsquo;ai r\u00e9pondu pr\u00e9sent\u00a0\u00bb, a confi\u00e9 l&rsquo;ex-Marseillais au sortir du match. \u00ab\u00a0Pour certains le meilleur \u00e2ge c&rsquo;est 28 ans, moi ma meilleure p\u00e9riode je la ressens maintenant\u00a0\u00bb.<\/p>\n<p>Ce contenu est bloqu\u00e9 car vous n&rsquo;avez pas accept\u00e9 les cookies et autres traceurs.<\/p>\n<p>En cliquant sur \u00ab J\u2019accepte \u00bb, les cookies et autres traceurs seront d\u00e9pos\u00e9s et vous pourrez visualiser les contenus  (<a href=\"\" class=\"consentModule_policy\" target=\"_blank\" title=\"Consulter la politique de protection des donn\u00e9es du fournisseur\">plus d&rsquo;informations<\/a>).<\/p>\n<p>En cliquant sur \u00ab J\u2019accepte tous les cookies \u00bb, vous autorisez des d\u00e9p\u00f4ts de cookies et autres traceurs pour le stockage de vos donn\u00e9es sur nos sites et applications \u00e0 des fins de personnalisation et de ciblage publicitaire.<\/p>\n<p class=\"consentModule_secondaryText\">Vous gardez la possibilit\u00e9 de retirer votre consentement \u00e0 tout moment en consultant notre <a href=\"https:\/\/www.ledauphine.com\/protection-des-donnees\" target=\"_blank\" title=\"Consulter notre politique de protection des donn\u00e9es\" rel=\"nofollow noopener\">politique de protection des donn\u00e9es<\/a>. <br \/>&#13;<br \/>\n            <a href=\"https:\/\/www.ledauphine.com\/sport\/2025\/09\/22\/javascript:Didomi.notice.show()\" class=\"consentModule_cmp\" rel=\"nofollow noopener\" target=\"_blank\">G\u00e9rer mes choix<\/a>&#13;\n        <\/p>\n<p>&#13;<br \/>\n                        J&rsquo;accepte&#13;<br \/>\n            J&rsquo;accepte tous les cookies&#13;\n        <\/p>\n<p>  L&rsquo;image\u00a0: Emegha c\u00e9l\u00e8bre face au parcage strasbourgeois<\/p>\n<p>Houspill\u00e9 par ses propres supporters le week-end pr\u00e9c\u00e9dent, Emmanuel Emegha a r\u00e9pondu sur le terrain. Les supporters strasbourgeois lui reprochent l&rsquo;annonce pr\u00e9coce de sa signature \u00e0 Chelsea\u00a0? L&rsquo;attaquant n\u00e9erlandais prouve son implication avec une entr\u00e9e d\u00e9cisive.<\/p>\n<p>Entr\u00e9 en jeu \u00e0 la 60e minute, le capitaine du Racing a\u00a0d\u00e9livr\u00e9 une passe d\u00e9cisive et marqu\u00e9 un but lors du <a href=\"https:\/\/www.ledauphine.com\/sport\/2025\/09\/21\/grace-a-l-entree-d-emanuel-emegha-strasbourg-s-en-sort-bien-sur-la-pelouse-du-paris-fc\" target=\"_blank\" rel=\"nofollow noopener\">succ\u00e8s strasbourgeois<\/a> sur la pelouse du Paris FC (2-3). Emegha a ensuite retir\u00e9 son maillot et l&rsquo;a montr\u00e9 aux supporters\u00a0comme pour leur assurer qu&rsquo;il faudrait compter sur lui.<\/p>\n<p>  La pol\u00e9mique\u00a0: OM-PSG report\u00e9&#8230; pendant la c\u00e9r\u00e9monie du Ballon d&rsquo;Or<\/p>\n<p>Initialement programm\u00e9 dimanche \u00e0 20h30, le choc entre l&rsquo;OM et le PSG a d\u00fb \u00eatre report\u00e9 sur d\u00e9cision pr\u00e9fectorale \u00e0 cause des intemp\u00e9ries. Une heure plus tard, la Ligue a annonc\u00e9 que le match aurait finalement lieu lundi \u00e0 20h. Probl\u00e8me\u00a0: la c\u00e9r\u00e9monie du Ballon d&rsquo;Or &#8211; qui concernent de nombreux joueurs parisiens &#8211; d\u00e9bute \u00e0 21h.<\/p>\n<p>M\u00e9content de ce t\u00e9lescopage, le PSG a tent\u00e9 en coulisses de d\u00e9caler la rencontre. Selon les informations de <a href=\"https:\/\/rmcsport.bfmtv.com\/football\/ligue-1\/direct-om-psg-suivez-le-classique-en-live-pour-le-choc-de-la-5e-journee-de-ligue-1_LS-202509210128.html\" target=\"_blank\" rel=\"nofollow noopener\">RMC Sport<\/a>, le club parisien voulait jouer lundi \u00e0 15h ou \u00e0 17h pour permettre aux joueurs de se rendre \u00e0 Paris dans la foul\u00e9e. Une \u00e9ventualit\u00e9 refus\u00e9e par l&rsquo;OM qui souhaitait simplement que le r\u00e8glement soit respect\u00e9.<\/p>\n<p>Le but\u00a0: le bijou collectif d&rsquo;Auxerre<\/p>\n<p>Du jeu collectif \u00e0 une touche et un subtil piqu\u00e9 au-dessus du gardien. Juste avant la pause, les Auxerrois ont r\u00e9gal\u00e9 les supporters de l&rsquo;Abb\u00e9-Deschamps avec un mouvement collectif parfaitement conclu Danny Namaso.<\/p>\n<p>Ce contenu est bloqu\u00e9 car vous n&rsquo;avez pas accept\u00e9 les cookies et autres traceurs.<\/p>\n<p>En cliquant sur \u00ab J\u2019accepte \u00bb, les cookies et autres traceurs seront d\u00e9pos\u00e9s et vous pourrez visualiser les contenus  (<a href=\"\" class=\"consentModule_policy\" target=\"_blank\" title=\"Consulter la politique de protection des donn\u00e9es du fournisseur\">plus d&rsquo;informations<\/a>).<\/p>\n<p>En cliquant sur \u00ab J\u2019accepte tous les cookies \u00bb, vous autorisez des d\u00e9p\u00f4ts de cookies et autres traceurs pour le stockage de vos donn\u00e9es sur nos sites et applications \u00e0 des fins de personnalisation et de ciblage publicitaire.<\/p>\n<p class=\"consentModule_secondaryText\">Vous gardez la possibilit\u00e9 de retirer votre consentement \u00e0 tout moment en consultant notre <a href=\"https:\/\/www.ledauphine.com\/protection-des-donnees\" target=\"_blank\" title=\"Consulter notre politique de protection des donn\u00e9es\" rel=\"nofollow noopener\">politique de protection des donn\u00e9es<\/a>. <br \/>&#13;<br \/>\n            <a href=\"https:\/\/www.ledauphine.com\/sport\/2025\/09\/22\/javascript:Didomi.notice.show()\" class=\"consentModule_cmp\" rel=\"nofollow noopener\" target=\"_blank\">G\u00e9rer mes choix<\/a>&#13;\n        <\/p>\n<p>&#13;<br \/>\n                        J&rsquo;accepte&#13;<br \/>\n            J&rsquo;accepte tous les cookies&#13;\n        <\/p>\n","protected":false},"excerpt":{"rendered":"La stat&rsquo;\u00a0: El-Arabi, 14 ans plus tard Entr\u00e9 en jeu \u00e0 la 82e minute face \u00e0 Rennes, Youssef&hellip;\n","protected":false},"author":2,"featured_media":408838,"comment_status":"","ping_status":"","sticky":false,"template":"","format":"standard","meta":{"footnotes":""},"categories":[2815],"tags":[1111,11,1777,674,107,63,1011,27,811,1307,12,25,517,1947],"class_list":{"0":"post-408837","1":"post","2":"type-post","3":"status-publish","4":"format-standard","5":"has-post-thumbnail","7":"category-lille","8":"tag-actu","9":"tag-actualites","10":"tag-eu","11":"tag-europe","12":"tag-fil-info","13":"tag-football","14":"tag-fr","15":"tag-france","16":"tag-hauts-de-france","17":"tag-lille","18":"tag-news","19":"tag-republique-francaise","20":"tag-sport","21":"tag-sport-national"},"share_on_mastodon":{"url":"https:\/\/pubeurope.com\/@fr\/115246498147274431","error":""},"_links":{"self":[{"href":"https:\/\/www.europesays.com\/fr\/wp-json\/wp\/v2\/posts\/408837","targetHints":{"allow":["GET"]}}],"collection":[{"href":"https:\/\/www.europesays.com\/fr\/wp-json\/wp\/v2\/posts"}],"about":[{"href":"https:\/\/www.europesays.com\/fr\/wp-json\/wp\/v2\/types\/post"}],"author":[{"embeddable":true,"href":"https:\/\/www.europesays.com\/fr\/wp-json\/wp\/v2\/users\/2"}],"replies":[{"embeddable":true,"href":"https:\/\/www.europesays.com\/fr\/wp-json\/wp\/v2\/comments?post=408837"}],"version-history":[{"count":0,"href":"https:\/\/www.europesays.com\/fr\/wp-json\/wp\/v2\/posts\/408837\/revisions"}],"wp:featuredmedia":[{"embeddable":true,"href":"https:\/\/www.europesays.com\/fr\/wp-json\/wp\/v2\/media\/408838"}],"wp:attachment":[{"href":"https:\/\/www.europesays.com\/fr\/wp-json\/wp\/v2\/media?parent=408837"}],"wp:term":[{"taxonomy":"category","embeddable":true,"href":"https:\/\/www.europesays.com\/fr\/wp-json\/wp\/v2\/categories?post=408837"},{"taxonomy":"post_tag","embeddable":true,"href":"https:\/\/www.europesays.com\/fr\/wp-json\/wp\/v2\/tags?post=408837"}],"curies":[{"name":"wp","href":"https:\/\/api.w.org\/{rel}","templated":true}]}}