{"id":408839,"date":"2025-09-22T06:19:09","date_gmt":"2025-09-22T06:19:09","guid":{"rendered":"https:\/\/www.europesays.com\/fr\/408839\/"},"modified":"2025-09-22T06:19:09","modified_gmt":"2025-09-22T06:19:09","slug":"saint-louis-par-celles-et-ceux-qui-y-vivent-et-y-travaillent","status":"publish","type":"post","link":"https:\/\/www.europesays.com\/fr\/408839\/","title":{"rendered":"Saint-Louis par celles et ceux qui y vivent et y travaillent"},"content":{"rendered":"<p>Chaque lundi, La Provence plonge dans l&rsquo;histoire et \u00e9voque l&rsquo;avenir qu&rsquo;un des quartiers de Marseille. Ce 22 septembre, focus sur Saint-Louis dans le 15e arrondissement.<\/p>\n<p>Farrouj Izzedime, 68 ans, boulanger et dernier commer\u00e7ant de Campagne-L\u00e9v\u00eaque : \u00ab\u00a0S&rsquo;ils relogent tout le monde, qui viendra acheter mon pain\u00a0?\u00a0\u00bb<\/p>\n<p>\u00ab\u00a0Les gens m&rsquo;appellent le r\u00e9sistant.\u00a0\u00bb Install\u00e9 dans sa boulangerie depuis\u00a01987, Farrouj Izzedime a tout v\u00e9cu \u00e0 <a href=\"https:\/\/www.laprovence.com\/article\/faits-divers-justice\/1036297671988214\/un-homme-blesse-par-balle-a-campagne-leveque-dans-le-14e-arrondissement-de-marseille\" target=\"_blank\" rel=\"noopener\">Campagne-L\u00e9v\u00eaque<\/a>. Il y a v\u00e9cu jusqu&rsquo;en\u00a02022, \u00e9lev\u00e9 ses cinq enfants, \u00ab\u00a0tous dipl\u00f4m\u00e9s dans de grandes \u00e9coles\u00a0\u00bb. Il a aussi connu l&rsquo;\u00e9poque o\u00f9 les commerces occupaient tout le rez-de-chauss\u00e9e de la barre.<\/p>\n<p>\u00ab\u00a0Je suis le dernier. Je suis plus qu&rsquo;une boulangerie. J&rsquo;ai presque un r\u00f4le social dans le quartier. Tout le monde me conna\u00eet et mon commerce est un point de rendez-vous, dit-il. Mais Campagne-L\u00e9v\u00eaque est devenu un quartier avec beaucoup de probl\u00e8mes. Son ambiance familiale est un lointain souvenir.\u00a0\u00bb Du <a href=\"https:\/\/www.laprovence.com\/article\/faits-divers-justice\/2613311447781714\/deux-mineurs-interpelles-avec-3-kilos-de-drogue-dans-un-appartement-marseillais-de-campagne-leveque\" target=\"_blank\" rel=\"noopener\">trafic de drogue<\/a> aux \u00ab\u00a0squatteurs qui occupent la moiti\u00e9 des logements\u00a0\u00bb, des probl\u00e8mes b\u00e2timentaires \u00e0 \u00ab\u00a0l&rsquo;inaction du bailleur (13\u00a0Habitat)\u00a0\u00bb, il d\u00e9crit la descente aux enfers du grand ensemble. \u00ab\u00a0Je n&rsquo;ai pas de probl\u00e8me avec le r\u00e9seau ou avec les squatteurs mais ils n&rsquo;ach\u00e8tent &#8230;<\/p>\n","protected":false},"excerpt":{"rendered":"Chaque lundi, La Provence plonge dans l&rsquo;histoire et \u00e9voque l&rsquo;avenir qu&rsquo;un des quartiers de Marseille. Ce 22 septembre,&hellip;\n","protected":false},"author":2,"featured_media":408840,"comment_status":"","ping_status":"","sticky":false,"template":"","format":"standard","meta":{"footnotes":""},"categories":[2814],"tags":[17,1111,11,54042,9069,1777,674,1011,27,884,12,5912,882,5116,3583,16,25,13969],"class_list":{"0":"post-408839","1":"post","2":"type-post","3":"status-publish","4":"format-standard","5":"has-post-thumbnail","7":"category-marseille","8":"tag-17","9":"tag-actu","10":"tag-actualites","11":"tag-celles","12":"tag-ceux","13":"tag-eu","14":"tag-europe","15":"tag-fr","16":"tag-france","17":"tag-marseille","18":"tag-news","19":"tag-par","20":"tag-provence-alpes-cote-dazur","21":"tag-quartiers","22":"tag-qui","23":"tag-region","24":"tag-republique-francaise","25":"tag-saint-louis"},"share_on_mastodon":{"url":"https:\/\/pubeurope.com\/@fr\/115246502055252254","error":""},"_links":{"self":[{"href":"https:\/\/www.europesays.com\/fr\/wp-json\/wp\/v2\/posts\/408839","targetHints":{"allow":["GET"]}}],"collection":[{"href":"https:\/\/www.europesays.com\/fr\/wp-json\/wp\/v2\/posts"}],"about":[{"href":"https:\/\/www.europesays.com\/fr\/wp-json\/wp\/v2\/types\/post"}],"author":[{"embeddable":true,"href":"https:\/\/www.europesays.com\/fr\/wp-json\/wp\/v2\/users\/2"}],"replies":[{"embeddable":true,"href":"https:\/\/www.europesays.com\/fr\/wp-json\/wp\/v2\/comments?post=408839"}],"version-history":[{"count":0,"href":"https:\/\/www.europesays.com\/fr\/wp-json\/wp\/v2\/posts\/408839\/revisions"}],"wp:featuredmedia":[{"embeddable":true,"href":"https:\/\/www.europesays.com\/fr\/wp-json\/wp\/v2\/media\/408840"}],"wp:attachment":[{"href":"https:\/\/www.europesays.com\/fr\/wp-json\/wp\/v2\/media?parent=408839"}],"wp:term":[{"taxonomy":"category","embeddable":true,"href":"https:\/\/www.europesays.com\/fr\/wp-json\/wp\/v2\/categories?post=408839"},{"taxonomy":"post_tag","embeddable":true,"href":"https:\/\/www.europesays.com\/fr\/wp-json\/wp\/v2\/tags?post=408839"}],"curies":[{"name":"wp","href":"https:\/\/api.w.org\/{rel}","templated":true}]}}