{"id":408845,"date":"2025-09-22T06:22:12","date_gmt":"2025-09-22T06:22:12","guid":{"rendered":"https:\/\/www.europesays.com\/fr\/408845\/"},"modified":"2025-09-22T06:22:12","modified_gmt":"2025-09-22T06:22:12","slug":"toute-lactualite-de-ce-lundi-22-septembre-2025-a-lyon","status":"publish","type":"post","link":"https:\/\/www.europesays.com\/fr\/408845\/","title":{"rendered":"Toute l&rsquo;actualit\u00e9 de ce lundi 22 septembre 2025 \u00e0 Lyon"},"content":{"rendered":"<p>A la une de l\u2019info \u00e0 Lyon : une semaine fraiche et pluvieuse, la reconnaissance officielle de la Palestine f\u00eat\u00e9e \u00e0 Vaulx-en-Velin, lancement de campagnes pour Mich\u00e8le Picard \u00e0 V\u00e9nissieux et Alexandre Humbert Dupalais \u00e0 Lyon, un spectacle chor\u00e9graphique associant danseurs pro et a\u00een\u00e9s dans le cadre de la Biennale de la Danse\u2026<\/p>\n<p>ECOUTEZ LE 1\/4H LYONNAIS\u2026 Toute l\u2019actualit\u00e9 de ce lundi 22 septembre 2025<\/p>\n<p>LE 1\/4H LYONNAIS | lundi 22 septembre 2025<\/p>\n<p>Les <strong>pluies<\/strong> importantes de ces derni\u00e8res heures ont provoqu\u00e9 diff\u00e9rents <strong>incidents<\/strong> et de gros <strong>ralentissements<\/strong> hier en fin de journ\u00e9e pour les retours de week-end<\/p>\n<p>La <strong>fra\u00eecheur<\/strong> et les <strong>pr\u00e9cipitations<\/strong> devraient se poursuivre tout au long de la semaine.<\/p>\n<p>Le comit\u00e9 vaudais du <strong>Mouvement de la Paix<\/strong> appelle \u00e0 un rassemblement <strong>devant l\u2019h\u00f4tel de ville de Vaulx-en-Velin<\/strong> ce soir \u00e0 19 h.\u00a0Pour c\u00e9l\u00e9brer la <strong>reconnaissance officielle de la Palestine<\/strong>, mais aussi pour <strong>d\u00e9noncer le g\u00e9nocide<\/strong> en cours dans les territoires palestiniens.<\/p>\n<p>La maire sortante de V\u00e9nissieux (PCF), <strong>Mich\u00e8le Picard<\/strong>, se lance officiellement dans la <strong>campagne des municipales et des m\u00e9tropolitaines de 2026<\/strong> pour briguer un quatri\u00e8me mandat<\/p>\n<p>Lancement de campagne samedi soir pour le Ciottiste <strong>Alexandre Humbert Dupalais. Candidat soutenu par le RN,<\/strong> pour les<strong> municipales 2026<\/strong> \u00e0 Lyon\u2026 Et ce, devant une petite centaine de personnes\u2026<\/p>\n<p>Ecoutez aussi : <a href=\"https:\/\/www.lyondemain.fr\/clairefontaine-une-residence-pour-sourds-avec-handicap\/\" target=\"_blank\" rel=\"noreferrer noopener\">Clairefontaine : une r\u00e9sidence pour sourds avec handicap<\/a><\/p>\n<p>Egalement dans l\u2019actualit\u00e9 de ce lundi 22 septembre<\/p>\n<p>Le spectacle chor\u00e9graphique \u00ab\u00a0<strong>Miroir Miroir<\/strong>\u00a0\u00bb met sur sc\u00e8ne des <strong>danseurs et danseuses professionnels<\/strong>. Mais aussi des <strong>r\u00e9sidentes et r\u00e9sidents d\u2019EHPAD<\/strong><\/p>\n<p>Nos invit\u00e9s : <strong>Marie-Claude<\/strong>, <strong>Juliette<\/strong>, <strong>C\u00e9cile Combaret<\/strong>, fondatrice de l\u2019entreprise de m\u00e9diation culturelle, <strong><a href=\"http:\/\/www.momentum-artsvivants.com\/\" target=\"_blank\" rel=\"noreferrer noopener\">Momentum<\/a><\/strong> et co-directrice artistique de la pi\u00e8ce, <strong>C\u00e9line Juan<\/strong> est psychomotricienne \u00e0 l\u2019<strong><a href=\"https:\/\/www.groupe-acppa.fr\/\" target=\"_blank\" rel=\"noreferrer noopener\">EHPAD La Rochette<\/a><\/strong>, et le chor\u00e9graphique <strong><a href=\"https:\/\/www.cie-colegram.com\/\" target=\"_blank\" rel=\"noreferrer noopener\">Tarek A\u00eft Meddour<\/a><\/strong><\/p>\n<p><strong>Miroir Miroir<\/strong> sera jou\u00e9e le vendredi 26 septembre, \u00e0 18h. A la <strong>Chapelle de la Trinit\u00e9<\/strong>, dans le cadre de la <strong>Biennale de la Danse\u00a0<\/strong><\/p>\n<p>Rugby : victoire du LOU sur le Stade Fran\u00e7ais au Matmut Stadium de Gerland<\/p>\n<p>OL Lyonnes s\u2019est aussi impos\u00e9 dans le derby face aux St\u00e9phanoises\u00a0<\/p>\n<p>Vendredi, l\u2019OL s\u2019est impos\u00e9 face \u00e0 Angers<\/p>\n<p>Ecpoutez aussi : <a href=\"https:\/\/www.lyondemain.fr\/actualite-de-ce-vendredi-19-septembre-lyon-info-biennale-quarelle-saint-priest\/\" target=\"_blank\" rel=\"noreferrer noopener\">Toute l\u2019actualit\u00e9 de ce vendredi 19 septembre 2025 \u00e0 Lyon<\/a><\/p>\n<p><img fetchpriority=\"high\" decoding=\"async\" width=\"1200\" height=\"675\" src=\"https:\/\/www.europesays.com\/fr\/wp-content\/uploads\/2025\/09\/actualite-de-ce-lundi-22-septembre-2025.jpg\" alt=\"actualit\u00e9 de ce lundi 22 septembre 2025 info \u00e0 Lyon\" class=\"wp-image-251576\"  \/>Retrouvez aussi le Quart d\u2019Heure Lyonnais de Lyon Demain sur les antennes de Radio Pluriel (Lyon). Radio Salam (Lyon, Saint-Etienne et Bourg) et Radio Arm\u00e9nie (Lyon et Vienne)<br \/>\nJ\u2019aime \u00e7a\u00a0:<\/p>\n<p>J\u2019aime chargement\u2026<\/p>\n<p><a class=\"sd-link-color\"\/><\/p>\n<p>\n\tArticles similaires\n<\/p>\n<p>\t\t\t\t<img decoding=\"async\" src=\"https:\/\/www.europesays.com\/fr\/wp-content\/uploads\/2025\/09\/1758522132_706_7866158698e17e8ed633c05e8f8e7fe5d9e057ad78661c4dc34e413abb6b9f19\" alt=\"G\u00e9rald Bouchon\"\/><\/p>\n<p>Pionnier des radios libres, passionn\u00e9 de radio, journaliste et dirigeant de m\u00e9dias \u00e9co-responsables..<\/p>\n","protected":false},"excerpt":{"rendered":"A la une de l\u2019info \u00e0 Lyon : une semaine fraiche et pluvieuse, la reconnaissance officielle de la&hellip;\n","protected":false},"author":2,"featured_media":408846,"comment_status":"","ping_status":"","sticky":false,"template":"","format":"standard","meta":{"footnotes":""},"categories":[1889],"tags":[54043,1111,11,18462,54044,54045,2430,24843,54046,5972,12216,54047,36284,4188,1777,674,1011,27,3059,12589,2428,2487,49582,54048,39028,12,23183,978,3518,19340,1078,25,3552,3140,54049,5070,9406,4375],"class_list":{"0":"post-408845","1":"post","2":"type-post","3":"status-publish","4":"format-standard","5":"has-post-thumbnail","7":"category-lyon","8":"tag-acppa","9":"tag-actu","10":"tag-actualites","11":"tag-aines","12":"tag-alexandre-humbert-dupalais","13":"tag-animation-en-ehpad","14":"tag-auvergne-rhone-alpes","15":"tag-biennale-de-la-danse","16":"tag-chapelle-de-la-trinite","17":"tag-danse","18":"tag-ehpad","19":"tag-ehpad-la-rochette","20":"tag-elections-metropolitaines","21":"tag-elections-municipales","22":"tag-eu","23":"tag-europe","24":"tag-fr","25":"tag-france","26":"tag-intemperies","27":"tag-lou-rugby","28":"tag-lyon","29":"tag-meteo","30":"tag-michele-picard","31":"tag-miroir-miroir","32":"tag-mouvement-de-la-paix","33":"tag-news","34":"tag-ol-lyonnes","35":"tag-olympique-lyonnais","36":"tag-palestine","37":"tag-pluies","38":"tag-rassemblement-national","39":"tag-republique-francaise","40":"tag-seniors","41":"tag-spectacle","42":"tag-tarek-ait-meddour","43":"tag-vaulx-en-velin","44":"tag-ve","45":"tag-venissieux"},"share_on_mastodon":{"url":"","error":"Validation failed: Text character limit of 500 exceeded"},"_links":{"self":[{"href":"https:\/\/www.europesays.com\/fr\/wp-json\/wp\/v2\/posts\/408845","targetHints":{"allow":["GET"]}}],"collection":[{"href":"https:\/\/www.europesays.com\/fr\/wp-json\/wp\/v2\/posts"}],"about":[{"href":"https:\/\/www.europesays.com\/fr\/wp-json\/wp\/v2\/types\/post"}],"author":[{"embeddable":true,"href":"https:\/\/www.europesays.com\/fr\/wp-json\/wp\/v2\/users\/2"}],"replies":[{"embeddable":true,"href":"https:\/\/www.europesays.com\/fr\/wp-json\/wp\/v2\/comments?post=408845"}],"version-history":[{"count":0,"href":"https:\/\/www.europesays.com\/fr\/wp-json\/wp\/v2\/posts\/408845\/revisions"}],"wp:featuredmedia":[{"embeddable":true,"href":"https:\/\/www.europesays.com\/fr\/wp-json\/wp\/v2\/media\/408846"}],"wp:attachment":[{"href":"https:\/\/www.europesays.com\/fr\/wp-json\/wp\/v2\/media?parent=408845"}],"wp:term":[{"taxonomy":"category","embeddable":true,"href":"https:\/\/www.europesays.com\/fr\/wp-json\/wp\/v2\/categories?post=408845"},{"taxonomy":"post_tag","embeddable":true,"href":"https:\/\/www.europesays.com\/fr\/wp-json\/wp\/v2\/tags?post=408845"}],"curies":[{"name":"wp","href":"https:\/\/api.w.org\/{rel}","templated":true}]}}