{"id":408852,"date":"2025-09-22T06:27:12","date_gmt":"2025-09-22T06:27:12","guid":{"rendered":"https:\/\/www.europesays.com\/fr\/408852\/"},"modified":"2025-09-22T06:27:12","modified_gmt":"2025-09-22T06:27:12","slug":"a-paris-des-centaines-dhabitants-de-cette-republique-de-voisins-achetent-la-maison-de-tout-le-quartier","status":"publish","type":"post","link":"https:\/\/www.europesays.com\/fr\/408852\/","title":{"rendered":"\u00c0 Paris, des centaines d&rsquo;habitants de cette \u00ab\u00a0R\u00e9publique de voisins\u00a0\u00bb ach\u00e8tent la \u00ab\u00a0maison de tout le quartier\u00a0\u00bb"},"content":{"rendered":"<p>            Par<br \/>\n        <strong><br \/>\n            <a href=\"https:\/\/actu.fr\/auteur\/glenn-gillet\" title=\"Consulter tous les articles de Glenn Gillet\" target=\"_blank\" rel=\"noopener\">Glenn Gillet<\/a><br \/>\n        <\/strong><\/p>\n<p>        Publi\u00e9 le<\/p>\n<p>            22 sept. 2025 \u00e0 7h38        <\/p>\n<p>Le soleil a mis du temps mais il a fini par se montrer pour rapprocher la temp\u00e9rature de l\u2019air des 20\u00b0C, ce dimanche 21\u00a0septembre \u00e0 Paris\u2009: un temps parfait, sec qui plus est, pour la \u00ab\u2009Table d\u2019Aude\u2009\u00bb, un <strong>banquet<\/strong> participatif d\u2019un <strong>millier de couverts<\/strong> organis\u00e9 chaque ann\u00e9e dans le 14e arrondissement, rue de l\u2019Aude, par la <a href=\"https:\/\/actu.fr\/ile-de-france\/paris_75056\/des-habitants-de-paris-veulent-choisir-les-commerces-de-leur-quartier_50170661.html\" target=\"_blank\" rel=\"noopener\">\u00ab\u2009R\u00e9publique des Hyper Voisins\u2009\u00bb<\/a>. Cette association locale haute en couleur a pour objectif de recr\u00e9er <strong>\u00ab\u2009un esprit de village\u2009\u00bb<\/strong> pour\u00a0les 15\u2009000\u00a0personnes qui habitent dans ce quartier de 73 hectares comprenant 53 rues situ\u00e9es entre le Parc Montsouris et Denfert Rochereau. En dehors des banquets, l\u2019association connecte ses membres gr\u00e2ce \u00e0 des boucles Whatsapp autog\u00e9r\u00e9es et tr\u00e8s organis\u00e9es pour mettre au point rencontres et activit\u00e9s. Mais depuis peu, les voisins ont commenc\u00e9 \u00e0 concr\u00e9tiser un <strong>projet un peu fou<\/strong>\u2009mais en passe d\u2019\u00eatre r\u00e9alis\u00e9\u2009: que diriez-vous de profiter d\u2019une petite \u00ab\u2009maison\u2009\u00bb en plein Paris, \u00e0 la seule condition de la partager avec quelques centaines de copropri\u00e9taires\u2009?<\/p>\n<p>600 \u00ab\u2009briques\u2009\u00bb de 1\u2009000\u00a0euros<\/p>\n<p class=\" wall-content\">L\u2019association a sign\u00e9 mi-juillet un compromis de vente pour un local situ\u00e9 au num\u00e9ro\u00a029 de leur rue f\u00e9tiche, afin d\u2019en faire une \u00ab\u2009maison\u2009\u00bb destin\u00e9 \u00e0 l\u2019usage collectif\u2009: Pour financer les 600\u2009000\u00a0euros (deux tiers pour l\u2019achat et le notaire, un tiers pour les travaux) que repr\u00e9sente l\u2019achat de cet ancien atelier de pyrogravure de plus de <strong>120m\u00b2<\/strong> qui pouvait difficilement \u00eatre transform\u00e9 en vrai logement, justement situ\u00e9 au 29 rue de l\u2019Aude, l\u2019association a mis en place des \u00ab\u2009briques\u2009\u00bb d\u2019une valeur de 1\u2009000\u00a0euros, achetable par tout un chacun, habitant du quartier ou non. On peut les acheter et devenir effectivement copropri\u00e9taire, ou alors faire un don d\u00e9fiscalis\u00e9. Depuis mi-juillet, environ 60\u2009% des briques ont d\u00e9j\u00e0 trouv\u00e9 preneurs \u00e0 ce jour et le projet fait m\u00eame partie des propositions du budget participatif 2025 de la mairie de Paris pour le 14e arrondissement. L\u2019objectif est de transformer l\u2019endroit un grand \u00ab\u2009appartement o\u00f9 on ne dort pas\u2009\u00bb, r\u00e9sume Patrick Bernard, fondateur de l\u2019association.<\/p>\n<blockquote class=\"ac-article-quote wall-content\">\n<p>\u00ab\u2009On va en faire la maison de tout le quartier. Toutes les activit\u00e9s de tout le quartier vont forc\u00e9ment pouvoir \u00eatre valoris\u00e9es si on est capable de les centraliser dans un lieu\u2009\u00bb<\/p>\n<p>    <strong>Patrick Bernard<\/strong>\n            <\/p><\/blockquote>\n<p class=\" wall-content\">Pour ces milliers de voisins d\u00e9j\u00e0 fort investis non seulement, la qu\u00eate de convivialit\u00e9 passe un nouveau cap. Anne Bolinn, septuag\u00e9naire habitante du quartier depuis ses 20\u00a0ans, a rejoint la R\u00e9publique il y a un an, une adh\u00e9sion synonyme pour elle de <strong>\u00ab\u2009bonheur\u2009\u00bb\u2009<\/strong>: \u00ab\u2009Bien qu\u2019ayant des amis mais pas de famille, les Hypers Voisins m\u2019ont permis de m\u2019investir dans beaucoup de choses comme le chant et l\u2019\u00e9criture de chansons. \u00c7a cr\u00e9e des liens tr\u00e8s riches, inesp\u00e9r\u00e9s dans une ville, car on peut y \u00eatre tr\u00e8s seul\u2009\u00bb. Deux conditions toutefois pour \u00eatre un citoyen hyper voisin\u2009: \u00eatre poli et s\u2019interdire de dire des choses n\u00e9gatives, notamment sur les autres, afin d\u2019\u00e9viter les \u00ab\u2009comm\u00e9rages\u2009\u00bb, le trop courant revers de la m\u00e9daille du fait de conna\u00eetre tous ses voisins.<\/p>\n<p>    <img   decoding=\"async\" loading=\"lazy\" src=\"https:\/\/www.europesays.com\/fr\/wp-content\/uploads\/2025\/09\/img-6941-960x640.jpg\" alt=\"Anne Bolinn, membre des Hypers Voisins, ici dimanche 21 d\u00e9cembre lors du banquet, a achet\u00e9 deux briques pour la future \" width=\"960\" height=\"640\"\/><br \/>\n    Anne Bolinn, membre des Hypers Voisins, ici dimanche 21\u00a0d\u00e9cembre lors du banquet, a achet\u00e9 deux briques pour la future \u00ab\u2009maison\u2009\u00bb du quartier. (\u00a9GG \/ actu Paris)<\/p>\n<p class=\" wall-content\">Un an apr\u00e8s son adh\u00e9sion, Anne Bolinn a particip\u00e9 ce dimanche \u00e0 sa premi\u00e8re Table d\u2019Aude, pour laquelle elle a ramen\u00e9 une quiche destin\u00e9e \u00e0 \u00eatre partag\u00e9e. \u00ab\u2009Je voulais faire connaissance avec des gens que je ne reverrai peut-\u00eatre ou peut-\u00eatre pas mais avec qui on va cr\u00e9er du lien\u2009\u00bb, confie-t-elle, \u00ab\u2009Je viens ici pour <strong>butiner comme un papillon<\/strong> avec l\u2019espoir que des petites choses s\u2019approfondissent\u2009\u00bb.<\/p>\n<p class=\" wall-content\">Elle a en tout cas d\u00e9cid\u00e9 de faire un acte fort pour soutenir la communaut\u00e9\u2009: une donation de <strong>2000 euros<\/strong> pour participer \u00e0 l\u2019achat de la fameuse \u00ab\u2009maison\u2009\u00bb\u2009: \u00ab\u2009Peut-\u00eatre que je ne verrai pas le r\u00e9sultat final apr\u00e8s les travaux mais je voulais encourager un projet enthousiasmant humainement, qui vise \u00e0 cr\u00e9er un vrai c\u0153ur, un foyer pour ce quartier\u2009\u00bb.<\/p>\n<p>Votre r\u00e9gion, votre actu !<\/p>\n<p>Recevez chaque jour les infos qui comptent pour vous.<\/p>\n<p>\t<a href=\"https:\/\/actu.fr\/newsletter\" class=\"ac-btn ac-btn--corner ac-btn--medium ac-btn--blue800\" target=\"_blank\" rel=\"noopener\">S&rsquo;incrire<\/a><\/p>\n<p>    <img   decoding=\"async\" loading=\"lazy\" src=\"https:\/\/www.europesays.com\/fr\/wp-content\/uploads\/2025\/09\/img-6990-960x640.jpg\" alt=\"Quelques-unes des briques mat\u00e9rielis\u00e9s dans le local des Hyper Voisins, avec les noms des participants.\" width=\"960\" height=\"640\"\/><br \/>\n    Quelques-unes des briques mat\u00e9rialis\u00e9es dans le local des Hyper Voisins, avec les noms des participants. (\u00a9GG \/ actu Paris)\u00ab\u2009On se demande comment on fait les choses ensemble, comment on s\u2019aide\u2009\u00bb<\/p>\n<p class=\" wall-content\">Le banquet de ce dimanche a ainsi \u00e9t\u00e9 l\u2019occasion de pr\u00e9senter aux membres de l\u2019association le futur local totalement vide actuellement. Une t\u00e9l\u00e9 install\u00e9e sur une table pr\u00e9sentait une <strong>vid\u00e9o en 3D<\/strong> de ce \u00e0 quoi la future maison du quartier devrait ressembler \u00e0 l\u2019issue des travaux, qui pourront commencer quand toutes les 600 briques auront trouv\u00e9 preneurs. On retrouvera ainsi une belle et grandes cuisine, une biblioth\u00e8que, un espace d\u00e9tente\u2026 Tout pour cr\u00e9er du lien entre les voisins. Pour financer leurs charges, les Hyper Voisins loueront ponctuellement leur \u00ab\u2009maison\u2009\u00bb pour des \u00e9v\u00e9nements d\u2019entreprise ou des formations par exemple, mais l\u2019id\u00e9e reste que les habitants puissent en profiter la grande majorit\u00e9 du temps.<\/p>\n<p>    <img   decoding=\"async\" loading=\"lazy\" src=\"https:\/\/www.europesays.com\/fr\/wp-content\/uploads\/2025\/09\/img-6958-960x640.jpg\" alt=\"Le projet de futur local des Hyoer Voisins \u00e0 l'issue des travaux.\" width=\"960\" height=\"640\"\/><br \/>\n    Le projet de futur local des Hyper Voisins \u00e0 l\u2019issue des travaux. (\u00a9GG \/ actu Paris)<\/p>\n<p class=\" wall-content\">Pour Patrick Bernard, la d\u00e9marche de l\u2019association \u00ab\u2009<strong>dans l\u2019air du temps<\/strong> parce que \u00e7a vient cocher des cases qui sont un peu antith\u00e9tiques avec l\u2019anxi\u00e9t\u00e9 de l\u2019actualit\u00e9 aujourd\u2019hui. On se demande comment on fait les choses ensemble, comment on s\u2019aide\u2009\u00bb. Il estime en particulier qu\u2019en ville \u00ab\u2009les interactions entre les gens sont plut\u00f4t st\u00e9rilis\u00e9es par la promiscuit\u00e9 \u2013 on se m\u00e9fie de son voisin qui fait du bruit, qui peut \u00eatre intrusif \u2013 que dynamiser par la proximit\u00e9\u2009\u00bb, et l\u2019id\u00e9e est donc ici d\u2019inverser la tendance.<\/p>\n<p class=\" wall-content\">Face au succ\u00e8s du mouvement, de nombreux m\u00e9dias fran\u00e7ais et internationaux veulent raconter l\u2019histoire des Hypers Voisins. Patrick Bernard est lui-m\u00eame invit\u00e9 un peu partout dans le monde (en France mais aussi en Allemagne et Japon r\u00e9cemment) pour pr\u00e9senter de faire essaimer la petite utopie \u00e0 laquelle il a donn\u00e9 naissance. Et de faire rayonner un enthousiasme r\u00e9sum\u00e9 par Anne Bolinn\u2009: \u00ab\u2009Je pense que ce qu\u2019il se passe ici, \u00e7a peut repr\u00e9senter les <strong>villes du futur<\/strong>\u2009\u00bb.<\/p>\n<p class=\" wall-content\">Personnalisez votre actualit\u00e9 en ajoutant vos villes et m\u00e9dias en favori avec <a href=\"https:\/\/moncompte.actu.fr\" title=\"D\u00e9couvez Mon Actu\" rel=\"nofollow noopener\" data-trk=\"{&quot;cta&quot;:{&quot;action&quot;:&quot;https:\\\/\\\/moncompte.actu.fr&quot;,&quot;category&quot;:&quot;mon compte&quot;,&quot;from&quot;:&quot;article footer&quot;,&quot;name&quot;:&quot;Mon actu&quot;,&quot;type&quot;:&quot;cta&quot;}}\" target=\"_blank\">Mon Actu<\/a>.<\/p>\n","protected":false},"excerpt":{"rendered":"Par Glenn Gillet Publi\u00e9 le 22 sept. 2025 \u00e0 7h38 Le soleil a mis du temps mais il&hellip;\n","protected":false},"author":2,"featured_media":408853,"comment_status":"","ping_status":"","sticky":false,"template":"","format":"standard","meta":{"footnotes":""},"categories":[1888],"tags":[11,1063,1777,674,1011,27,1116,12,626,25,104,3400],"class_list":{"0":"post-408852","1":"post","2":"type-post","3":"status-publish","4":"format-standard","5":"has-post-thumbnail","7":"category-paris","8":"tag-actualites","9":"tag-animations","10":"tag-eu","11":"tag-europe","12":"tag-fr","13":"tag-france","14":"tag-immobilier","15":"tag-news","16":"tag-paris","17":"tag-republique-francaise","18":"tag-societe","19":"tag-solidarite"},"share_on_mastodon":{"url":"https:\/\/pubeurope.com\/@fr\/115246533628839349","error":""},"_links":{"self":[{"href":"https:\/\/www.europesays.com\/fr\/wp-json\/wp\/v2\/posts\/408852","targetHints":{"allow":["GET"]}}],"collection":[{"href":"https:\/\/www.europesays.com\/fr\/wp-json\/wp\/v2\/posts"}],"about":[{"href":"https:\/\/www.europesays.com\/fr\/wp-json\/wp\/v2\/types\/post"}],"author":[{"embeddable":true,"href":"https:\/\/www.europesays.com\/fr\/wp-json\/wp\/v2\/users\/2"}],"replies":[{"embeddable":true,"href":"https:\/\/www.europesays.com\/fr\/wp-json\/wp\/v2\/comments?post=408852"}],"version-history":[{"count":0,"href":"https:\/\/www.europesays.com\/fr\/wp-json\/wp\/v2\/posts\/408852\/revisions"}],"wp:featuredmedia":[{"embeddable":true,"href":"https:\/\/www.europesays.com\/fr\/wp-json\/wp\/v2\/media\/408853"}],"wp:attachment":[{"href":"https:\/\/www.europesays.com\/fr\/wp-json\/wp\/v2\/media?parent=408852"}],"wp:term":[{"taxonomy":"category","embeddable":true,"href":"https:\/\/www.europesays.com\/fr\/wp-json\/wp\/v2\/categories?post=408852"},{"taxonomy":"post_tag","embeddable":true,"href":"https:\/\/www.europesays.com\/fr\/wp-json\/wp\/v2\/tags?post=408852"}],"curies":[{"name":"wp","href":"https:\/\/api.w.org\/{rel}","templated":true}]}}