{"id":408866,"date":"2025-09-22T06:34:12","date_gmt":"2025-09-22T06:34:12","guid":{"rendered":"https:\/\/www.europesays.com\/fr\/408866\/"},"modified":"2025-09-22T06:34:12","modified_gmt":"2025-09-22T06:34:12","slug":"leurope-devient-une-colonie-de-wall-street-lalerte-lucide-denrico-letta","status":"publish","type":"post","link":"https:\/\/www.europesays.com\/fr\/408866\/","title":{"rendered":"\u00ab\u00a0L\u2019Europe devient une colonie de Wall Street\u00a0\u00bb\u00a0: l\u2019alerte lucide d\u2019Enrico Letta"},"content":{"rendered":"<p>Command\u00e9 par le Conseil europ\u00e9en en avril\u00a02024, <a class=\"Link\" href=\"https:\/\/www.lepoint.fr\/monde\/marche-unique-enrico-letta-secoue-l-europe-pour-eviter-la-colonisation-americaine-22-10-2024-2573419_24.php\" title=\"\" data-gtm=\"click:capsule\" data-capsule=\"Lien\" target=\"_blank\" rel=\"noopener\">le rapport d&rsquo;Enrico Letta sur l&rsquo;avenir du march\u00e9<\/a> unique tire la sonnette d&rsquo;alarme\u00a0: trente ans apr\u00e8s Maastricht, l&rsquo;Europe accuse un retard dangereux face aux \u00c9tats-Unis et \u00e0 la Chine. T\u00e9l\u00e9coms, \u00e9nergie, services financiers\u2026 dans ces secteurs strat\u00e9giques, la fragmentation europ\u00e9enne fait le jeu de Wall Street et des g\u00e9ants am\u00e9ricains. L&rsquo;ancien pr\u00e9sident du Conseil italien, aujourd&rsquo;hui \u00e0 la t\u00eate de l&rsquo;Institut Jacques-Delors, plaide pour un sursaut\u00a0: achever enfin l&rsquo;int\u00e9gration avant 2028, cr\u00e9er des \u00ab\u00a0Airbus\u00a0\u00bb dans tous les secteurs et instaurer une \u00ab\u00a0cinqui\u00e8me libert\u00e9\u00a0\u00bb sur la connaissance. Avec les menaces de Trump et la pression russe, l&rsquo;urgence n&rsquo;a jamais \u00e9t\u00e9 aussi criante. \u00ab\u00a0C&rsquo;est maintenant ou jamais\u00a0\u00bb, pr\u00e9vient-il. Rencontre.<\/p>\n<p><strong><strong class=\"glbl-red\">Le Point&#8230;<\/strong><\/strong><\/p>\n<p>Toute l\u2019actualit\u00e9 \u00e0 1\u20ac le premier mois<\/p>\n<p><a href=\"https:\/\/abo.lepoint.fr\/?provenance=21EDI020098\" class=\"btn\" title=\"S&#039;abonner\" data-gtm=\"click:abo|display:abo\" data-campaign=\"paywall_maison\" target=\"_blank\" rel=\"noopener\">S&rsquo;abonner<\/a><\/p>\n<p>ou<\/p>\n","protected":false},"excerpt":{"rendered":"Command\u00e9 par le Conseil europ\u00e9en en avril\u00a02024, le rapport d&rsquo;Enrico Letta sur l&rsquo;avenir du march\u00e9 unique tire la&hellip;\n","protected":false},"author":2,"featured_media":408867,"comment_status":"","ping_status":"","sticky":false,"template":"","format":"standard","meta":{"footnotes":""},"categories":[1586],"tags":[11,17911,1777,674,1011,27,12,25,364],"class_list":{"0":"post-408866","1":"post","2":"type-post","3":"status-publish","4":"format-standard","5":"has-post-thumbnail","7":"category-europe","8":"tag-actualites","9":"tag-enrico-letta","10":"tag-eu","11":"tag-europe","12":"tag-fr","13":"tag-france","14":"tag-news","15":"tag-republique-francaise","16":"tag-union-europeenne"},"share_on_mastodon":{"url":"https:\/\/pubeurope.com\/@fr\/115246561686466485","error":""},"_links":{"self":[{"href":"https:\/\/www.europesays.com\/fr\/wp-json\/wp\/v2\/posts\/408866","targetHints":{"allow":["GET"]}}],"collection":[{"href":"https:\/\/www.europesays.com\/fr\/wp-json\/wp\/v2\/posts"}],"about":[{"href":"https:\/\/www.europesays.com\/fr\/wp-json\/wp\/v2\/types\/post"}],"author":[{"embeddable":true,"href":"https:\/\/www.europesays.com\/fr\/wp-json\/wp\/v2\/users\/2"}],"replies":[{"embeddable":true,"href":"https:\/\/www.europesays.com\/fr\/wp-json\/wp\/v2\/comments?post=408866"}],"version-history":[{"count":0,"href":"https:\/\/www.europesays.com\/fr\/wp-json\/wp\/v2\/posts\/408866\/revisions"}],"wp:featuredmedia":[{"embeddable":true,"href":"https:\/\/www.europesays.com\/fr\/wp-json\/wp\/v2\/media\/408867"}],"wp:attachment":[{"href":"https:\/\/www.europesays.com\/fr\/wp-json\/wp\/v2\/media?parent=408866"}],"wp:term":[{"taxonomy":"category","embeddable":true,"href":"https:\/\/www.europesays.com\/fr\/wp-json\/wp\/v2\/categories?post=408866"},{"taxonomy":"post_tag","embeddable":true,"href":"https:\/\/www.europesays.com\/fr\/wp-json\/wp\/v2\/tags?post=408866"}],"curies":[{"name":"wp","href":"https:\/\/api.w.org\/{rel}","templated":true}]}}