{"id":408868,"date":"2025-09-22T06:35:16","date_gmt":"2025-09-22T06:35:16","guid":{"rendered":"https:\/\/www.europesays.com\/fr\/408868\/"},"modified":"2025-09-22T06:35:16","modified_gmt":"2025-09-22T06:35:16","slug":"opinion-les-transferts-de-donnees-personnelles-entre-lue-et-les-usa-restent-autorises","status":"publish","type":"post","link":"https:\/\/www.europesays.com\/fr\/408868\/","title":{"rendered":"OPINION. \u00ab\u2009Les transferts de donn\u00e9es personnelles entre l\u2019UE et les USA restent autoris\u00e9s\u2009\u00bb"},"content":{"rendered":"<p>\u00c0 la surprise g\u00e9n\u00e9rale, un arr\u00eat de la Cour de justice de l&rsquo;Union europ\u00e9enne du 3\u00a0septembre 2025 a valid\u00e9 le troisi\u00e8me cadre UE-USA pour la protection des donn\u00e9es personnelles (DPF ou Data Privacy Framework)), autorisant ainsi les transferts de donn\u00e9es (personnelles) entre l&rsquo;Europe et les \u00c9tats-Unis, contrairement aux deux premiers accords, Safe Harbor et Privacy Shield, qui avaient \u00e9t\u00e9 annul\u00e9s par cette m\u00eame cour. Le d\u00e9put\u00e9 Philippe Latombe revient bredouille de son action contre le DPF et Max Schrems, l&rsquo;activiste qui \u00e9tait venu \u00e0 bout de Safe Harbor et Provacy Shield est furieux.<\/p>\n<p>Pourquoi la Cour, alors que Trump ne nous m\u00e9nagera pas non plus sur le RGPD, a pris cette posture\u2009?<\/p>\n<p>Deux points du DPF \u00e9taient attaqu\u00e9s\u00a0:<\/p>\n<ul>\n<li>La Data Protection Review Court (DPRC), cens\u00e9e traiter les plaintes des Europ\u00e9ens qui pensent \u00eatre surveill\u00e9s par les agences de renseignement am\u00e9ricaines, n&rsquo;est pas consid\u00e9r\u00e9e comme vraiment impartiale ou ind\u00e9pendante\u00a0: elle a \u00e9t\u00e9 instaur\u00e9e par un d\u00e9cret pr\u00e9sidentiel et reste sous influence du pouvoir ex\u00e9cutif, que ce soit sous Biden ou (surtout) Trump. Sa cr\u00e9ation par simple d\u00e9cret pr\u00e9sidentiel soul\u00e8ve des interrogations sur sa neutralit\u00e9.<\/li>\n<li>Les services de renseignement am\u00e9ricains continuent de collecter en masse des donn\u00e9es personnelles provenant de l&rsquo;UE, sans autorisation pr\u00e9alable d&rsquo;un juge ou d&rsquo;une autorit\u00e9 ind\u00e9pendante, ce qui ne respecte pas l&rsquo;esprit du RGPD. Ce troisi\u00e8me accord de transfert UE-USA (le DPF donc) n&rsquo;a pas mis fin \u00e0 cette pratique.<\/li>\n<\/ul>\n<p>Tout semblait align\u00e9 pour une troisi\u00e8me annulation&#8230;<\/p>\n<p>La cour dit non<\/p>\n<p>Pour la Cour europ\u00e9enne de justice, la nomination des juges du DPRC et son fonctionnement ne posent pas de probl\u00e8me\u00a0: leur d\u00e9signation se fait apr\u00e8s consultation du Privacy and Civil Liberties Oversight Board, garant de la vie priv\u00e9e et des libert\u00e9s civiles aux \u00c9tats-Unis. M\u00eame si la cour d\u00e9pend du pouvoir ex\u00e9cutif, sa mission m\u00eame lui assure une ind\u00e9pendance suffisante selon le Tribunal europ\u00e9en.<\/p>\n<p>Les juges de la DPRC ne peuvent \u00eatre r\u00e9voqu\u00e9s que par le procureur g\u00e9n\u00e9ral (le ministre de justice) et seulement pour un motif valable. Ni le procureur g\u00e9n\u00e9ral ni les agences de renseignement ne peuvent influencer leur travail. En pratique, ils ne sont pas supervis\u00e9s quotidiennement par le procureur g\u00e9n\u00e9ral, ce qui garantit leur ind\u00e9pendance.<\/p>\n<p>Et puis, dit la Cour, la Commission europ\u00e9enne a le pouvoir de suspendre, de modifier ou d&rsquo;abroger ce troisi\u00e8me accord ou de limiter sa port\u00e9e si d\u00e9rive il y a dans l&rsquo;ind\u00e9pendance du DPRC. Bref, dit la Cour, le DPRC n&rsquo;est pas coupable d&rsquo;absence d&rsquo;ind\u00e9pendance&#8230; et si c&rsquo;est le cas, \u00e0 la Commission de tout annuler&#8230;<\/p>\n<p>Concernant la collecte en vrac des donn\u00e9es entre l&rsquo;UE et les \u00c9tats-Unis, la Cour rappelle que l&rsquo;arr\u00eat Schrems\u00a0II qui annule Privacy Shield n&rsquo;imposait pas non plus d&rsquo;autorisation pr\u00e9alable d&rsquo;une autorit\u00e9 ind\u00e9pendante. Cette collecte doit simplement \u00eatre valid\u00e9e a posteriori, ce qui est le r\u00f4le du DPRC. Ainsi, cet argument de P.\u00a0Latombe est rejet\u00e9. Cela va plus loin\u00a0: la collecte en vrac de donn\u00e9es entre les \u00c9tats-Unis et l&rsquo;UE n&rsquo;est pas une collecte cibl\u00e9e. Cette pratique a d\u00e9j\u00e0 \u00e9t\u00e9 valid\u00e9e par le pass\u00e9, dont un arr\u00eat de la Cour europ\u00e9enne des droits de l&rsquo;homme (arr\u00eat Big Brother Watch). Il suffit que la s\u00e9curit\u00e9 nationale soit en jeu.<\/p>\n<p>Schrems furieux<\/p>\n<p>Max Schrems qui n&rsquo;a pas dit son dernier mot craint que Donald Trump puisse \u00e0 tout moment remettre en cause l&rsquo;ind\u00e9pendance du DPRC, lui qui a d\u00e9j\u00e0 annul\u00e9 plusieurs ordres ex\u00e9cutifs de Biden. Il estime que le DPRC deviendra t\u00f4t ou tard une cible. La Cour europ\u00e9enne le sait\u00a0: dans son arr\u00eat, soulignant que, au moment de son adoption (sous la pr\u00e9sidence Biden, pas maintenant), les \u00c9tats-Unis garantissaient un niveau ad\u00e9quat de protection des donn\u00e9es.<\/p>\n<p><strong>ARR\u00caT DU TRIBUNAL (dixi\u00e8me chambre \u00e9largie) \u2014 3\u00a0septembre 2025 \u2014<\/strong> <a href=\"https:\/\/curia.europa.eu\/juris\/document\/document.jsf?text=&amp;docid=303827\" target=\"_blank\" rel=\"noopener\">Transfert de donn\u00e9es \u00e0 caract\u00e8re personnel vers les \u00c9tats-Unis<\/a><\/p>\n<p class=\"rev-margin-0 rev-text-xs-bold !text-lt-neutral-30 mt-[32px]\">Charles Cuvelliez et Francis Hayen<\/p>\n","protected":false},"excerpt":{"rendered":"\u00c0 la surprise g\u00e9n\u00e9rale, un arr\u00eat de la Cour de justice de l&rsquo;Union europ\u00e9enne du 3\u00a0septembre 2025 a&hellip;\n","protected":false},"author":2,"featured_media":408869,"comment_status":"","ping_status":"","sticky":false,"template":"","format":"standard","meta":{"footnotes":""},"categories":[1586],"tags":[17,11,12076,2834,1777,674,1779,1011,27,3246,1861,151,12,4536,54050,25,10662,1778,364],"class_list":{"0":"post-408868","1":"post","2":"type-post","3":"status-publish","4":"format-standard","5":"has-post-thumbnail","7":"category-europe","8":"tag-17","9":"tag-actualites","10":"tag-donnees","11":"tag-entre","12":"tag-eu","13":"tag-europe","14":"tag-european-union","15":"tag-fr","16":"tag-france","17":"tag-idees","18":"tag-lue","19":"tag-les","20":"tag-news","21":"tag-opinion","22":"tag-personnelles","23":"tag-republique-francaise","24":"tag-transferts","25":"tag-ue","26":"tag-union-europeenne"},"share_on_mastodon":{"url":"https:\/\/pubeurope.com\/@fr\/115246564859491874","error":""},"_links":{"self":[{"href":"https:\/\/www.europesays.com\/fr\/wp-json\/wp\/v2\/posts\/408868","targetHints":{"allow":["GET"]}}],"collection":[{"href":"https:\/\/www.europesays.com\/fr\/wp-json\/wp\/v2\/posts"}],"about":[{"href":"https:\/\/www.europesays.com\/fr\/wp-json\/wp\/v2\/types\/post"}],"author":[{"embeddable":true,"href":"https:\/\/www.europesays.com\/fr\/wp-json\/wp\/v2\/users\/2"}],"replies":[{"embeddable":true,"href":"https:\/\/www.europesays.com\/fr\/wp-json\/wp\/v2\/comments?post=408868"}],"version-history":[{"count":0,"href":"https:\/\/www.europesays.com\/fr\/wp-json\/wp\/v2\/posts\/408868\/revisions"}],"wp:featuredmedia":[{"embeddable":true,"href":"https:\/\/www.europesays.com\/fr\/wp-json\/wp\/v2\/media\/408869"}],"wp:attachment":[{"href":"https:\/\/www.europesays.com\/fr\/wp-json\/wp\/v2\/media?parent=408868"}],"wp:term":[{"taxonomy":"category","embeddable":true,"href":"https:\/\/www.europesays.com\/fr\/wp-json\/wp\/v2\/categories?post=408868"},{"taxonomy":"post_tag","embeddable":true,"href":"https:\/\/www.europesays.com\/fr\/wp-json\/wp\/v2\/tags?post=408868"}],"curies":[{"name":"wp","href":"https:\/\/api.w.org\/{rel}","templated":true}]}}