{"id":408872,"date":"2025-09-22T06:38:13","date_gmt":"2025-09-22T06:38:13","guid":{"rendered":"https:\/\/www.europesays.com\/fr\/408872\/"},"modified":"2025-09-22T06:38:13","modified_gmt":"2025-09-22T06:38:13","slug":"vers-une-deliquescence-de-renaissance-aux-municipales-de-2026-liberation","status":"publish","type":"post","link":"https:\/\/www.europesays.com\/fr\/408872\/","title":{"rendered":"vers une d\u00e9liquescence de Renaissance aux municipales de 2026 ? \u2013 Lib\u00e9ration"},"content":{"rendered":"<p class=\"sc-cPiKLX AiZTS text-element\">\u00abHumilit\u00e9\u00bb : en mars, les animateurs d\u2019un point presse du parti Renaissance <a href=\"https:\/\/www.liberation.fr\/politique\/renaissance-aborde-les-municipales-avec-humilite-20250321_SL5MWCFDMRFMDGPBRUUYMERZDA\/?redirected=1\" target=\"_blank\" rel=\"nofollow noopener\" title=\"https:\/\/www.liberation.fr\/politique\/renaissance-aborde-les-municipales-avec-humilite-20250321_SL5MWCFDMRFMDGPBRUUYMERZDA\/?redirected=1\">consacr\u00e9 aux prochaines municipales<\/a> en avaient fait une valeur cardinale. Et pour cause. Quelques chiffres r\u00e9sument cr\u00fbment l\u2019\u00e9chec du macronisme \u00e0 s\u2019ancrer localement depuis huit ans. En 2019, Stanislas Guerini, le patron de La R\u00e9publique en Marche (LREM), anc\u00eatre de Renaissance, voulait \u00abmultiplier par cinq les 2 000 conseillers municipaux LREM\u00bb. La semaine derni\u00e8re, les \u00e9quipes d\u2019Attal ne revendiquaient plus qu\u2019un millier d\u2019\u00e9lus municipaux sortants et ne se hasardaient gu\u00e8re \u00e0 fixer un objectif \u00e0 atteindre. \u00abOn assume de dire que Renaissance est encore un parti en phase d\u2019implantation\u00bb, admet-on au si\u00e8ge du parti. <\/p>\n<p class=\"sc-cPiKLX AiZTS text-element\">D\u2019implantation, ou d\u2019effacement ? En 2020, le camp pr\u00e9sidentiel faisait cavalier seul dans les m\u00e9tropoles, <a href=\"https:\/\/www.liberation.fr\/checknews\/2020\/06\/30\/lrem-a-t-il-atteint-son-objectif-de-10-000-elus-aux-municipales_1792897\/\" target=\"_blank\" rel=\"noreferrer nofollow noopener\" title=\"https:\/\/www.liberation.fr\/checknews\/2020\/06\/30\/lrem-a-t-il-atteint-son-objectif-de-10-000-elus-aux-municipales_1792897\/\">avec le succ\u00e8s qu\u2019on sait.<\/a> En mars 2026, il faudra une loupe  <\/p>\n","protected":false},"excerpt":{"rendered":"\u00abHumilit\u00e9\u00bb : en mars, les animateurs d\u2019un point presse du parti Renaissance consacr\u00e9 aux prochaines municipales en avaient&hellip;\n","protected":false},"author":2,"featured_media":408873,"comment_status":"","ping_status":"","sticky":false,"template":"","format":"standard","meta":{"footnotes":""},"categories":[2],"tags":[11,1011,27,4410,12,3370,25],"class_list":{"0":"post-408872","1":"post","2":"type-post","3":"status-publish","4":"format-standard","5":"has-post-thumbnail","7":"category-actualites","8":"tag-actualites","9":"tag-fr","10":"tag-france","11":"tag-gabriel-attal","12":"tag-news","13":"tag-renaissance","14":"tag-republique-francaise"},"share_on_mastodon":{"url":"https:\/\/pubeurope.com\/@fr\/115246576689755605","error":""},"_links":{"self":[{"href":"https:\/\/www.europesays.com\/fr\/wp-json\/wp\/v2\/posts\/408872","targetHints":{"allow":["GET"]}}],"collection":[{"href":"https:\/\/www.europesays.com\/fr\/wp-json\/wp\/v2\/posts"}],"about":[{"href":"https:\/\/www.europesays.com\/fr\/wp-json\/wp\/v2\/types\/post"}],"author":[{"embeddable":true,"href":"https:\/\/www.europesays.com\/fr\/wp-json\/wp\/v2\/users\/2"}],"replies":[{"embeddable":true,"href":"https:\/\/www.europesays.com\/fr\/wp-json\/wp\/v2\/comments?post=408872"}],"version-history":[{"count":0,"href":"https:\/\/www.europesays.com\/fr\/wp-json\/wp\/v2\/posts\/408872\/revisions"}],"wp:featuredmedia":[{"embeddable":true,"href":"https:\/\/www.europesays.com\/fr\/wp-json\/wp\/v2\/media\/408873"}],"wp:attachment":[{"href":"https:\/\/www.europesays.com\/fr\/wp-json\/wp\/v2\/media?parent=408872"}],"wp:term":[{"taxonomy":"category","embeddable":true,"href":"https:\/\/www.europesays.com\/fr\/wp-json\/wp\/v2\/categories?post=408872"},{"taxonomy":"post_tag","embeddable":true,"href":"https:\/\/www.europesays.com\/fr\/wp-json\/wp\/v2\/tags?post=408872"}],"curies":[{"name":"wp","href":"https:\/\/api.w.org\/{rel}","templated":true}]}}