{"id":408879,"date":"2025-09-22T06:44:15","date_gmt":"2025-09-22T06:44:15","guid":{"rendered":"https:\/\/www.europesays.com\/fr\/408879\/"},"modified":"2025-09-22T06:44:15","modified_gmt":"2025-09-22T06:44:15","slug":"jeunes-et-bons-team-france-basket","status":"publish","type":"post","link":"https:\/\/www.europesays.com\/fr\/408879\/","title":{"rendered":"Jeunes et bons | Team France Basket"},"content":{"rendered":"<p>En 2010, pour disputer la Coupe du Monde en Turquie, l\u2019\u00c9quipe de France avait d\u00fb se passer de son leader, Tony Parker. Andrew Albicy (20 ans), Edwin Jackson et Nicolas Batum (21 ans), Fabien Causeur ou Nando De Colo (23 ans) repr\u00e9sentaient une nouvelle g\u00e9n\u00e9ration qui commen\u00e7ait \u00e0 s\u2019installer en \u00e9quipe nationale. L\u2019ensemble affichait 24,6 ans de moyenne d\u2019\u00e2ge. La campagne mondiale s\u2019\u00e9tait conclue pr\u00e9matur\u00e9ment en huiti\u00e8mes de finale. Mais avec des habitu\u00e9s des Bleus comme Florent Pietrus ou Boris Diaw, le total des s\u00e9lections des 12 joueurs affichait 498 avant le d\u00e9but de la comp\u00e9tition.<\/p>\n<p>L\u2019\u00c9quipe de France new-look pr\u00e9sente donc cette ann\u00e9e, \u00e0 l\u2019EuroBasket, la moyenne d\u2019\u00e2ge la plus faible depuis 15 ans. En revanche, avec quatre novices en comp\u00e9tition FIBA (Sarr, Risacher, Hoard, Hifi) et quatre joueurs n\u2019en ayant disput\u00e9 qu\u2019une (Jaiteh, Coulibaly, Maledon, Francisco) l\u2019exp\u00e9rience fait clairement d\u00e9faut \u00e0 cette escouade qui cumule seulement 321 s\u00e9lections. Aux Jeux l\u2019an pass\u00e9, le compteur pointait \u00e0 864 s\u00e9lections. Pour trouver un total aussi faible il faut remonter loin, tr\u00e8s loin dans les archives. A l\u2019\u00e9poque, Fr\u00e9d\u00e9ric Fauthoux \u00e9tait en tenue sur le terrain au c\u00f4t\u00e9 de St\u00e9phane Risacher, le p\u00e8re de Zaccharie. A l\u2019EuroBasket 1997, des Bleus d\u00e9cim\u00e9s par les blessures avaient mis\u00e9 sur un groupe tr\u00e8s exp\u00e9rimental (302 s\u00e9lections) et n\u2019avaient pas atteint les phases finales.<\/p>\n<p>L\u2019exp\u00e9rience va clairement faire d\u00e9faut \u00e0 la cuv\u00e9e 2025 des Bleus, mais leur capitaine veut croire que ses membres ont d\u2019autres atouts \u00e0 faire valoir : \u00ab\u00a0Moins exp\u00e9riment\u00e9s en \u00c9quipe de France mais je trouve que la plupart se d\u00e9brouillent super bien dans leur club et pendant leur saison. Les joueurs sont jeunes mais intelligents. Ils comprennent le groupe, ce qu\u2019on veut faire sur le terrain. \u00c7a peut faire un peu peur de l\u2019ext\u00e9rieur mais honn\u00eatement je pense que si on joue comme on s\u2019entra\u00eene, on va \u00eatre bien. Notre \u00e9quipe est super athl\u00e9tique avec une tr\u00e8s forte d\u00e9fense et un excellent jeu de transition. \u00c7a compense le fait qu\u2019on soit un peu plus jeunes et \u00e7a peut devenir une force. Des \u00e9quipes vont moins nous attendre \u00e0 cause de ce manque d\u2019exp\u00e9rience et du fait des absences. Mais on peut \u00eatre les underdogs et surprendre.\u00a0\u00bb<\/p>\n","protected":false},"excerpt":{"rendered":"En 2010, pour disputer la Coupe du Monde en Turquie, l\u2019\u00c9quipe de France avait d\u00fb se passer de&hellip;\n","protected":false},"author":2,"featured_media":408880,"comment_status":"","ping_status":"","sticky":false,"template":"","format":"standard","meta":{"footnotes":""},"categories":[1414],"tags":[1465,1464,1011,27,60],"class_list":{"0":"post-408879","1":"post","2":"type-post","3":"status-publish","4":"format-standard","5":"has-post-thumbnail","7":"category-basket","8":"tag-basket","9":"tag-basketball","10":"tag-fr","11":"tag-france","12":"tag-sports"},"share_on_mastodon":{"url":"https:\/\/pubeurope.com\/@fr\/115246600330896204","error":""},"_links":{"self":[{"href":"https:\/\/www.europesays.com\/fr\/wp-json\/wp\/v2\/posts\/408879","targetHints":{"allow":["GET"]}}],"collection":[{"href":"https:\/\/www.europesays.com\/fr\/wp-json\/wp\/v2\/posts"}],"about":[{"href":"https:\/\/www.europesays.com\/fr\/wp-json\/wp\/v2\/types\/post"}],"author":[{"embeddable":true,"href":"https:\/\/www.europesays.com\/fr\/wp-json\/wp\/v2\/users\/2"}],"replies":[{"embeddable":true,"href":"https:\/\/www.europesays.com\/fr\/wp-json\/wp\/v2\/comments?post=408879"}],"version-history":[{"count":0,"href":"https:\/\/www.europesays.com\/fr\/wp-json\/wp\/v2\/posts\/408879\/revisions"}],"wp:featuredmedia":[{"embeddable":true,"href":"https:\/\/www.europesays.com\/fr\/wp-json\/wp\/v2\/media\/408880"}],"wp:attachment":[{"href":"https:\/\/www.europesays.com\/fr\/wp-json\/wp\/v2\/media?parent=408879"}],"wp:term":[{"taxonomy":"category","embeddable":true,"href":"https:\/\/www.europesays.com\/fr\/wp-json\/wp\/v2\/categories?post=408879"},{"taxonomy":"post_tag","embeddable":true,"href":"https:\/\/www.europesays.com\/fr\/wp-json\/wp\/v2\/tags?post=408879"}],"curies":[{"name":"wp","href":"https:\/\/api.w.org\/{rel}","templated":true}]}}