{"id":408881,"date":"2025-09-22T06:45:28","date_gmt":"2025-09-22T06:45:28","guid":{"rendered":"https:\/\/www.europesays.com\/fr\/408881\/"},"modified":"2025-09-22T06:45:28","modified_gmt":"2025-09-22T06:45:28","slug":"pirelli-conclut-ses-premiers-essais-en-motogp-a-misano","status":"publish","type":"post","link":"https:\/\/www.europesays.com\/fr\/408881\/","title":{"rendered":"Pirelli conclut ses premiers essais en MotoGP \u00e0 Misano"},"content":{"rendered":"<p>&#13;<\/p>\n<p><strong>Le manufacturier de la cat\u00e9gorie reine \u00e0 partir de 2027 a boucl\u00e9 ses premiers tours de roues \u00e0 Misano.\u00a0<\/strong><\/p>\n<p>Pirelli a profit\u00e9 d\u2019une journ\u00e9e d\u2019essais \u00e0 Misano pour faire rouler ses prototypes de pneus sur les MotoGP actuelles modifi\u00e9es pour se rapprocher du futur r\u00e8glement 850\u00a0cm\u00b3 (sans devices et limit\u00e9e en termes d\u2019a\u00e9ro). Sept trains de pneus \u00e9taient mis \u00e0 disposition de chaque constructeur, avec deux versions \u00e0 l\u2019avant et trois \u00e0 l\u2019arri\u00e8re, tous au format actuel de 17\u00a0pouces.\u00a0<\/p>\n<p>Cinq pilotes d\u2019essais \u00e9taient pr\u00e9sents\u00a0: Augusto Fernandez (Yamaha), Dani Pedrosa (KTM), Takaaki Nakagami (Honda), Lorenzo Savadori (Aprilia) et Michele Pirro (Ducati). \u00ab\u2009Les essais de Misano ont constitu\u00e9 la premi\u00e8re \u00e9tape de notre retour au championnat du monde, et nous sommes tr\u00e8s satisfaits tant de l\u2019excellente collaboration qui s\u2019est \u00e9tablie entre nos ing\u00e9nieurs et toutes les \u00e9quipes et pilotes des \u00e9quipes d\u2019essai que des performances des pneus, \u00bb r\u00e9sume Giorgio Barbier, directeur de Pirelli Moto Racing.<\/p>\n<p>Et d\u2019ajouter\u00a0: \u00ab\u2009Les essais se sont d\u00e9roul\u00e9s conform\u00e9ment au programme, qui comprenait \u00e9galement une simulation de Sprint, et les premiers retours sont tr\u00e8s encourageants. Ces essais ont g\u00e9n\u00e9r\u00e9 de nombreuses donn\u00e9es qui seront analys\u00e9es afin de poursuivre notre travail de d\u00e9veloppement des pneus Pirelli MotoGP. Les caract\u00e9ristiques les plus appr\u00e9ci\u00e9es sont sans aucun doute l\u2019adh\u00e9rence, la vitesse de chauffe et la confiance.\u2009\u00bb<\/p>\n<p>Pirelli appliquera sa philosophie de d\u00e9veloppement au MotoGP, \u00e0 savoir des pneus destin\u00e9s \u00e0 l\u2019usage exclusif de la cat\u00e9gorie reine, comme l\u2019exige le r\u00e8glement, mais cr\u00e9\u00e9s \u00e0 partir des technologies et des processus de production en s\u00e9rie de l\u2019usine allemande de Breuberg.<\/p>\n<p>&#13;<br \/>\n           &#13;<br \/>\n&#13;<br \/>\n    &#13;<br \/>\n    &#13;<\/p>\n","protected":false},"excerpt":{"rendered":"&#13; Le manufacturier de la cat\u00e9gorie reine \u00e0 partir de 2027 a boucl\u00e9 ses premiers tours de roues&hellip;\n","protected":false},"author":2,"featured_media":408882,"comment_status":"","ping_status":"","sticky":false,"template":"","format":"standard","meta":{"footnotes":""},"categories":[1413],"tags":[1011,27,1457,1456,60],"class_list":{"0":"post-408881","1":"post","2":"type-post","3":"status-publish","4":"format-standard","5":"has-post-thumbnail","7":"category-moto","8":"tag-fr","9":"tag-france","10":"tag-moto","11":"tag-motocycle","12":"tag-sports"},"share_on_mastodon":{"url":"https:\/\/pubeurope.com\/@fr\/115246604230161892","error":""},"_links":{"self":[{"href":"https:\/\/www.europesays.com\/fr\/wp-json\/wp\/v2\/posts\/408881","targetHints":{"allow":["GET"]}}],"collection":[{"href":"https:\/\/www.europesays.com\/fr\/wp-json\/wp\/v2\/posts"}],"about":[{"href":"https:\/\/www.europesays.com\/fr\/wp-json\/wp\/v2\/types\/post"}],"author":[{"embeddable":true,"href":"https:\/\/www.europesays.com\/fr\/wp-json\/wp\/v2\/users\/2"}],"replies":[{"embeddable":true,"href":"https:\/\/www.europesays.com\/fr\/wp-json\/wp\/v2\/comments?post=408881"}],"version-history":[{"count":0,"href":"https:\/\/www.europesays.com\/fr\/wp-json\/wp\/v2\/posts\/408881\/revisions"}],"wp:featuredmedia":[{"embeddable":true,"href":"https:\/\/www.europesays.com\/fr\/wp-json\/wp\/v2\/media\/408882"}],"wp:attachment":[{"href":"https:\/\/www.europesays.com\/fr\/wp-json\/wp\/v2\/media?parent=408881"}],"wp:term":[{"taxonomy":"category","embeddable":true,"href":"https:\/\/www.europesays.com\/fr\/wp-json\/wp\/v2\/categories?post=408881"},{"taxonomy":"post_tag","embeddable":true,"href":"https:\/\/www.europesays.com\/fr\/wp-json\/wp\/v2\/tags?post=408881"}],"curies":[{"name":"wp","href":"https:\/\/api.w.org\/{rel}","templated":true}]}}