{"id":408891,"date":"2025-09-22T06:50:43","date_gmt":"2025-09-22T06:50:43","guid":{"rendered":"https:\/\/www.europesays.com\/fr\/408891\/"},"modified":"2025-09-22T06:50:43","modified_gmt":"2025-09-22T06:50:43","slug":"un-chef-doeuvre-retrouve-de-pablo-picasso-devoile-a-lhotel-drouot","status":"publish","type":"post","link":"https:\/\/www.europesays.com\/fr\/408891\/","title":{"rendered":"Un chef-d\u2019\u0153uvre \u00ab\u00a0retrouv\u00e9\u00a0\u00bb de Pablo Picasso d\u00e9voil\u00e9 \u00e0 l\u2019H\u00f4tel Drouot"},"content":{"rendered":"<p>Jamais vendu ni expos\u00e9, ce tableau embl\u00e9matique de la s\u00e9rie des Femmes au chapeau ressurgit apr\u00e8s plus de 80\u00a0ans. Estim\u00e9 autour de 8 millions d\u2019euros, il est propos\u00e9 \u00e0 la vente le 24 octobre.<\/p>\n<p class=\"fig-paragraph\">Alors que les places de Londres et New York ont g\u00e9n\u00e9ralement la main mise sur les ventes des\u00a0<a href=\"http:\/\/www.lefigaro.fr\/culture\/un-petit-etre-sur-de-lui-picasso-cancre-et-enfant-prodige-a-malaga-20250804\" data-fig-type=\"Article\" data-gtm-custom-categorie=\"navigation\" data-gtm-custom-action=\"crossclick\" data-gtm-custom-label=\"Contextuel\" data-gtm-event=\"customEventSPE\" data-fig-domain=\"LEFIGARO\" rel=\"nofollow noopener\" target=\"_blank\">Picasso<\/a>, d\u00e9couvrir un tableau du ma\u00eetre espagnol \u00e0 Paris, fait figure d\u2019\u00e9v\u00e9nement. Le 24\u00a0octobre, le commissaire-priseur Christophe Lucien tiendra le marteau \u00e0\u00a0<a href=\"http:\/\/www.lefigaro.fr\/culture\/encheres\/le-tout-est-estime-autour-de-2-millions-d-euros-un-tresor-de-pieces-d-or-decouvert-dans-un-debarras-20250527\" data-fig-type=\"Article\" data-gtm-custom-categorie=\"navigation\" data-gtm-custom-action=\"crossclick\" data-gtm-custom-label=\"Contextuel\" data-gtm-event=\"customEventSPE\" data-fig-domain=\"LEFIGARO\" rel=\"nofollow noopener\" target=\"_blank\">Drouot<\/a>, pour Buste de femme au chapeau \u00e0 fleurs, un portrait de sa muse\u00a0<a href=\"https:\/\/www.lefigaro.fr\/culture\/encheres\/le-fonds-photographique-de-dora-maar-dernier-acte-de-sa-succession-20220624\" data-fig-type=\"Article\" data-gtm-custom-categorie=\"navigation\" data-gtm-custom-action=\"crossclick\" data-gtm-custom-label=\"Contextuel\" data-gtm-event=\"customEventSPE\" data-fig-domain=\"LEFIGARO\" rel=\"nofollow noopener\" target=\"_blank\">Dora Maar<\/a>, au cr\u00e9puscule de sa relation avec le peintre. Il a \u00e9t\u00e9 r\u00e9alis\u00e9 le 11\u00a0juillet 1943, pendant la guerre et acquis en ao\u00fbt 1944 par le grand-p\u00e8re des actuels propri\u00e9taires qui s\u2019en s\u00e9parent dans le cadre d\u2019une succession.<\/p>\n<p class=\"fig-paragraph\">Authentifi\u00e9 par l\u2019administration Picasso, le tableau affiche une estimation autour de 8\u00a0millions d\u2019euros. Loin du record pour Les Femmes d\u2019Alger (Version \u00ab\u00a0O\u00a0\u00bb), de 1955, \u00e0 179,4\u00a0millions de dollars, chez\u00a0<a href=\"http:\/\/www.lefigaro.fr\/horlogerie\/les-folies-horlogeres-d-elton-john-aux-encheres-chez-christie-s-20240118\" data-fig-type=\"Article\" data-gtm-custom-categorie=\"navigation\" data-gtm-custom-action=\"crossclick\" data-gtm-custom-label=\"Contextuel\" data-gtm-event=\"customEventSPE\" data-fig-domain=\"LEFIGARO\" rel=\"nofollow noopener\" target=\"_blank\">Christie\u2019s<\/a>, \u00e0 New York, en 2015. Ou m\u00eame de celui pour le Nu au plateau de 1932, \u00e0 106,4\u00a0millions de dollars, \u00e9galement chez Christie\u2019s, en 2024. Mais c\u2019est toutefois un joli prix qui pourrait \u00eatre d\u00e9pass\u00e9, tant Picasso reste recherch\u00e9 sur le march\u00e9 et tant ce tableau a une histoire fra\u00eeche et belle.<\/p>\n<p>    Pablo Picasso dans la villa Californie, \u00e0 Cannes, pendant le Festival de Cannes, en 1956.<br \/>\n                J\u00e9r\u00f4me BRIERRE \/ BRIDGEMAN IMAGES<\/p>\n<p>                                    <a class=\"fig-a11y-skip a11y-hidden\" href=\"#fig-a11y-skip-main-inarticle\"><br \/>\n        Passer la publicit\u00e9<br \/>\n    <\/a><\/p>\n<p class=\"fig-paragraph\">Inconnu du public, il n\u2019a jamais \u00e9t\u00e9 expos\u00e9, hormis dans l\u2019atelier du ma\u00eetre espagnol \u00e0 Paris pendant l\u2019Occupation. On n\u2019en avait trace que par une photographie de\u00a0<a href=\"https:\/\/www.lefigaro.fr\/histoire\/archives\/2017\/10\/11\/26010-20171011ARTFIG00324-quand-picasso-se-confiait-a-son-ami-brassai-dans-sa-villa-de-mougins-en-1971.php\" data-fig-type=\"Article\" data-gtm-custom-categorie=\"navigation\" data-gtm-custom-action=\"crossclick\" data-gtm-custom-label=\"Contextuel\" data-gtm-event=\"customEventSPE\" data-fig-domain=\"LEFIGARO\" rel=\"nofollow noopener\" target=\"_blank\">Brassa\u00ef<\/a>\u00a0prise en 1944 dans l\u2019atelier des Grands-Augustins et par sa reproduction en noir et blanc dans le catalogue raisonn\u00e9 de Christian Zervos. La toile cubiste et color\u00e9e montre Dora Maar, au moment o\u00f9 Picasso la d\u00e9laisse pour une plus jeune femme,\u00a0<a href=\"https:\/\/www.lefigaro.fr\/arts-expositions\/l-artiste-francoise-gilot-sort-de-l-ombre-de-picasso-20240319\" data-fig-type=\"Article\" data-gtm-custom-categorie=\"navigation\" data-gtm-custom-action=\"crossclick\" data-gtm-custom-label=\"Contextuel\" data-gtm-event=\"customEventSPE\" data-fig-domain=\"LEFIGARO\" rel=\"nofollow noopener\" target=\"_blank\">Fran\u00e7oise Gilot<\/a>. Compagne du peintre depuis 1936, Dora appara\u00eet comme une figure tragique, miroir de leur relation orageuse, miroir aussi de toute une \u00e9poque.<\/p>\n<p>\u00ab\u00a0Victime sacrificielle\u00a0\u00bb<\/p>\n<p class=\"fig-paragraph\">\u00ab\u00a0En 1943, dans les privations et la peur. Picasso, citoyen espagnol\u00a0<br \/>apolitique en apparence, choisit de rester dans la capitale (\u2026). Malgr\u00e9 les conditions difficiles, il continue \u00e0 peindre. Son art est alors une forme de r\u00e9sistance int\u00e9rieure\u00a0\u00bb, peut-on lire dans le catalogue. Pour lui, mieux vaut peindre quelque chose que ne rien faire du tout. Bien que c\u00e9l\u00e8bre, il subit les pressions du r\u00e9gime nazi\u00a0: perquisitions, interrogatoires, intimidations. Son \u0153uvre est jug\u00e9e \u201cd\u00e9g\u00e9n\u00e9r\u00e9e\u201d. Malgr\u00e9 ce climat oppressant, Picasso ne sombre pas dans l\u2019aust\u00e9rit\u00e9 monochrome qu\u2019on associe trop rapidement \u00e0 ses ann\u00e9es de guerre.\u00a0\u00bb\u00a0<\/p>\n<p class=\"fig-paragraph\">Par sa force, ce Buste de femme au chapeau \u00e0 fleurs, fait acte de r\u00e9sistance. Il porte en lui toute une \u00e9poque, explique le biographe de Picasso, John Richardson, quand il \u00e9crit que Picasso en vint \u00e0 repr\u00e9senter Dora Maar \u00ab\u00a0comme une victime sacrificielle, le symbole en larmes de sa propre douleur face aux horreurs de la tyrannie et de la guerre\u00a0\u00bb. Dans le genre, ce tableau de la c\u00e9l\u00e8bre s\u00e9rie des \u00ab\u00a0Femmes au chapeau\u00a0\u00bb est parfait. Et sa charge d\u2019histoire a tout pour s\u00e9duire les amateurs.<\/p>\n<p class=\"fig-paragraph\">www.lucienparis.com<\/p>\n","protected":false},"excerpt":{"rendered":"Jamais vendu ni expos\u00e9, ce tableau embl\u00e9matique de la s\u00e9rie des Femmes au chapeau ressurgit apr\u00e8s plus de&hellip;\n","protected":false},"author":2,"featured_media":408892,"comment_status":"","ping_status":"","sticky":false,"template":"","format":"standard","meta":{"footnotes":""},"categories":[1358],"tags":[1348,1384,1385,1386,58,59,1011,27,52200,626],"class_list":{"0":"post-408891","1":"post","2":"type-post","3":"status-publish","4":"format-standard","5":"has-post-thumbnail","7":"category-arts-et-design","8":"tag-arts","9":"tag-arts-and-design","10":"tag-arts-et-design","11":"tag-design","12":"tag-divertissement","13":"tag-entertainment","14":"tag-fr","15":"tag-france","16":"tag-pablo-picasso","17":"tag-paris"},"share_on_mastodon":{"url":"https:\/\/pubeurope.com\/@fr\/115246623976295745","error":""},"_links":{"self":[{"href":"https:\/\/www.europesays.com\/fr\/wp-json\/wp\/v2\/posts\/408891","targetHints":{"allow":["GET"]}}],"collection":[{"href":"https:\/\/www.europesays.com\/fr\/wp-json\/wp\/v2\/posts"}],"about":[{"href":"https:\/\/www.europesays.com\/fr\/wp-json\/wp\/v2\/types\/post"}],"author":[{"embeddable":true,"href":"https:\/\/www.europesays.com\/fr\/wp-json\/wp\/v2\/users\/2"}],"replies":[{"embeddable":true,"href":"https:\/\/www.europesays.com\/fr\/wp-json\/wp\/v2\/comments?post=408891"}],"version-history":[{"count":0,"href":"https:\/\/www.europesays.com\/fr\/wp-json\/wp\/v2\/posts\/408891\/revisions"}],"wp:featuredmedia":[{"embeddable":true,"href":"https:\/\/www.europesays.com\/fr\/wp-json\/wp\/v2\/media\/408892"}],"wp:attachment":[{"href":"https:\/\/www.europesays.com\/fr\/wp-json\/wp\/v2\/media?parent=408891"}],"wp:term":[{"taxonomy":"category","embeddable":true,"href":"https:\/\/www.europesays.com\/fr\/wp-json\/wp\/v2\/categories?post=408891"},{"taxonomy":"post_tag","embeddable":true,"href":"https:\/\/www.europesays.com\/fr\/wp-json\/wp\/v2\/tags?post=408891"}],"curies":[{"name":"wp","href":"https:\/\/api.w.org\/{rel}","templated":true}]}}