{"id":408897,"date":"2025-09-22T06:53:12","date_gmt":"2025-09-22T06:53:12","guid":{"rendered":"https:\/\/www.europesays.com\/fr\/408897\/"},"modified":"2025-09-22T06:53:12","modified_gmt":"2025-09-22T06:53:12","slug":"je-ne-me-sers-plus-de-la-musique-pour-me-guerir-mais-pour-transmettre-confie-lara-fabian","status":"publish","type":"post","link":"https:\/\/www.europesays.com\/fr\/408897\/","title":{"rendered":"\u00ab\u00a0Je ne me sers plus de la musique pour me gu\u00e9rir mais pour transmettre\u00a0\u00bb, confie Lara Fabian"},"content":{"rendered":"<p> \u00abLe titre de mon album, Je suis l\u00e0, signifie \u00a0\u00bb Je suis l\u00e0 pour toi.\u00a0\u00bb Je suis l\u00e0 pour celui ou celle qui en a besoin. Je suis l\u00e0 o\u00f9 je dois \u00eatre. Mais aussi, je suis l\u00e0, enfin, o\u00f9 je voulais \u00eatre\u00a0\u00bb, d\u00e9clare <a href=\"https:\/\/www.20minutes.fr\/arts-stars\/culture\/musique\/4077791-20240226-slimane-met-pression-faire-album-veut-raconter-histoire-confie-lara-fabian\" class=\"c-link c-link--is-underlined\" target=\"_blank\" rel=\"noopener\">Lara Fabian<\/a> \u00e0 20 Minutes au sujet de son dernier opus, sorti l\u2019an pass\u00e9. Le 4 octobre, elle sera au Galaxie d\u2019Amn\u00e9ville pour lancer sa tourn\u00e9e des Z\u00e9nith et des Arenas &#8211; dont deux dates \u00e0 l\u2019<a href=\"https:\/\/www.20minutes.fr\/dossier\/bercy\" class=\"c-link c-link--is-underlined\" target=\"_blank\" rel=\"noopener\">Accor Arena<\/a> de Paris les 7\u00a0d\u00e9cembre et 10\u00a0mars. A cette occasion, l\u2019artiste canado-belge de 55 ans nous a accord\u00e9 une interview, par t\u00e9l\u00e9phone, depuis la <a href=\"https:\/\/www.20minutes.fr\/dossier\/sicile\" class=\"c-link c-link--is-underlined\" target=\"_blank\" rel=\"noopener\">Sicile<\/a>, l\u2019\u00eele italienne d\u2019o\u00f9 sa m\u00e8re est originaire, o\u00f9 elle vit d\u00e9sormais.<\/p>\n<p>A quoi peut-on s\u2019attendre avec votre nouvelle tourn\u00e9e\u00a0?<\/p>\n<p>A un spectacle o\u00f9 la musique sera vraiment au premier plan. On sera assez nombreux sur sc\u00e8ne et tout sera en live. Ce sera un \u00e9crin organique, vibratoire, tr\u00e8s vivant, avec plein d\u2019instruments. Les fr\u00e8res Yaacov et Me\u00efr Salah, qui ont r\u00e9alis\u00e9 Je suis l\u00e0 et co\u00e9crit et co-compos\u00e9 plusieurs titres, en seront les directeurs musicaux.<\/p>\n<p>J\u2019ai lu que vous pratiquiez l\u2019a\u00efkido du son, c\u2019est-\u00e0-dire\u00a0?<\/p>\n<p>Oui, \u00e7a s\u2019appelle le kokotoma. C\u2019est une sorte de m\u00e9ditation assez particuli\u00e8re, bas\u00e9e sur le son et non sur le silence ou sur l\u2019espace mental. Il s\u2019agit de reproduire des sons ultra-vibratoires et cela permet de se recentrer. Je pratique depuis plus d\u2019une quinzaine d\u2019ann\u00e9es maintenant. \u00c7a m\u2019a aid\u00e9 \u00e9norm\u00e9ment \u00e0 l\u2019\u00e9poque o\u00f9 j\u2019avais mes probl\u00e8mes de dos et \u00e7a m\u2019a permis de vraiment trouver une position r\u00e9siliente face \u00e0 certaines choses. J\u2019en fais un peu moins aujourd\u2019hui parce que j\u2019en ai moins besoin.<\/p>\n<p>Vous diriez qu\u2019aujourd\u2019hui, vous \u00eates une femme et une artiste plus apais\u00e9e\u00a0?<\/p>\n<p>Certainement. Une femme avant tout, mais oui.<\/p>\n<p>Peut-on dire que \u00ab\u00a0Je suis l\u00e0\u00a0\u00bb est votre album le plus personnel\u00a0?<\/p>\n<p>On peut dire que c\u2019est l\u2019album o\u00f9 j\u2019utilise la transparence comme interface majoritairement, m\u00eame si tous mes albums sont g\u00e9n\u00e9ralement tr\u00e8s intimes. Mais, pour une fois, je me suis servie de la musique moins comme un \u00e9l\u00e9ment gu\u00e9risseur que comme un \u00e9l\u00e9ment de transmission.<\/p>\n<p>La chanson \u00ab\u00a0Hypersensible\u00a0\u00bb est une sorte de manifeste\u00a0? Un appel \u00e0 l\u2019assumer et \u00e0 la revendiquer\u00a0?<\/p>\n<p>Je pense qu\u2019on est tous hypersensibles. A un certain moment de nos vies, face \u00e0 l\u2019adversit\u00e9, \u00e0 des probl\u00e8mes qui nous exposent un peu trop, notre hypersensibilit\u00e9 nous pousse \u00e0 fermer un peu ce volet-l\u00e0, \u00e0 mettre un filtre. Hypersensible est une fa\u00e7on de dire \u00e0 celui qui l\u2019est que ce n\u2019est pas une tare, que c\u2019est plut\u00f4t un avantage. On s\u2019en sert pour rester ouvert \u00e0 ce qu\u2019il y a de plus beau dans cette vie.<\/p>\n<p>Dans la chanson \u00ab\u00a0Une fleur \u00e0 la bouche\u00a0\u00bb, vous parlez des troubles du comportement alimentaire\u2026<\/p>\n<p>Je l\u2019avais d\u00e9j\u00e0 fait, notamment \u00e0 travers Amourexique [en\u00a02013]. Mais c\u2019est vrai que sur cette chanson-l\u00e0, je mets un filtre plus particulier, qui est celui de la transmission, afin d\u2019offrir cette chanson aux gens qui sont en train de se battre contre <a href=\"https:\/\/www.20minutes.fr\/sante\/troubles-comportement-alimentaire-tca\/\" class=\"c-link c-link--is-underlined\" target=\"_blank\" rel=\"noopener\">ce trouble<\/a>, pour qu\u2019ils puissent s\u2019en servir, comme d\u2019une carte, afin d\u2019essayer de retrouver le sens au travers de tout \u00e7a.<\/p>\n<\/p>\n<p>Quand vous chantez \u00ab\u00a0Je me suis trouv\u00e9e tellement laide dans les yeux de mon p\u00e8re\u00a0\u00bb, ce sont des mots tr\u00e8s forts\u2026<\/p>\n<p>Ce sont des mots tr\u00e8s vrais.<\/p>\n<p>Il fallait les prononcer, comme un exutoire\u00a0?<\/p>\n<p>Comme je vous le disais, je ne me sers plus de la musique comme un \u00e9l\u00e9ment gu\u00e9risseur pour moi-m\u00eame mais comme d\u2019une lettre ouverte, une lettre offerte. J\u2019ai eu la chance de pouvoir d\u00e9battre de tous ces th\u00e8mes-l\u00e0 bien avant de les chanter. La beaut\u00e9 de ce genre de chanson, c\u2019est de pouvoir se dire que ces mots-l\u00e0 pourront \u00eatre pris par d\u2019autres femmes, d\u2019autres hommes, \u00eatre donn\u00e9s. Parfois, on ne trouve pas les mots pour exprimer ce qu\u2019on aurait \u00e0 dire \u00e0 celle ou \u00e0 celui qui nous a d\u00e9clench\u00e9 certaines douleurs. Une chanson peut \u00eatre au service de ces mots qui nous manquent.<\/p>\n<p>La chanson \u00ab\u00a0Je suis de toi\u00a0\u00bb, c\u2019est une mani\u00e8re de dire que vous avez fait la paix avec votre p\u00e8re\u00a0?<\/p>\n<p>L\u00e0 encore, c\u2019est une chanson que j\u2019ai \u00e9crite comme une lettre ouverte. Elle n\u2019est pas destin\u00e9e \u00e0 la personne \u00e0 laquelle je m\u2019adresse mais c\u2019est comme une lettre \u00e0 celle ou \u00e0 celui qui \u00e9prouve le besoin de s\u2019adresser \u00e0 quelqu\u2019un. Moi, j\u2019ai gu\u00e9ri. Mon p\u00e8re, j\u2019ai eu la chance de lui parler et de pouvoir d\u00e9nouer tout cela. J\u2019\u00e9cris depuis un espace o\u00f9 dire \u00e0 l\u2019autre\u00a0: \u00ab\u00a0Je suis de toi. Bien qu\u2019imparfait, c\u2019est toi qui m\u2019as faite. Et je te le dois, je ne t\u2019en veux pas. J\u2019ai fait de ce chagrin ma voix.\u00a0\u00bb C\u2019est une lettre offerte \u00e0 toutes les femmes, \u00e0 tous les hommes qui n\u2019ont pas en ce moment \u00e0 leur disposition, par pudeur, par peur, les mots n\u00e9cessaires pour gu\u00e9rir.<\/p>\n<p>Vous vivez d\u00e9sormais en Sicile. Qu\u2019est-ce que cela a chang\u00e9 pour vous\u00a0?<\/p>\n<p>C\u2019est un retour \u00e0 mes racines, \u00e0 mon enfance, ces parfums, ces go\u00fbts, cette musique qui est ma naissance, en fait.<\/p>\n<p>Qu\u2019est-ce qu\u2019il y a de plus italien en vous\u00a0?<\/p>\n<p>Ma fa\u00e7on d\u2019aimer. Elle est sanguine, elle est cellulaire.<\/p>\n<p>De plus belge\u00a0?<\/p>\n<p>Ma fa\u00e7on de m\u2019organiser et d\u2019avoir le sens de la pr\u00e9vention dans toutes choses. Le c\u00f4t\u00e9 plus ordonn\u00e9.<\/p>\n<p>De plus qu\u00e9b\u00e9cois\u00a0?<\/p>\n<p>C\u2019est le fait de comprendre qu\u2019il y a toujours une seconde chance. Qu\u2019il y a toujours une seconde naissance. On peut toujours se choisir bien au-del\u00e0 de notre naissance. C\u2019est la possibilit\u00e9 de tout r\u00e9ussir. Pour moi, le Qu\u00e9bec a cristallis\u00e9 l\u2019id\u00e9e que le meilleur reste toujours \u00e0 venir, si on le veut.<\/p>\n<p><a href=\"https:\/\/www.20minutes.fr\/arts-stars\/culture\/musique\/\" class=\"c-link c-btn c-btn--primary\" target=\"_blank\" rel=\"noopener\">Nos articles sur l&rsquo;actualit\u00e9 musicale<\/a>Et de plus fran\u00e7ais\u00a0?<\/p>\n<p>C\u2019est tout l\u2019amour qu\u2019on me porte. C\u2019est ce qui m\u2019a cr\u00e9\u00e9e, qui a fait de moi l\u2019artiste que je suis. Cet amour immense qui m\u2019est d\u00e9volu par le public fran\u00e7ais me renforce et beau temps, mauvais temps, continue de faire de moi qui je suis.<\/p>\n","protected":false},"excerpt":{"rendered":"\u00abLe titre de mon album, Je suis l\u00e0, signifie \u00a0\u00bb Je suis l\u00e0 pour toi.\u00a0\u00bb Je suis l\u00e0&hellip;\n","protected":false},"author":2,"featured_media":408898,"comment_status":"","ping_status":"","sticky":false,"template":"","format":"standard","meta":{"footnotes":""},"categories":[1355],"tags":[828,14846,1695,5551,251,58,59,1011,27,662,452,1361,873,626,7810,3140,4441],"class_list":{"0":"post-408897","1":"post","2":"type-post","3":"status-publish","4":"format-standard","5":"has-post-thumbnail","7":"category-musique","8":"tag-belgique","9":"tag-bercy","10":"tag-chanson","11":"tag-chanson-francaise","12":"tag-culture","13":"tag-divertissement","14":"tag-entertainment","15":"tag-fr","16":"tag-france","17":"tag-ile-de-france","18":"tag-italie","19":"tag-music","20":"tag-musique","21":"tag-paris","22":"tag-quebec","23":"tag-spectacle","24":"tag-tournee"},"share_on_mastodon":{"url":"https:\/\/pubeurope.com\/@fr\/115246635669090053","error":""},"_links":{"self":[{"href":"https:\/\/www.europesays.com\/fr\/wp-json\/wp\/v2\/posts\/408897","targetHints":{"allow":["GET"]}}],"collection":[{"href":"https:\/\/www.europesays.com\/fr\/wp-json\/wp\/v2\/posts"}],"about":[{"href":"https:\/\/www.europesays.com\/fr\/wp-json\/wp\/v2\/types\/post"}],"author":[{"embeddable":true,"href":"https:\/\/www.europesays.com\/fr\/wp-json\/wp\/v2\/users\/2"}],"replies":[{"embeddable":true,"href":"https:\/\/www.europesays.com\/fr\/wp-json\/wp\/v2\/comments?post=408897"}],"version-history":[{"count":0,"href":"https:\/\/www.europesays.com\/fr\/wp-json\/wp\/v2\/posts\/408897\/revisions"}],"wp:featuredmedia":[{"embeddable":true,"href":"https:\/\/www.europesays.com\/fr\/wp-json\/wp\/v2\/media\/408898"}],"wp:attachment":[{"href":"https:\/\/www.europesays.com\/fr\/wp-json\/wp\/v2\/media?parent=408897"}],"wp:term":[{"taxonomy":"category","embeddable":true,"href":"https:\/\/www.europesays.com\/fr\/wp-json\/wp\/v2\/categories?post=408897"},{"taxonomy":"post_tag","embeddable":true,"href":"https:\/\/www.europesays.com\/fr\/wp-json\/wp\/v2\/tags?post=408897"}],"curies":[{"name":"wp","href":"https:\/\/api.w.org\/{rel}","templated":true}]}}