{"id":408911,"date":"2025-09-22T07:00:19","date_gmt":"2025-09-22T07:00:19","guid":{"rendered":"https:\/\/www.europesays.com\/fr\/408911\/"},"modified":"2025-09-22T07:00:19","modified_gmt":"2025-09-22T07:00:19","slug":"avec-la-reconnaissance-de-letat-de-palestine-emmanuel-macron-acheve-des-annees-defforts-diplomatiques","status":"publish","type":"post","link":"https:\/\/www.europesays.com\/fr\/408911\/","title":{"rendered":"Avec la reconnaissance de l\u2019\u00c9tat de Palestine, Emmanuel Macron ach\u00e8ve des ann\u00e9es d\u2019efforts diplomatiques"},"content":{"rendered":"<p>        <img decoding=\"async\" loading=\"lazy\" src=\"https:\/\/www.europesays.com\/fr\/wp-content\/uploads\/2025\/09\/cc690c4_upload-1-mfjfy1ekg9nw-afp-20250916-hl-mcohen-2886018-v1-highres-franceelyseepolanddiplomacy..jpeg\"  width=\"728\" height=\"410\" alt=\"Emmanuel Macron, ici \u00e0 Paris, en septembre 2025.\"\/>  <\/p>\n<p>MAGALI COHEN \/ Hans Lucas via AFP<\/p>\n<p>Emmanuel Macron, ici \u00e0 Paris, en septembre 2025.<\/p>\n<p class=\"asset asset-text\">POLITIQUE &#8211; Il est des dates qui marquent un mandat pr\u00e9sidentiel. Sans exag\u00e9rer la comparaison avec d\u2019autres \u00e9v\u00e9nements pass\u00e9s, celle du 22\u00a0septembre\u00a02025\u00a0restera \u00e0 coup s\u00fbr comme l\u2019une des journ\u00e9es fortes du mandat d\u2019<a href=\"https:\/\/www.huffingtonpost.fr\/france\/article\/emmanuel-macron-assure-aux-juifs-de-france-la-mobilisation-du-pays-face-a-l-antisemitisme_255059.html\" target=\"_blank\" rel=\"noopener\">Emmanuel Macron<\/a>. \u00c0 la tribune des Nations unies (ONU) \u00e0\u00a0New York, le pr\u00e9sident de la R\u00e9publique reconna\u00eetra, au nom de la France, l\u2019\u00c9tat de Palestine.<\/p>\n<p class=\"asset asset-text\">Un geste historique et symbolique, d\u00e9j\u00e0 entrepris par 148\u00a0pays dans le monde, mais loin d\u2019\u00eatre anodin pour le chef de l\u2019\u00c9tat, qui a mis du temps avant de se laisser convaincre. Il y a encore un an, <a href=\"https:\/\/www.huffingtonpost.fr\/politique\/video\/on-a-analyse-l-evolution-d-emmanuel-macron-sur-la-reconnaissance-de-la-palestine_254992.html\" target=\"_blank\" rel=\"noopener\">Emmanuel Macron<\/a> savait que la question de la reconnaissance viendrait, qu\u2019elle n\u2019\u00e9tait pas un tabou, mais que tout \u00e9tait affaire de timing. Il assume d\u00e9sormais le bras-de-fer avec Benjamin Netanyahu et Donald Trump, tr\u00e8s remont\u00e9s contre cette d\u00e9cision, mais \u00e9galement avec les institutions juives fran\u00e7aises, dont le Crif.<\/p>\n<p class=\"asset asset-text\">Le 24\u00a0juillet, dans un courrier limpide adress\u00e9 \u00e0 Mahmoud Abbas, le pr\u00e9sident de l\u2019Autorit\u00e9 palestinienne (AP), Emmanuel Macron annon\u00e7ait que la France \u00ab\u00a0proc\u00e9dera \u00e0 la pleine reconnaissance de la Palestine comme \u00c9tat\u00a0\u00bb au nom de la n\u00e9cessit\u00e9 de \u00ab\u00a0faire avancer la paix au Proche-Orient\u00a0\u00bb. Les images des d\u00e9g\u00e2ts commis \u00e0 Gaza par l\u2019arm\u00e9e isra\u00e9lienne d\u00e9filent chaque jour sur nos \u00e9crans. Des bombardements incessants, sur les \u00e9coles, les h\u00f4pitaux et les points de distribution alimentaire, une population d\u00e9cim\u00e9e, contrainte de survivre en l\u2019absence d\u2019eau, d\u2019\u00e9lectricit\u00e9 ou de m\u00e9dicaments. Les actes forts entrepris par l\u2019ONU, qui a d\u00e9clar\u00e9 <a href=\"https:\/\/www.huffingtonpost.fr\/international\/article\/gaza-l-onu-declare-officiellement-la-famine-dans-l-enclave-palestinienne-500-000-personnes-touchees_253878.html\" target=\"_blank\" rel=\"noopener\">la famine dans l\u2019enclave palestinienne<\/a> au mois d\u2019ao\u00fbt, et dont une commission d\u2019enqu\u00eate vient de qualifier ce que commet Isra\u00ebl de \u00ab\u00a0g\u00e9nocide\u00a0\u00bb, ont aussi aid\u00e9 Emmanuel Macron \u00e0 cheminer vers la reconnaissance.<\/p>\n<p class=\"asset asset-text\">\u00ab\u00a0Le moment que nous vivons est un moment de bascule. Soit nous sommes capables de faire ce qu\u2019il faut pour pr\u00e9server la solution \u00e0 deux \u00c9tats, soit nous allons vers plus de drames et de difficult\u00e9s\u00a0\u00bb, confie l\u2019\u00c9lys\u00e9e, comme pour justifier le moment qu\u2019a choisi Emmanuel Macron pour accomplir cet acte diplomatique fort. <a href=\"https:\/\/www.huffingtonpost.fr\/international\/article\/le-royaume-uni-et-le-canada-reconnaissent-officiellement-l-etat-de-palestine_255084.html\" target=\"_blank\" rel=\"noopener\">Le Canada, l\u2019Australie et le Royaume-Uni<\/a> ont \u00e9galement franchi le pas, de mani\u00e8re d\u00e9cisive, le 21\u00a0septembre.<\/p>\n<p>                     \u00ab\u00a0Une grande victoire\u00a0\u00bb pour Barrot    <\/p>\n<p class=\"asset asset-text\">Depuis son \u00e9lection en 2017, le pr\u00e9sident de la R\u00e9publique n\u2019a cess\u00e9 de varier sa position sur le sujet, renvoyant souvent \u00e0 plus tard la reconnaissance officielle de la Palestine. Tant\u00f4t pour ne pas se brouiller avec Isra\u00ebl, partenaire essentiel et ami historique de la France, et avec la communaut\u00e9 juive de mani\u00e8re g\u00e9n\u00e9rale, marqu\u00e9e dans sa chair par la hausse des actes antis\u00e9mites. Tant\u00f4t pour ne pas donner l\u2019impression de rendre service au Hamas, qui a recouru \u00e0 la violence et au terrorisme le 7\u00a0octobre\u00a02023. Depuis deux ans, le locataire de l\u2019\u00c9lys\u00e9e avait en effet \u00e9rig\u00e9 en priorit\u00e9 l\u2019obtention d\u2019un cessez-le-feu et l\u2019organisation d\u2019une aide humanitaire pour les Palestiniens. En parall\u00e8le, la solution politique a marqu\u00e9 le pas et Emmanuel Macron n\u2019a cess\u00e9 de tergiverser.<\/p>\n<p class=\"asset asset-text\">\u00ab\u00a0Cette s\u00e9quence consacrera une grande victoire diplomatique de la France, elle d\u00e9montrera qu\u2019elle p\u00e8se, qu\u2019elle entra\u00eene, qu\u2019elle f\u00e9d\u00e8re et peut influer sur les grandes questions de paix et de s\u00e9curit\u00e9\u00a0\u00bb, veut croire le ministre d\u00e9missionnaire des Affaires \u00e9trang\u00e8res <a href=\"https:\/\/www.huffingtonpost.fr\/politique\/article\/irresponsable-la-passe-d-armes-entre-jean-noel-barrot-et-lfi-n-a-pas-attendu-que-le-handala-s-approche-de-gaza_252825.html\" target=\"_blank\" rel=\"noopener\" title=\"Nouvelle fen\u00eatre\">Jean-No\u00ebl Barrot<\/a> dans <a href=\"https:\/\/www.leparisien.fr\/politique\/reconnaissance-de-la-palestine-du-general-de-gaulle-a-macron-le-recit-dun-si-long-cheminement-21-09-2025-B5GYSEPPO5E3NAYEXTBWTV24FE.php\" target=\"_blank\" rel=\"noopener\" title=\"Nouvelle fen\u00eatre\">Le Parisien<\/a>. Car il s\u2019agit, \u00e0 travers cette reconnaissance, de s\u2019\u00e9riger contre la violence aveugle \u00e0 laquelle se livre Isra\u00ebl depuis bient\u00f4t deux ans, autant que de renouer avec la position historique de la France.<\/p>\n<p class=\"asset asset-text\">Au moment de prononcer son discours \u00e0 la tribune des Nations unies ce lundi, Emmanuel Macron aura peut-\u00eatre une pens\u00e9e pour ses pr\u00e9d\u00e9cesseurs, au premier rang desquels Fran\u00e7ois Mitterrand. En 1982, le socialiste fut le premier pr\u00e9sident de la Ve\u00a0R\u00e9publique \u00e0 se rendre en Isra\u00ebl. Dans un discours \u00e0 la Knesset, il avait jet\u00e9 les bases d\u2019une reconnaissance de la Palestine en se rangeant avec force du c\u00f4t\u00e9 de la solution \u00e0 deux \u00c9tats. \u00ab\u00a0Je souhaite que les habitants de Cisjordanie et de Gaza disposent d\u2019une patrie\u00a0\u00bb, expliquait \u00e0 l\u2019\u00e9poque Fran\u00e7ois Mitterrand, dans un discours visionnaire qui pourrait avoir \u00e9t\u00e9 \u00e9crit en 2025. \u00ab\u00a0On ne peut demander \u00e0 quiconque de renoncer \u00e0 son identit\u00e9. Il appartient aux Palestiniens de d\u00e9cider eux-m\u00eames de leur sort. Je n\u2019ai, pas plus qu\u2019un autre, \u00e0 trancher qui repr\u00e9sente ce peuple et qui ne le repr\u00e9sente pas.\u00a0\u00bb<\/p>\n<p>                     Les Fran\u00e7ais sont pour, la gauche applaudit    <\/p>\n<p class=\"asset asset-text\">Le geste diplomatique et symbolique d\u2019Emmanuel Macron s\u2019accompagne d\u2019un fort soutien en France. Tant politique que populaire. 53\u00a0% des Fran\u00e7ais sont d\u2019accord avec l\u2019id\u00e9e, selon un sondage Elabe pour BFMTV, publi\u00e9 le 20\u00a0septembre. Dans le champ politique, la gauche applaudit l\u2019initiative de mani\u00e8re unanime. \u00ab\u00a0Aussi tardive soit-elle, nous saluons la d\u00e9cision d\u2019Emmanuel Macron\u00a0\u00bb, ont fait savoir les \u00c9cologistes dans un communiqu\u00e9. \u00ab\u00a0La reconnaissance de l\u2019\u00c9tat de Palestine est la cons\u00e9cration d\u2019une r\u00e9alit\u00e9 intangible\u00a0: les Palestiniens, \u00e0 \u00e9gale dignit\u00e9 avec tous les peuples du monde, ont droit \u00e0 l\u2019autod\u00e9termination.\u00a0\u00bb Au Parti socialiste, Olivier Faure a m\u00eame demand\u00e9 aux maires d\u2019accompagner l\u2019\u00e9lan <a href=\"https:\/\/www.huffingtonpost.fr\/politique\/article\/pourquoi-olivier-faure-appelle-a-hisser-le-drapeau-de-palestine-sur-les-mairies-le-22-septembre_254834.html\" target=\"_blank\" rel=\"noopener\">en hissant le drapeau palestinien au fronton de leur mairie<\/a>.<\/p>\n<p class=\"asset asset-text\">Si La France insoumise se r\u00e9jouit aussi de cette reconnaissance, qu\u2019elle appelait de ses v\u0153ux depuis longtemps, elle se dit mitig\u00e9e sur les suites, politiques et diplomatiques, qui lui seront donn\u00e9es. \u00ab\u00a0La reconnaissance de la Palestine ne servira \u00e0 rien si dans le m\u00eame temps on n\u2019arr\u00eate pas le g\u00e9nocide en cours \u00e0 Gaza et l\u2019annexion de fait de la Cisjordanie. Ce qui commence par des sanctions fortes vis-\u00e0-vis d\u2019Isra\u00ebl. Mon inqui\u00e9tude, c\u2019est qu\u2019on reconnaisse un cimeti\u00e8re\u00a0\u00bb, a exprim\u00e9 le d\u00e9put\u00e9 LFI \u00c9ric Coquerel dimanche sur France 3.<\/p>\n<p>    Des personnalit\u00e9s s\u2019y opposent    <\/p>\n<p class=\"asset asset-text\">Ces derni\u00e8res heures, des voix se sont \u00e9lev\u00e9es pour d\u00e9noncer la d\u00e9cision d\u2019Emmanuel Macron. <a href=\"https:\/\/www.huffingtonpost.fr\/international\/article\/avant-le-sommet-de-macron-a-new-york-ces-artistes-francais-lui-soumettent-deux-conditions_255038.html\" target=\"_blank\" rel=\"noopener\" title=\"Nouvelle fen\u00eatre\">Une dizaine de personnalit\u00e9s<\/a>, dont Charlotte Gainsbourg, Arthur ou Philippe Torreton, ont sign\u00e9 vendredi une tribune dans <a href=\"https:\/\/www.lefigaro.fr\/vox\/monde\/monsieur-le-president-vous-ne-pouvez-pas-reconnaitre-un-etat-palestinien-sans-conditions-prealables-l-appel-de-20-personnalites-20250919\" target=\"_blank\" rel=\"noopener\" title=\"Nouvelle fen\u00eatre\">Le Figaro<\/a>\u00a0demandant au Pr\u00e9sident de ne pas \u00ab\u00a0reconna\u00eetre un \u00c9tat palestinien sans conditions pr\u00e9alables\u00a0\u00bb. Selon elles, la lib\u00e9ration des otages et le d\u00e9mant\u00e8lement du Hamas n\u2019\u00e9tant pas achev\u00e9s, il est inconcevable d\u2019offrir ce qu\u2019ils qualifient de \u00ab\u00a0victoire symbolique\u00a0\u00bb au Hamas.<\/p>\n<p class=\"asset asset-text\">Furieux de cette reconnaissance de la Palestine, Isra\u00ebl menace la France de repr\u00e9sailles diplomatiques. Plusieurs observateurs \u00e9voquent la possibilit\u00e9 pour le Premier ministre Benjamin Netanyahu de fermer le consulat g\u00e9n\u00e9ral de France \u00e0 J\u00e9rusalem ou de geler les \u00e9changes en mati\u00e8re de coop\u00e9ration militaire. Pendant ce temps, les Palestiniens continuent, eux, de subir les bombardements et les privations de libert\u00e9.<\/p>\n","protected":false},"excerpt":{"rendered":"MAGALI COHEN \/ Hans Lucas via AFP Emmanuel Macron, ici \u00e0 Paris, en septembre 2025. POLITIQUE &#8211; Il&hellip;\n","protected":false},"author":2,"featured_media":408912,"comment_status":"","ping_status":"","sticky":false,"template":"","format":"standard","meta":{"footnotes":""},"categories":[5],"tags":[11,1073,1011,27,665,14,664,12,3521,3518,316,28],"class_list":{"0":"post-408911","1":"post","2":"type-post","3":"status-publish","4":"format-standard","5":"has-post-thumbnail","7":"category-international","8":"tag-actualites","9":"tag-emmanuel-macron","10":"tag-fr","11":"tag-france","12":"tag-gaza","13":"tag-international","14":"tag-israel","15":"tag-news","16":"tag-onu","17":"tag-palestine","18":"tag-politique","19":"tag-world"},"share_on_mastodon":{"url":"https:\/\/pubeurope.com\/@fr\/115246663270332601","error":""},"_links":{"self":[{"href":"https:\/\/www.europesays.com\/fr\/wp-json\/wp\/v2\/posts\/408911","targetHints":{"allow":["GET"]}}],"collection":[{"href":"https:\/\/www.europesays.com\/fr\/wp-json\/wp\/v2\/posts"}],"about":[{"href":"https:\/\/www.europesays.com\/fr\/wp-json\/wp\/v2\/types\/post"}],"author":[{"embeddable":true,"href":"https:\/\/www.europesays.com\/fr\/wp-json\/wp\/v2\/users\/2"}],"replies":[{"embeddable":true,"href":"https:\/\/www.europesays.com\/fr\/wp-json\/wp\/v2\/comments?post=408911"}],"version-history":[{"count":0,"href":"https:\/\/www.europesays.com\/fr\/wp-json\/wp\/v2\/posts\/408911\/revisions"}],"wp:featuredmedia":[{"embeddable":true,"href":"https:\/\/www.europesays.com\/fr\/wp-json\/wp\/v2\/media\/408912"}],"wp:attachment":[{"href":"https:\/\/www.europesays.com\/fr\/wp-json\/wp\/v2\/media?parent=408911"}],"wp:term":[{"taxonomy":"category","embeddable":true,"href":"https:\/\/www.europesays.com\/fr\/wp-json\/wp\/v2\/categories?post=408911"},{"taxonomy":"post_tag","embeddable":true,"href":"https:\/\/www.europesays.com\/fr\/wp-json\/wp\/v2\/tags?post=408911"}],"curies":[{"name":"wp","href":"https:\/\/api.w.org\/{rel}","templated":true}]}}