{"id":408921,"date":"2025-09-22T07:07:11","date_gmt":"2025-09-22T07:07:11","guid":{"rendered":"https:\/\/www.europesays.com\/fr\/408921\/"},"modified":"2025-09-22T07:07:11","modified_gmt":"2025-09-22T07:07:11","slug":"a-toulon-une-exposition-immersive-a-la-rencontre-de-napoleon","status":"publish","type":"post","link":"https:\/\/www.europesays.com\/fr\/408921\/","title":{"rendered":"A Toulon, une exposition immersive \u00e0 la rencontre de Napol\u00e9on"},"content":{"rendered":"<p>Longwood, 1817. Napol\u00e9on accueille le visiteur dans sa derni\u00e8re demeure \u00e0 Sainte-H\u00e9l\u00e8ne. Ce visiteur, c\u2019est vous, \u00e9quip\u00e9 d\u2019un casque virtuel. Et vous allez remonter le fil du temps. Parcourir la vie de votre h\u00f4te. Vivre avec lui ses exploits comme ses \u00e9checs\u2026 Vous devenez ainsi acteur de l\u2019Histoire. Des batailles victorieuses aux d\u00e9sastres militaires, en passant par les grandes r\u00e9alisations du Ier Empire\u2026 L\u2019immersion est totale.<\/p>\n<p>Et pour y plonger, rendez-vous chez Dreamaway, dans le centre-ville de Toulon. L\u2019\u00e9tablissement, sp\u00e9cialis\u00e9 dans les jeux virtuels, s\u2019essaye aux expositions. \u00ab\u00a0C\u2019est d\u2019ailleurs une direction que l\u2019on va accentuer, d\u00e9taille Herv\u00e9 Brun, le patron. Je trouve tr\u00e8s int\u00e9ressant de proposer ce genre de projets, \u00e0 la fois historique et immersif. C\u2019est adapt\u00e9 \u00e0 tous les \u00e2ges. Et petit bonus pour \u00ab Napol\u00e9on, l\u2019\u00e9pop\u00e9e immersive\u00a0\u00bb: on a une partie locale puisque le si\u00e8ge de Toulon sera \u00e9voqu\u00e9. \u00bb<\/p>\n<p><strong>Un comit\u00e9 scientifique \u00e0 la man\u0153uvre<\/strong><\/p>\n<p>Cette exposition, c\u2019est l\u2019\u0153uvre du studio Sandora. Pour son fondateur, Marin de Saint-Chamas, \u00ab\u00a0l\u2019ambition, c\u2019est de faire vivre l\u2019histoire de mani\u00e8re \u00e0 la fois spectaculaire, didactique et enrichissante.\u00a0\u00bb Et d\u00e9j\u00e0 le public du Qu\u00e9bec, d\u2019Anvers, de Paris, Bordeaux ou encore Lyon ont profit\u00e9 de l\u2019immersion.<\/p>\n<p>L\u2019entreprise s\u2019est entour\u00e9e d\u2019un comit\u00e9 scientifique pour \u00e9laborer cette aventure longue de 28 minutes. Une n\u00e9cessit\u00e9 en termes de cr\u00e9dibilit\u00e9. Parmi les membres, on trouve notamment la Fondation Napol\u00e9on ou encore le mus\u00e9e royal de l\u2019Arm\u00e9e de Bruxelles.<\/p>\n<p>\u00ab\u00a0Les visiteurs se prom\u00e8nent librement avec leur casque dans une pi\u00e8ce de 50m2. Ils seront par groupe de dix maximum. En pr\u00e9ambule, il y aura un pr\u00e9-show qui r\u00e9sumera les grandes lignes de la vie de Napol\u00e9on, afin de poser le d\u00e9cor.\u00a0\u00bb C\u2019est ensuite parti pour l\u2019\u00e9pop\u00e9e!<\/p>\n<p>Dreamaway propose ainsi de d\u00e9couvrir l\u2019histoire autrement.<\/p>\n<p>Pratique : Du 25 septembre jusqu\u2019en janvier. Dreamaway, 10 place Raspail. Tous les jours de 10h \u00e0 18h30. Tarifs: entre 16 et 22 euros (pack famille entre 64 et 72 euros pour quatre personnes). Rens. dreamaway.fr<\/p>\n","protected":false},"excerpt":{"rendered":"Longwood, 1817. Napol\u00e9on accueille le visiteur dans sa derni\u00e8re demeure \u00e0 Sainte-H\u00e9l\u00e8ne. Ce visiteur, c\u2019est vous, \u00e9quip\u00e9 d\u2019un&hellip;\n","protected":false},"author":2,"featured_media":408922,"comment_status":"","ping_status":"","sticky":false,"template":"","format":"standard","meta":{"footnotes":""},"categories":[9619],"tags":[1111,11,1777,674,1011,27,12,882,25,2310,3366],"class_list":{"0":"post-408921","1":"post","2":"type-post","3":"status-publish","4":"format-standard","5":"has-post-thumbnail","7":"category-toulon","8":"tag-actu","9":"tag-actualites","10":"tag-eu","11":"tag-europe","12":"tag-fr","13":"tag-france","14":"tag-news","15":"tag-provence-alpes-cote-dazur","16":"tag-republique-francaise","17":"tag-toulon","18":"tag-vie-locale"},"share_on_mastodon":{"url":"https:\/\/pubeurope.com\/@fr\/115246690770554555","error":""},"_links":{"self":[{"href":"https:\/\/www.europesays.com\/fr\/wp-json\/wp\/v2\/posts\/408921","targetHints":{"allow":["GET"]}}],"collection":[{"href":"https:\/\/www.europesays.com\/fr\/wp-json\/wp\/v2\/posts"}],"about":[{"href":"https:\/\/www.europesays.com\/fr\/wp-json\/wp\/v2\/types\/post"}],"author":[{"embeddable":true,"href":"https:\/\/www.europesays.com\/fr\/wp-json\/wp\/v2\/users\/2"}],"replies":[{"embeddable":true,"href":"https:\/\/www.europesays.com\/fr\/wp-json\/wp\/v2\/comments?post=408921"}],"version-history":[{"count":0,"href":"https:\/\/www.europesays.com\/fr\/wp-json\/wp\/v2\/posts\/408921\/revisions"}],"wp:featuredmedia":[{"embeddable":true,"href":"https:\/\/www.europesays.com\/fr\/wp-json\/wp\/v2\/media\/408922"}],"wp:attachment":[{"href":"https:\/\/www.europesays.com\/fr\/wp-json\/wp\/v2\/media?parent=408921"}],"wp:term":[{"taxonomy":"category","embeddable":true,"href":"https:\/\/www.europesays.com\/fr\/wp-json\/wp\/v2\/categories?post=408921"},{"taxonomy":"post_tag","embeddable":true,"href":"https:\/\/www.europesays.com\/fr\/wp-json\/wp\/v2\/tags?post=408921"}],"curies":[{"name":"wp","href":"https:\/\/api.w.org\/{rel}","templated":true}]}}