{"id":408928,"date":"2025-09-22T07:11:10","date_gmt":"2025-09-22T07:11:10","guid":{"rendered":"https:\/\/www.europesays.com\/fr\/408928\/"},"modified":"2025-09-22T07:11:10","modified_gmt":"2025-09-22T07:11:10","slug":"a-rouen-un-osteopathe-animalier-a-t-il-mis-en-danger-les-etres-quil-a-manipules","status":"publish","type":"post","link":"https:\/\/www.europesays.com\/fr\/408928\/","title":{"rendered":"\u00c0 Rouen, un ost\u00e9opathe animalier a-t-il mis en danger \u00ab\u2009les \u00eatres qu&rsquo;il a manipul\u00e9s \u00bb\u00a0?"},"content":{"rendered":"<p>            Par<br \/>\n        <strong><br \/>\n            <a href=\"https:\/\/actu.fr\/auteur\/yann-rivallan\" title=\"Consulter tous les articles de Yann Rivallan\" target=\"_blank\" rel=\"noopener\">Yann Rivallan<\/a><br \/>\n        <\/strong><\/p>\n<p>        Publi\u00e9 le<\/p>\n<p>            22 sept. 2025 \u00e0 8h16        <\/p>\n<p>L\u2019affaire est plus complexe qu\u2019elle n\u2019en a l\u2019air. Jeudi 18\u00a0septembre 2025, <strong>un ancien ost\u00e9opathe animalier<\/strong> de la m\u00e9tropole de <a href=\"https:\/\/actu.fr\/normandie\/rouen_76540\" target=\"_blank\" rel=\"noopener\">Rouen (Seine-Maritime)<\/a> comparaissait devant le tribunal judiciaire pour pratique ill\u00e9gale de la m\u00e9decine v\u00e9t\u00e9rinaire. Des actes commis du 1\u1d49\u02b3 janvier\u00a02020 au 13\u00a0ao\u00fbt 2024. Si les faits ne sont pas vraiment contest\u00e9s par le pr\u00e9venu, un gros d\u00e9bat s\u2019est ouvert sur cette profession en crise.<\/p>\n<p>Un examen d\u2019aptitude obligatoire<\/p>\n<p class=\" wall-content\">Gabriel*, 38\u00a0ans, exerce le m\u00e9tier d\u2019ost\u00e9opathe animalier <strong>depuis 2015<\/strong>. Il a embrass\u00e9 cette profession apr\u00e8s un Master au NIAO (National Institute of Animal Osteopathy), un centre de formation bas\u00e9 \u00e0 Bois-Guillaume.<\/p>\n<p class=\" wall-content\">\u00c0 l\u2019\u00e9poque de son obtention, la profession n\u2019est pas encore reconnue et b\u00e9n\u00e9ficie d\u2019un certain flou juridique. Gabriel commence \u00e0 exercer dans un village de la m\u00e9tropole rouennaise. Mais apr\u00e8s seulement deux ans d\u2019activit\u00e9, <strong>la r\u00e9glementation \u00e9volue<\/strong>.<\/p>\n<p class=\" wall-content\">En 2017, il est d\u00e9cid\u00e9 d\u2019imposer aux ost\u00e9opathes animaliers de suivre <strong>un examen d\u2019aptitude<\/strong> dispens\u00e9 par l\u2019Ordre national des v\u00e9t\u00e9rinaires pour pouvoir continuer d\u2019exercer.<\/p>\n<p class=\" wall-content\">Sans \u00e7a, l\u2019Ordre ne reconna\u00eet pas le professionnel. Il est donc consid\u00e9r\u00e9 comme exer\u00e7ant ill\u00e9galement la m\u00e9decine sur des animaux.<\/p>\n<p>Une r\u00e9glementation en constante \u00e9volution<\/p>\n<p class=\" wall-content\">Mais face au grand nombre de demandes d\u2019ost\u00e9opathes pour se mettre en conformit\u00e9 et aux longs d\u00e9lais d\u2019attente, \u00ab\u2009un moratoire [une suspension temporaire de l\u2019obligation de passer un examen, NDLR] est vot\u00e9 jusqu\u2019en 2020\u2009\u00bb, rappelle l\u2019avocate de Gabriel. De quoi permettre aux professionnels de <strong>continuer \u00e0 exercer<\/strong> le temps de passer l\u2019examen.<\/p>\n<p class=\" wall-content\">En d\u00e9but d\u2019ann\u00e9e 2020, Gabriel passe enfin l\u2019examen. Mais il le rate \u00e0 3 reprises entre\u00a02020 et\u00a02021. Pourtant, pendant ce temps, il continue \u00e0 ausculter et manipuler des chiens, des chats ou encore des chevaux.<\/p>\n<p>Votre r\u00e9gion, votre actu !<\/p>\n<p>Recevez chaque jour les infos qui comptent pour vous.<\/p>\n<p>\t<a href=\"https:\/\/actu.fr\/newsletter\" class=\"ac-btn ac-btn--corner ac-btn--medium ac-btn--blue800\" target=\"_blank\" rel=\"noopener\">S&rsquo;incrire<\/a><\/p>\n<p class=\" wall-content\">C\u2019est l\u00e0 que les choses se corsent pour le professionnel. Sa pratique est d\u00e9sormais consid\u00e9r\u00e9e comme ill\u00e9gale. L\u2019Ordre <strong>lui adresse plusieurs courriers<\/strong> pour qu\u2019il se mette en conformit\u00e9. En mars\u00a02023, Gabriel se pr\u00e9pare \u00e0 passer une nouvelle fois l\u2019examen. Mais il doit \u00eatre hospitalis\u00e9 pour une maladie r\u00e9nale. L\u2019Ordre lui propose une date en juin, puis une autre en juillet. \u00c0 chaque fois, il d\u00e9cline\u2009: \u00ab\u2009J\u2019\u00e9tais en vacances \u00e0 Saint-Pierre-et-Miquelon puis \u00e0 La R\u00e9union\u2009\u00bb, justifie-t-il \u00e0 la barre.<\/p>\n<p>De nombreux rappels \u00e0 l\u2019ordre<\/p>\n<p class=\" wall-content\">Avec son lourd traitement pour sa maladie, il explique aux juges avoir d\u00e9cid\u00e9 de stopper son activit\u00e9 en avril\u00a02024. \u00ab\u2009Mais vous continuez quand m\u00eame d\u2019exercer\u2009?\u2009\u00bb, l\u2019interroge la pr\u00e9sidente du tribunal. \u00ab\u2009Oui, mais beaucoup moins qu\u2019avant\u2009\u00bb, admet-il.<\/p>\n<p class=\" wall-content\">C\u2019est finalement <strong>au mois de mai\u00a02025<\/strong> qu\u2019il arr\u00eate tout. \u00ab\u2009L\u2019Ordre vous a tout de m\u00eame rappel\u00e9 plusieurs fois \u00e0 l\u2019ordre\u2009\u00bb, s\u2019agace la pr\u00e9sidente.<\/p>\n<p class=\" wall-content\">\u00ab\u2009Qu\u2019est-ce que vous pensez de vos clients qui ont eu confiance en vous, qui sont venus vous voir en tant qu\u2019ost\u00e9opathe professionnel, alors que ce n\u2019\u00e9tait pas le cas\u2009?\u2009\u00bb, poursuit la pr\u00e9sidente.<\/p>\n<blockquote class=\"ac-article-quote wall-content\">\n<p>Que diriez-vous si aujourd&rsquo;hui vous \u00e9tiez jug\u00e9 par un magistrat qui n&rsquo;a pas fait l&rsquo;\u00e9cole de magistrature et a un faux dipl\u00f4me ? Vous seriez content ?<\/p>\n<p>    <strong>La pr\u00e9sidente du tribunal<\/strong>\n            <\/p><\/blockquote>\n<p class=\" wall-content\">\u00ab\u2009S\u2019il y a des formations, c\u2019est que \u00e7a sert \u00e0 quelque chose\u2009\u00bb, encha\u00eene la magistrate. \u00ab\u2009Je ne sais pas quoi vous dire\u2009\u00bb, d\u00e9clare, penaud, Gabriel.<\/p>\n<p>Une peine amende requise<\/p>\n<p class=\" wall-content\">Pour l\u2019avocat de l\u2019Ordre des v\u00e9t\u00e9rinaires, ma\u00eetre Stanislas Panon, les faits sont \u00ab\u2009tr\u00e8s clairs\u2009\u00bb. \u00ab\u2009Au d\u00e9but, il a laiss\u00e9 les courriers pourrir, rappelle l\u2019avocat. Et ne venez pas me dire que l\u2019Ordre n\u2019a pas cherch\u00e9 \u00e0 r\u00e9gler la situation. Il lui a propos\u00e9 deux nouvelles dates pour repasser l\u2019examen et il s\u2019en est lav\u00e9 les mains. Il a continu\u00e9 \u00e0 exercer en esp\u00e9rant que les choses se tassent.\u2009\u00bb<\/p>\n<p class=\" wall-content\">Il le rappelle\u2009: \u00ab\u2009Ce n\u2019est pas parce qu\u2019il a suivi des formations [des dipl\u00f4mes d\u2019ost\u00e9opathe animaliers non reconnus, NDLR] qu\u2019il est en droit d\u2019exercer.\u2009\u00bb Ainsi, ma\u00eetre Panon sollicite <strong>un d\u00e9dommagement de 5\u2009000\u00a0euros<\/strong> en r\u00e9paration du pr\u00e9judice subi par l\u2019ordre. Un montant qu\u2019il justifie par \u00ab\u2009la dur\u00e9e de l\u2019infraction et l\u2019attitude [du pr\u00e9venu] durant cette p\u00e9riode\u2009\u00bb.<\/p>\n<p class=\" wall-content\">Le procureur de la R\u00e9publique requiert de son c\u00f4t\u00e9 <strong>une peine amende de 3\u2009000\u00a0euros<\/strong> pour Gabriel. Selon lui, l\u2019ost\u00e9opathe \u00ab\u2009m\u00eame s\u2019il a un casier vierge, a commis des faits graves qui ont mis en danger les \u00eatres qu\u2019il a manipul\u00e9s\u2009\u00bb.<\/p>\n<p>\u00ab\u2009C\u2019est un homme dipl\u00f4m\u00e9\u2009\u00bb<\/p>\n<p class=\" wall-content\">Ma\u00eetre Duval-Dussaux, l\u2019avocate de l\u2019ost\u00e9opathe, relativise\u2009: \u00ab\u2009C\u2019est un homme dipl\u00f4m\u00e9 qui a cru qu\u2019il exer\u00e7ait dans les r\u00e8gles de l\u2019art.\u2009\u00bb Au moment de l\u2019obtention de son dipl\u00f4me, en 2015, \u00ab\u2009il \u00e9tait reconnu par le minist\u00e8re du Travail, mais pas celui de l\u2019agriculture. Aujourd\u2019hui, on lui dit que son dipl\u00f4me ne vaut rien.\u2009\u00bb<\/p>\n<p class=\" wall-content\">\u00ab\u2009Il est plein de col\u00e8re et d\u2019incompr\u00e9hension, poursuit le conseil de Gabriel. Il a l\u2019impression qu\u2019il y a <strong>une main mise des v\u00e9t\u00e9rinaires<\/strong> sur sa profession. C\u2019est quelqu\u2019un de r\u00e9sign\u00e9. C\u2019est pour \u00e7a qu\u2019il a cess\u00e9 son activit\u00e9.\u2009\u00bb<\/p>\n<p>\u00ab\u2009Il faisait plus du magn\u00e9tisme\u2009\u00bb<\/p>\n<p class=\" wall-content\">Ma\u00eetre Duval-Dussaux rel\u00e8ve aussi \u00ab\u2009quelques lacunes dans le dossier\u2009\u00bb. \u00c0 commencer par les actes pratiqu\u00e9s. Peut-on vraiment parler d\u2019exercice ill\u00e9gal de la m\u00e9decine quand on ne d\u00e9finit pas \u00ab\u2009ce qui rel\u00e8ve d\u2019actes th\u00e9rapeutiques et non th\u00e9rapeutiques\u2009?\u2009\u00bb, interroge-t-elle.<\/p>\n<p class=\" wall-content\">Selon la jurisprudence, \u00ab\u2009il y a plus de condamnations depuis 2022 [dans ce genre d\u2019affaires] mais il y a aussi des relaxes quand les actes sont limit\u00e9s \u00e0 des actes fonctionnels non invasifs\u2009\u00bb, explique l\u2019avocate.<\/p>\n<p class=\" wall-content\">Difficile donc pour elle d\u2019accuser son client d\u2019avoir exerc\u00e9 ill\u00e9galement puisqu\u2019en 2022 il avait \u00ab\u2009chang\u00e9 sa pratique\u2009\u00bb.<\/p>\n<blockquote class=\"ac-article-quote wall-content\">\n<p>Il faisait plus du magn\u00e9tisme que de l&rsquo;ost\u00e9opathie. Il \u00e9tait tr\u00e8s doux avec les animaux.<\/p>\n<p>    <strong>Ma\u00eetre Duval-Dussaux<\/strong><br \/>\n        Avocate du pr\u00e9venu    <\/p><\/blockquote>\n<p class=\" wall-content\">Concernant l\u2019examen d\u2019aptitude, le conseil de Gabriel pointe du doigt <strong>son co\u00fbt important et sa grande difficult\u00e9<\/strong>. \u00ab\u2009J\u2019ai appris que des \u00e9tudiants [en ost\u00e9opathie animali\u00e8re] avaient formul\u00e9 un recours collectif pour d\u00e9noncer la difficult\u00e9 des \u00e9preuves.\u2009\u00bb Pas \u00e9tonnant, pour elle, que son client a \u00e9chou\u00e9 \u00e0 trois reprises.<\/p>\n<p class=\" wall-content\">Enfin, c\u2019est aussi la maladie qui a emp\u00each\u00e9 Gabriel de retenter de passer l\u2019examen, selon elle. Bref, son client \u00ab\u2009n\u2019est pas quelqu\u2019un qui veut escroquer, assure-t-elle. C\u2019est quelqu\u2019un qui faisait bien son travail et donnait grande satisfaction \u00e0 ses clients.\u2009\u00bb<\/p>\n<p>Le tribunal fait preuve de cl\u00e9mence<\/p>\n<p class=\" wall-content\">Apr\u00e8s en avoir d\u00e9lib\u00e9r\u00e9, le tribunal d\u00e9clare Gabriel coupable de l\u2019ensemble des faits qui lui sont reproch\u00e9s. Mais il ne suit pas les r\u00e9quisitions et se montre plus cl\u00e9ment. L\u2019ancien ost\u00e9opathe animalier \u00e9cope d\u2019une peine amende de 3\u2009000\u00a0euros avec sursis.<\/p>\n<p class=\" wall-content\">Concernant le pr\u00e9judice de l\u2019Ordre des v\u00e9t\u00e9rinaires, il est condamn\u00e9 \u00e0 verser 1\u00a0euro symbolique et \u00e0 rembourser les frais de justice \u00e0 hauteur de 800\u00a0euros.<\/p>\n<p class=\" wall-content\">*Le pr\u00e9nom a \u00e9t\u00e9 modifi\u00e9<\/p>\n<p>Suivez l\u2019actualit\u00e9 de Rouen sur <a href=\"https:\/\/www.whatsapp.com\/channel\/0029VaKfnf99hXF2ddApFB1D\" target=\"_blank\" rel=\"noopener\">notre cha\u00eene WhatsApp<\/a> et sur <a href=\"https:\/\/www.tiktok.com\/@76actu.fr?lang=fr\" target=\"_blank\" rel=\"noopener\">notre compte TikTok<\/a><\/p>\n<p class=\" wall-content\">Personnalisez votre actualit\u00e9 en ajoutant vos villes et m\u00e9dias en favori avec <a href=\"https:\/\/moncompte.actu.fr\" title=\"D\u00e9couvez Mon Actu\" rel=\"nofollow noopener\" data-trk=\"{&quot;cta&quot;:{&quot;action&quot;:&quot;https:\\\/\\\/moncompte.actu.fr&quot;,&quot;category&quot;:&quot;mon compte&quot;,&quot;from&quot;:&quot;article footer&quot;,&quot;name&quot;:&quot;Mon actu&quot;,&quot;type&quot;:&quot;cta&quot;}}\" target=\"_blank\">Mon Actu<\/a>.<\/p>\n<p>                    <script async src=\"\/\/www.tiktok.com\/embed.js\"><\/script><\/p>\n","protected":false},"excerpt":{"rendered":"Par Yann Rivallan Publi\u00e9 le 22 sept. 2025 \u00e0 8h16 L\u2019affaire est plus complexe qu\u2019elle n\u2019en a l\u2019air.&hellip;\n","protected":false},"author":2,"featured_media":408929,"comment_status":"","ping_status":"","sticky":false,"template":"","format":"standard","meta":{"footnotes":""},"categories":[9587],"tags":[1111,11,1867,1777,674,118,1011,27,303,12,5161,25,9590,13682],"class_list":{"0":"post-408928","1":"post","2":"type-post","3":"status-publish","4":"format-standard","5":"has-post-thumbnail","7":"category-rouen","8":"tag-actu","9":"tag-actualites","10":"tag-animaux","11":"tag-eu","12":"tag-europe","13":"tag-faits-divers","14":"tag-fr","15":"tag-france","16":"tag-justice","17":"tag-news","18":"tag-normandie","19":"tag-republique-francaise","20":"tag-rouen","21":"tag-tribunal-de-rouen"},"share_on_mastodon":{"url":"https:\/\/pubeurope.com\/@fr\/115246707064567183","error":""},"_links":{"self":[{"href":"https:\/\/www.europesays.com\/fr\/wp-json\/wp\/v2\/posts\/408928","targetHints":{"allow":["GET"]}}],"collection":[{"href":"https:\/\/www.europesays.com\/fr\/wp-json\/wp\/v2\/posts"}],"about":[{"href":"https:\/\/www.europesays.com\/fr\/wp-json\/wp\/v2\/types\/post"}],"author":[{"embeddable":true,"href":"https:\/\/www.europesays.com\/fr\/wp-json\/wp\/v2\/users\/2"}],"replies":[{"embeddable":true,"href":"https:\/\/www.europesays.com\/fr\/wp-json\/wp\/v2\/comments?post=408928"}],"version-history":[{"count":0,"href":"https:\/\/www.europesays.com\/fr\/wp-json\/wp\/v2\/posts\/408928\/revisions"}],"wp:featuredmedia":[{"embeddable":true,"href":"https:\/\/www.europesays.com\/fr\/wp-json\/wp\/v2\/media\/408929"}],"wp:attachment":[{"href":"https:\/\/www.europesays.com\/fr\/wp-json\/wp\/v2\/media?parent=408928"}],"wp:term":[{"taxonomy":"category","embeddable":true,"href":"https:\/\/www.europesays.com\/fr\/wp-json\/wp\/v2\/categories?post=408928"},{"taxonomy":"post_tag","embeddable":true,"href":"https:\/\/www.europesays.com\/fr\/wp-json\/wp\/v2\/tags?post=408928"}],"curies":[{"name":"wp","href":"https:\/\/api.w.org\/{rel}","templated":true}]}}