{"id":408931,"date":"2025-09-22T07:15:15","date_gmt":"2025-09-22T07:15:15","guid":{"rendered":"https:\/\/www.europesays.com\/fr\/408931\/"},"modified":"2025-09-22T07:15:15","modified_gmt":"2025-09-22T07:15:15","slug":"a-grenoble-laurence-ruffin-soeur-du-depute-candidate-aux-municipales-2026","status":"publish","type":"post","link":"https:\/\/www.europesays.com\/fr\/408931\/","title":{"rendered":"\u00c0 Grenoble, Laurence Ruffin, s\u0153ur du d\u00e9put\u00e9, candidate aux municipales 2026"},"content":{"rendered":"<p>        <img decoding=\"async\" loading=\"lazy\" src=\"https:\/\/www.europesays.com\/fr\/wp-content\/uploads\/2025\/09\/e0a349c_upload-1-md7zy4yvctb2-ruffin.PNG\"  width=\"728\" height=\"409\" alt=\"Laurence Ruffin, candidate \u00e0 la mairie de Grenoble pour 2026\u00a0- Capture d\u2019\u00e9cran Linkedin\"\/>   <\/p>\n<p>Laurence Ruffin, candidate \u00e0 la mairie de Grenoble pour 2026\u00a0&#8211; Capture d\u2019\u00e9cran Linkedin<\/p>\n<p class=\"asset asset-text\">POLITIQUE &#8211; La politique, une passion de famille\u00a0? Laurence Ruffin, cheffe d\u2019entreprise et s\u0153ur du d\u00e9put\u00e9 Fran\u00e7ois Ruffin (ex-LFI), a \u00e9t\u00e9 d\u00e9sign\u00e9e dimanche 21\u00a0septembre par les \u00e9cologistes et plusieurs partis de gauche pour \u00eatre leur candidate \u00e0<a href=\"https:\/\/www.huffingtonpost.fr\/politique\/article\/les-dates-des-elections-municipales-2026-officialisees-par-le-gouvernement_254061.html\" rel=\"nofollow noopener\" target=\"_blank\"> la mairie<\/a> de Grenoble en 2026, le maire \u00e9cologiste sortant <a href=\"https:\/\/www.huffingtonpost.fr\/politique\/article\/emmanuel-macron-songe-au-referendum-eric-piolle-le-prend-au-mot-sur-le-cannabis-et-la-legalisation_245219.html\" rel=\"nofollow noopener\" target=\"_blank\">\u00c9ric Piolle<\/a> ne se repr\u00e9sentant pas.<\/p>\n<p class=\"asset asset-text\">\u00ab\u00a0Laurence Ruffin a \u00e9t\u00e9 d\u00e9sign\u00e9e t\u00eate de liste par les militant\u00b7es de notre rassemblement des gauches, des \u00e9cologistes et des citoyen\u00b7nes\u00a0\u00bb, soulignent dans un communiqu\u00e9 les \u00c9cologistes et les partis qui les soutiennent dont le PCF ou G\u00e9n\u00e9ration\u00b7s. Ce rassemblement n\u2019inclut cependant pas toutes les nuances de la gauche, la France insoumise ayant investi samedi son propre candidat\u00a0: Allan Brunon, militant de 26\u00a0ans d\u00e9sign\u00e9 t\u00eate d\u2019une liste \u00ab\u00a0Insoumise et Citoyenne\u00a0\u00bb.<\/p>\n<p class=\"asset asset-text\">\u00ab\u00a0J\u2019\u00e9prouve une grande \u00e9motion et une profonde gratitude \u00e0 l\u2019annonce de ma d\u00e9signation (&#8230;) Je suis enthousiaste, et je mesure pleinement l\u2019honneur, la responsabilit\u00e9 et l\u2019exigence que cela repr\u00e9sente\u00a0\u00bb, a d\u00e9clar\u00e9 Laurence Ruffin dans ce communiqu\u00e9.<\/p>\n<p class=\"asset asset-text\">\u00c2g\u00e9e de 47\u00a0ans, mari\u00e9e et m\u00e8re de deux enfants, Laurence Ruffin est dipl\u00f4m\u00e9e de l\u2019\u00e9cole de commerce Essec et s\u2019est install\u00e9e dans la r\u00e9gion grenobloise en 2003. Depuis 2009, elle dirige Alma, une Scop \u00e9ditrice de logiciels, dont elle a quitt\u00e9 courant 2025 la direction g\u00e9n\u00e9rale pour en rester pr\u00e9sidente. Elle n\u2019est affili\u00e9e ni aux \u00c9cologistes ni \u00e0 aucun parti politique.<\/p>\n<p>                     L\u2019adversaire de Ruffin d\u00e9nonce des \u00ab\u00a0pressions\u00a0\u00bb du maire sortant    <\/p>\n<p class=\"asset asset-text\">Le vote l\u2019opposait \u00e0 Lucille Lheureux (Les \u00c9cologistes), adjointe d\u2019\u00c9ric Piolle depuis son premier mandat, \u00e0 partir de 2014 &#8211; apr\u00e8s deux mandats, ce dernier ne se repr\u00e9sente pas. Deux autres candidats, initialement en lice, se sont d\u00e9sist\u00e9s dans les jours ayant pr\u00e9c\u00e9d\u00e9 le vote\u00a0: Nicolas Beron Perez (PCF), conseiller municipal grenoblois suivi de Margot Belair (Les \u00c9cologistes), autre adjointe au maire.<\/p>\n<p class=\"asset asset-text\">Ces d\u00e9sistements sont intervenus dans un contexte tendu, apr\u00e8s les r\u00e9v\u00e9lations du <a href=\"https:\/\/www.ledauphine.com\/elections\/2025\/09\/04\/l-adjointe-lucille-lheureux-signale-des-intimidations\" target=\"_blank\" rel=\"noopener nofollow\" title=\"Nouvelle fen\u00eatre\">Dauphin\u00e9 Lib\u00e9r\u00e9<\/a> selon lesquelles Lucille Lheureux aurait subi des \u00ab\u00a0pressions\u00a0\u00bb et des \u00ab\u00a0intimidations\u00a0\u00bb de la part du maire de Grenoble pour retirer sa candidature. Lucille Lheureux a saisi en ce sens la cellule d\u2019\u00e9coute et d\u2019orientation des \u00c9cologistes le 2\u00a0septembre. Selon <a href=\"https:\/\/www.mediapart.fr\/journal\/politique\/190925\/pressions-rumeurs-et-desistements-grenoble-la-succession-de-piolle-vire-au-fiasco\" target=\"_blank\" rel=\"noopener nofollow\" title=\"Nouvelle fen\u00eatre\">M\u00e9diapart<\/a>, dans sa lettre de signalement, elle assure qu\u2019\u00c9ric Piolle a fait \u00ab\u00a0des insinuations, des mensonges et des sous-entendus\u00a0\u00bb sur sa vie priv\u00e9e, pour lui \u00ab\u00a0faire peur\u00a0\u00bb, ce que l\u2019int\u00e9ress\u00e9 a d\u00e9menti aupr\u00e8s du m\u00e9dia d\u2019investigation. \u00ab\u00a0(Eric) Piolle, sa candidate, c\u2019est Laurence Ruffin, ils sont tr\u00e8s proches. Depuis le d\u00e9but il fait tout pour l\u2019imposer\u00a0\u00bb, a d\u00e9clar\u00e9 \u00e0 l\u2019AFP un proche de Lucille Lheureux.<\/p>\n<p class=\"asset asset-text\">\u00c9ric Piolle est lui-m\u00eame au c\u0153ur d\u2019une temp\u00eate judiciaire et politique, vis\u00e9e par une enqu\u00eate pour \u00ab\u00a0concussion\u00a0\u00bb, ce qui lui a valu mardi d\u2019\u00eatre suspendu \u00ab\u00a0\u00e0 titre conservatoire\u00a0\u00bb <a href=\"https:\/\/www.huffingtonpost.fr\/politique\/article\/eric-piolle-suspendu-de-son-mandat-de-porte-parole-des-ecologistes-par-le-conseil-disciplinaire-du-parti_254909.html\" rel=\"nofollow noopener\" target=\"_blank\">de ses fonctions de porte-parole des \u00c9cologistes<\/a>.<\/p>\n","protected":false},"excerpt":{"rendered":"Laurence Ruffin, candidate \u00e0 la mairie de Grenoble pour 2026\u00a0&#8211; Capture d\u2019\u00e9cran Linkedin POLITIQUE &#8211; La politique, une&hellip;\n","protected":false},"author":2,"featured_media":408932,"comment_status":"","ping_status":"","sticky":false,"template":"","format":"standard","meta":{"footnotes":""},"categories":[9566],"tags":[1111,11,2430,1777,674,1011,27,4483,2731,3434,12,316,25],"class_list":{"0":"post-408931","1":"post","2":"type-post","3":"status-publish","4":"format-standard","5":"has-post-thumbnail","7":"category-grenoble","8":"tag-actu","9":"tag-actualites","10":"tag-auvergne-rhone-alpes","11":"tag-eu","12":"tag-europe","13":"tag-fr","14":"tag-france","15":"tag-francois-ruffin","16":"tag-grenoble","17":"tag-municipales-2026","18":"tag-news","19":"tag-politique","20":"tag-republique-francaise"},"share_on_mastodon":{"url":"https:\/\/pubeurope.com\/@fr\/115246722228545819","error":""},"_links":{"self":[{"href":"https:\/\/www.europesays.com\/fr\/wp-json\/wp\/v2\/posts\/408931","targetHints":{"allow":["GET"]}}],"collection":[{"href":"https:\/\/www.europesays.com\/fr\/wp-json\/wp\/v2\/posts"}],"about":[{"href":"https:\/\/www.europesays.com\/fr\/wp-json\/wp\/v2\/types\/post"}],"author":[{"embeddable":true,"href":"https:\/\/www.europesays.com\/fr\/wp-json\/wp\/v2\/users\/2"}],"replies":[{"embeddable":true,"href":"https:\/\/www.europesays.com\/fr\/wp-json\/wp\/v2\/comments?post=408931"}],"version-history":[{"count":0,"href":"https:\/\/www.europesays.com\/fr\/wp-json\/wp\/v2\/posts\/408931\/revisions"}],"wp:featuredmedia":[{"embeddable":true,"href":"https:\/\/www.europesays.com\/fr\/wp-json\/wp\/v2\/media\/408932"}],"wp:attachment":[{"href":"https:\/\/www.europesays.com\/fr\/wp-json\/wp\/v2\/media?parent=408931"}],"wp:term":[{"taxonomy":"category","embeddable":true,"href":"https:\/\/www.europesays.com\/fr\/wp-json\/wp\/v2\/categories?post=408931"},{"taxonomy":"post_tag","embeddable":true,"href":"https:\/\/www.europesays.com\/fr\/wp-json\/wp\/v2\/tags?post=408931"}],"curies":[{"name":"wp","href":"https:\/\/api.w.org\/{rel}","templated":true}]}}