{"id":408983,"date":"2025-09-22T07:43:11","date_gmt":"2025-09-22T07:43:11","guid":{"rendered":"https:\/\/www.europesays.com\/fr\/408983\/"},"modified":"2025-09-22T07:43:11","modified_gmt":"2025-09-22T07:43:11","slug":"les-medecins-continuent-a-fuir-le-pays","status":"publish","type":"post","link":"https:\/\/www.europesays.com\/fr\/408983\/","title":{"rendered":"les m\u00e9decins continuent \u00e0 fuir le pays"},"content":{"rendered":"\n<p>En 2024, plus de 4\u00a0000 m\u00e9decins employ\u00e9s par le syst\u00e8me de la sant\u00e9 publique du Royaume-Uni ont quitt\u00e9 le pays pour aller exercer \u00e0 l\u2019\u00e9tranger. C\u2019est le chiffre le plus \u00e9lev\u00e9 depuis une d\u00e9cennie, <a class=\"ithalc\" data-ithal=\"lien_externe\" data-ithalc=\"[nav_article]\" target=\"_blank\" href=\"https:\/\/www.telegraph.co.uk\/business\/2025\/09\/06\/nhs-hit-with-brain-drain-as-doctors-quit-britain\/\" rel=\"noopener\">rel\u00e8ve <strong>The Telegraph<\/strong><\/a><strong>.<\/strong> Le quotidien \u00e9voque une \u201cfuite des cerveaux\u201d qui n\u2019est pas sans cons\u00e9quence sur la qualit\u00e9 des soins.<\/p>\n<p>Pour pouvoir exercer \u00e0 l\u2019\u00e9tranger, les m\u00e9decins britanniques doivent disposer d\u2019un certificat d\u00e9livr\u00e9 par le General Medical Council (GMC). Le journal avait d\u00e9j\u00e0 signal\u00e9 le nombre \u00e9lev\u00e9 de demandes re\u00e7ues par l\u2019organisme au cours de l\u2019ann\u00e9e 2023\u00a0: 8\u00a0661 au total. Ce record a \u00e9t\u00e9 battu en 2024\u00a0: 10\u00a0685 demandes ont \u00e9t\u00e9 enregistr\u00e9es.<\/p>\n<p>Le ph\u00e9nom\u00e8ne t\u00e9moigne de l\u2019\u201c\u00e9tat critique\u201d (selon les termes de lord Ara Darzi, titulaire d\u2019une chaire de chirurgie \u00e0 l\u2019Imperial College de Londres et auteur d\u2019un rapport sur le sujet) dans lequel se trouve le NHS depuis des ann\u00e9es.<\/p>\n<p>                    Conflits sociaux r\u00e9p\u00e9titifs       <\/p>\n<p>\u201cLes m\u00e9decins sont confront\u00e9s \u00e0 des difficult\u00e9s li\u00e9es \u00e0 l\u2019\u00e9puisement professionnel, \u00e0 une charge de travail \u00e9lev\u00e9e et au stress li\u00e9 au fait de ne pas pouvoir fournir des soins de qualit\u00e9. Prodiguer des \u2018soins de couloir\u2019 [en attendant que des lits se lib\u00e8rent pour leurs patients] leur para\u00eet dangereux\u201d, explique une chercheuse.<\/p>\n<p>Le rapport de lord Darzi r\u00e9v\u00e8le \u00e9galement une grande frustration vis-\u00e0-vis de la formation. \u201cUn m\u00e9decin sur trois d\u00e9clare avoir du mal progresser dans sa carri\u00e8re en raison du manque de personnel assurant la formation au sein du NHS.\u201d Des conflits sociaux r\u00e9p\u00e9titifs opposent en outre les internes au minist\u00e8re de la Sant\u00e9. En juillet, une gr\u00e8ve de cinq jours a paralys\u00e9 de nombreux services, rappelle The Telegraph.<\/p>\n<p>Le nombre \u00e9lev\u00e9 de m\u00e9decins quittant le pays oblige le NHS \u00e0 faire de plus en plus appel \u00e0 des praticiens \u00e9trangers. Environ un tiers du personnel m\u00e9dical vient d\u00e9j\u00e0 de l\u2019\u00e9tranger, note le journal. Quant aux praticiens qui d\u00e9cident de partir, ils choisissent de pr\u00e9f\u00e9rence de s\u2019expatrier en Australie, o\u00f9 ils sont nettement mieux pay\u00e9s et o\u00f9 ils peuvent profiter d\u2019un meilleur \u00e9quilibre entre vie personnelle et vie professionnelle. \u201cL\u2019ann\u00e9e derni\u00e8re, pr\u00e9cise The\u00a0Telegraph, un grand nombre d\u2019entre eux ont \u00e9galement choisi de s\u2019installer au Canada et en Irlande.\u201d<\/p>\n","protected":false},"excerpt":{"rendered":"En 2024, plus de 4\u00a0000 m\u00e9decins employ\u00e9s par le syst\u00e8me de la sant\u00e9 publique du Royaume-Uni ont quitt\u00e9&hellip;\n","protected":false},"author":2,"featured_media":408984,"comment_status":"","ping_status":"","sticky":false,"template":"","format":"standard","meta":{"footnotes":""},"categories":[1588],"tags":[11,1856,1777,674,4315,12,473,1853,8755,1851,1850,1852],"class_list":{"0":"post-408983","1":"post","2":"type-post","3":"status-publish","4":"format-standard","5":"has-post-thumbnail","7":"category-royaume-uni","8":"tag-actualites","9":"tag-courrier-expat","10":"tag-eu","11":"tag-europe","12":"tag-expatriation","13":"tag-news","14":"tag-royaume-uni","15":"tag-royaume-uni-de-grande-bretagne-et-dirlande-du-nord","16":"tag-santu00e9","17":"tag-uk","18":"tag-united-kingdom","19":"tag-united-kingdom-of-great-britain-and-northern-ireland"},"share_on_mastodon":{"url":"https:\/\/pubeurope.com\/@fr\/115246832246537335","error":""},"_links":{"self":[{"href":"https:\/\/www.europesays.com\/fr\/wp-json\/wp\/v2\/posts\/408983","targetHints":{"allow":["GET"]}}],"collection":[{"href":"https:\/\/www.europesays.com\/fr\/wp-json\/wp\/v2\/posts"}],"about":[{"href":"https:\/\/www.europesays.com\/fr\/wp-json\/wp\/v2\/types\/post"}],"author":[{"embeddable":true,"href":"https:\/\/www.europesays.com\/fr\/wp-json\/wp\/v2\/users\/2"}],"replies":[{"embeddable":true,"href":"https:\/\/www.europesays.com\/fr\/wp-json\/wp\/v2\/comments?post=408983"}],"version-history":[{"count":0,"href":"https:\/\/www.europesays.com\/fr\/wp-json\/wp\/v2\/posts\/408983\/revisions"}],"wp:featuredmedia":[{"embeddable":true,"href":"https:\/\/www.europesays.com\/fr\/wp-json\/wp\/v2\/media\/408984"}],"wp:attachment":[{"href":"https:\/\/www.europesays.com\/fr\/wp-json\/wp\/v2\/media?parent=408983"}],"wp:term":[{"taxonomy":"category","embeddable":true,"href":"https:\/\/www.europesays.com\/fr\/wp-json\/wp\/v2\/categories?post=408983"},{"taxonomy":"post_tag","embeddable":true,"href":"https:\/\/www.europesays.com\/fr\/wp-json\/wp\/v2\/tags?post=408983"}],"curies":[{"name":"wp","href":"https:\/\/api.w.org\/{rel}","templated":true}]}}