{"id":408987,"date":"2025-09-22T07:45:28","date_gmt":"2025-09-22T07:45:28","guid":{"rendered":"https:\/\/www.europesays.com\/fr\/408987\/"},"modified":"2025-09-22T07:45:28","modified_gmt":"2025-09-22T07:45:28","slug":"leurope-en-legere-baisse-avec-la-politique-monetaire-22-09-2025-a-0930","status":"publish","type":"post","link":"https:\/\/www.europesays.com\/fr\/408987\/","title":{"rendered":"L&rsquo;Europe en l\u00e9g\u00e8re baisse avec la politique mon\u00e9taire &#8211; 22\/09\/2025 \u00e0 09:30"},"content":{"rendered":"<p>        <img fetchpriority=\"high\" decoding=\"async\" src=\"https:\/\/www.europesays.com\/fr\/wp-content\/uploads\/2025\/09\/388a20eba3c1362f7c0e90369ed0fe90-760x507.jpg\" alt=\"Le Palais Brongniart, ancienne Bourse de Paris\" loading=\"eager\" width=\"760\" height=\"507\" style=\"max-width: 100%!important; height: auto;\"\/><\/p>\n<p class=\"c-image-news__legend\">Le Palais Brongniart, ancienne Bourse de Paris<\/p>\n<p>\n Les principales Bourses europ\u00e9ennes \u00e9voluent en petite baisse en d\u00e9but de s\u00e9ance lundi, les investisseurs attendant des pr\u00e9cisions sur les politiques mon\u00e9taires.\n<\/p>\n<p>\n \u00c0 Paris, le CAC 40 perd 0,43% \u00e0 7.819,92 points vers 07h17 GMT. Le Dax \u00e0 Francfort l\u00e2che 0,15%, le FTSE \u00e0 Londres 0,03%.\n<\/p>\n<p>\n L&rsquo;indice paneurop\u00e9en FTSEurofirst 300 recule de 0,07%, l&rsquo;EuroStoxx 50 de 0,28% et le Stoxx 600 de 0,20%.\n<\/p>\n<p>\n La R\u00e9serve f\u00e9d\u00e9rale am\u00e9ricaine (Fed) a abaiss\u00e9 mercredi dernier ses taux directeurs de 25 points de base et indiqu\u00e9 qu&rsquo;elle baisserait progressivement ses co\u00fbts d&#8217;emprunt pour le reste de l&rsquo;ann\u00e9e.\n<\/p>\n<p>\n Les investisseurs attendent majoritairement deux nouvelles baisses de taux en 2025, de l&rsquo;ordre de 25 points de base en octobre et en d\u00e9cembre, selon l&rsquo;outil FedWatch du CME Group.\n<\/p>\n<p>\n Mais les prises de parole de nombreux responsables de politique mon\u00e9taire attendues dans les prochains jours outre-Atlantique pourraient permettre d&rsquo;affiner ces anticipations.\n<\/p>\n<p>\n En Europe, les march\u00e9s attendent des discours des membres de la Banque d&rsquo;Angleterre aujourd&rsquo;hui ainsi que les PMI pr\u00e9liminaires pour septembre mardi et une prise de d\u00e9cision de politique mon\u00e9taire de la Banque nationale de Suisse (BNS) jeudi.\n<\/p>\n<p>\n Aux valeurs, Sabadell perd 4,1% apr\u00e8s que BBVA a d\u00e9clar\u00e9 lundi vouloir relever son offre de 10% sur sa cible, \u00e0 3,39 euros par action, valorisant ainsi sa rivale \u00e0 17 milliards d&rsquo;euros.\n<\/p>\n<p>\n (R\u00e9dig\u00e9 par Bertrand De Meyer, \u00e9dit\u00e9 par Augustin Turpin)<\/p>\n","protected":false},"excerpt":{"rendered":"Le Palais Brongniart, ancienne Bourse de Paris Les principales Bourses europ\u00e9ennes \u00e9voluent en petite baisse en d\u00e9but de&hellip;\n","protected":false},"author":2,"featured_media":408988,"comment_status":"","ping_status":"","sticky":false,"template":"","format":"standard","meta":{"footnotes":""},"categories":[1586],"tags":[400,11,398,408,405,1777,674,1011,27,403,402,399,404,12,25,401,406,407],"class_list":{"0":"post-408987","1":"post","2":"type-post","3":"status-publish","4":"format-standard","5":"has-post-thumbnail","7":"category-europe","8":"tag-action-cac-40","9":"tag-actualites","10":"tag-bourse-de-paris","11":"tag-boursorama","12":"tag-cotations","13":"tag-eu","14":"tag-europe","15":"tag-fr","16":"tag-france","17":"tag-indices-devises","18":"tag-investir","19":"tag-investissement","20":"tag-marche-boursier","21":"tag-news","22":"tag-republique-francaise","23":"tag-sicav","24":"tag-trackers","25":"tag-warrants"},"share_on_mastodon":{"url":"https:\/\/pubeurope.com\/@fr\/115246840682492141","error":""},"_links":{"self":[{"href":"https:\/\/www.europesays.com\/fr\/wp-json\/wp\/v2\/posts\/408987","targetHints":{"allow":["GET"]}}],"collection":[{"href":"https:\/\/www.europesays.com\/fr\/wp-json\/wp\/v2\/posts"}],"about":[{"href":"https:\/\/www.europesays.com\/fr\/wp-json\/wp\/v2\/types\/post"}],"author":[{"embeddable":true,"href":"https:\/\/www.europesays.com\/fr\/wp-json\/wp\/v2\/users\/2"}],"replies":[{"embeddable":true,"href":"https:\/\/www.europesays.com\/fr\/wp-json\/wp\/v2\/comments?post=408987"}],"version-history":[{"count":0,"href":"https:\/\/www.europesays.com\/fr\/wp-json\/wp\/v2\/posts\/408987\/revisions"}],"wp:featuredmedia":[{"embeddable":true,"href":"https:\/\/www.europesays.com\/fr\/wp-json\/wp\/v2\/media\/408988"}],"wp:attachment":[{"href":"https:\/\/www.europesays.com\/fr\/wp-json\/wp\/v2\/media?parent=408987"}],"wp:term":[{"taxonomy":"category","embeddable":true,"href":"https:\/\/www.europesays.com\/fr\/wp-json\/wp\/v2\/categories?post=408987"},{"taxonomy":"post_tag","embeddable":true,"href":"https:\/\/www.europesays.com\/fr\/wp-json\/wp\/v2\/tags?post=408987"}],"curies":[{"name":"wp","href":"https:\/\/api.w.org\/{rel}","templated":true}]}}