{"id":409006,"date":"2025-09-22T07:58:12","date_gmt":"2025-09-22T07:58:12","guid":{"rendered":"https:\/\/www.europesays.com\/fr\/409006\/"},"modified":"2025-09-22T07:58:12","modified_gmt":"2025-09-22T07:58:12","slug":"le-jour-de-gloire-pour-ousmane-dembele-et-la-france-suivez-la-journee-et-la-ceremonie-avec-nous","status":"publish","type":"post","link":"https:\/\/www.europesays.com\/fr\/409006\/","title":{"rendered":"Le jour de gloire pour Ousmane Demb\u00e9l\u00e9 et la France&#8230; Suivez la journ\u00e9e et la c\u00e9r\u00e9monie avec nous&#8230;"},"content":{"rendered":"<p>Que disent les sondages sur Ousmane D\u00e9mb\u00e9l\u00e9 ?<\/p>\n<p>Selon le barom\u00e8tre sport Odoxa r\u00e9alis\u00e9 pour Winamax et RTL, Ousmane Demb\u00e9l\u00e9 est le joueur qui m\u00e9rite le plus le Ballon d\u2019Or 2025 pour les Fran\u00e7ais (26%) et les amateurs de football (38%). 68% des Fran\u00e7ais ont une bonne opinion de l\u2019attaquant du PSG, ce qui le place en termes de popularit\u00e9, derri\u00e8re Antoine Griezmann (81%) mais nettement devant Kylian Mbapp\u00e9 (54%) et Karim Benzema (50%).<\/p>\n<p>L\u2019image d\u2019Ousmane Demb\u00e9l\u00e9 est \u00e9galement tr\u00e8s bonne, les amateurs de football le jugent sympathique (81%), travailleur (80%), humble (74%) et proche du public (70%)\u2026 m\u00eame s\u2019ils ne sont que 60% \u00e0 le trouver charismatique.<\/p>\n<p>Le gros d\u00e9bat de la journ\u00e9e : OM-PSG ou Ballon d&rsquo;or ?<\/p>\n<p>Le classique entre l&rsquo;OM et le PSG, qui devait se tenir dimanche soir, a \u00e9t\u00e9 report\u00e9 \u00e0 ce lundi 20 heures en raison des pluies diluviennes et des orages qui s&rsquo;abattaient sur Marseille. Un report au lendemain comme le stipule le r\u00e9gl\u00e8ment, qui n&rsquo;a pas manqu\u00e9 de faire r\u00e9agir les supporteurs parisiens qui pensaient profiter de leur soir\u00e9e pour acclamer leur nouveau Ballon d&rsquo;or.<\/p>\n<p>On peut rassurer tout le monde, la rencontre risque de se finir un peu avant 22 heures et le vainqueur du Ballon d&rsquo;or ne sera pas encore connu \u00e0 ce moment l\u00e0. Tout le monde aura le droit \u00e0 son heure de gloire.<\/p>\n<p>Un peu de lecture en ce bon matin<\/p>\n<p>Notre cher coll\u00e8gue Aymeric, qui sera ce soir \u00e0 la c\u00e9r\u00e9monie du Ballon d&rsquo;or dans son plus beau costume, s&rsquo;est demand\u00e9 s&rsquo;il y allait avoir un mod\u00e8le de jeu \u00ab Ousmane Demb\u00e9l\u00e9 \u00bb, apr\u00e8s cette saison merveilleuse. Allez lire \u00e7a avec votre caf\u00e9.<\/p>\n<p>Leo Messi seul sur sa plan\u00e8te<\/p>\n<p>L&rsquo;Argentin, qui \u00e9volue d\u00e9sormais \u00e0 l&rsquo;Inter Miami, est le joueur \u00e0 avoir remport\u00e9 le plus de Ballon d&rsquo;or (8) et n&rsquo;est pas pr\u00eat \u00e0 voir quelqu&rsquo;un lui succ\u00e9der. La l\u00e9gende du FC Barcelone est suivie par Cristiano Ronaldo (5), Marco van Basten, Johan Cruyff et Michel Platini (3).<\/p>\n<p>Bonjour \u00e0 tous les Minutos et Minutas !<\/p>\n<p> \u00abC&rsquo;est l&rsquo;or. Il est l&rsquo;or. L&rsquo;or de se r\u00e9veiller. Mon seignor. Il est neuf or. \u00bb Ce classique du cin\u00e9ma fran\u00e7ais (oui, les plus jeunes, allez regarder de ce pas La folie des grandeurs) est parfait pour lancer cette journ\u00e9e qui va consacrer le 69e Ballon d&rsquo;or de l&rsquo;histoire. Et on esp\u00e8re bien, chauvins que nous sommes, que notre petit fran\u00e7ais Ousmane Demb\u00e9l\u00e9 le remportera, trois ans apr\u00e8s Karim Benzema. La c\u00e9r\u00e9monie commencera en m\u00eame temps qu&rsquo;OM-PSG, que Dembouz ne disputera pas car bless\u00e9. Comme si les astres \u00e9taient align\u00e9s.<\/p>\n<p>&gt;&gt; Allez, on suit \u00e7a tous ensemble toute la journ\u00e9e.<\/p>\n","protected":false},"excerpt":{"rendered":"Que disent les sondages sur Ousmane D\u00e9mb\u00e9l\u00e9 ? Selon le barom\u00e8tre sport Odoxa r\u00e9alis\u00e9 pour Winamax et RTL,&hellip;\n","protected":false},"author":2,"featured_media":409007,"comment_status":"","ping_status":"","sticky":false,"template":"","format":"standard","meta":{"footnotes":""},"categories":[1410],"tags":[454,5695,63,1011,27,16748,2782,2332,517,60],"class_list":{"0":"post-409006","1":"post","2":"type-post","3":"status-publish","4":"format-standard","5":"has-post-thumbnail","7":"category-football","8":"tag-ballon-dor","9":"tag-fc-barcelone","10":"tag-football","11":"tag-fr","12":"tag-france","13":"tag-lamine-yamal","14":"tag-ousmane-dembele","15":"tag-paris-saint-germain-psg","16":"tag-sport","17":"tag-sports"},"share_on_mastodon":{"url":"https:\/\/pubeurope.com\/@fr\/115246891290582551","error":""},"_links":{"self":[{"href":"https:\/\/www.europesays.com\/fr\/wp-json\/wp\/v2\/posts\/409006","targetHints":{"allow":["GET"]}}],"collection":[{"href":"https:\/\/www.europesays.com\/fr\/wp-json\/wp\/v2\/posts"}],"about":[{"href":"https:\/\/www.europesays.com\/fr\/wp-json\/wp\/v2\/types\/post"}],"author":[{"embeddable":true,"href":"https:\/\/www.europesays.com\/fr\/wp-json\/wp\/v2\/users\/2"}],"replies":[{"embeddable":true,"href":"https:\/\/www.europesays.com\/fr\/wp-json\/wp\/v2\/comments?post=409006"}],"version-history":[{"count":0,"href":"https:\/\/www.europesays.com\/fr\/wp-json\/wp\/v2\/posts\/409006\/revisions"}],"wp:featuredmedia":[{"embeddable":true,"href":"https:\/\/www.europesays.com\/fr\/wp-json\/wp\/v2\/media\/409007"}],"wp:attachment":[{"href":"https:\/\/www.europesays.com\/fr\/wp-json\/wp\/v2\/media?parent=409006"}],"wp:term":[{"taxonomy":"category","embeddable":true,"href":"https:\/\/www.europesays.com\/fr\/wp-json\/wp\/v2\/categories?post=409006"},{"taxonomy":"post_tag","embeddable":true,"href":"https:\/\/www.europesays.com\/fr\/wp-json\/wp\/v2\/tags?post=409006"}],"curies":[{"name":"wp","href":"https:\/\/api.w.org\/{rel}","templated":true}]}}