{"id":409032,"date":"2025-09-22T08:12:12","date_gmt":"2025-09-22T08:12:12","guid":{"rendered":"https:\/\/www.europesays.com\/fr\/409032\/"},"modified":"2025-09-22T08:12:12","modified_gmt":"2025-09-22T08:12:12","slug":"une-reconstitution-numerique-acte-majeur-de-lenquete-pour-faire-emerger-la-verite","status":"publish","type":"post","link":"https:\/\/www.europesays.com\/fr\/409032\/","title":{"rendered":"une reconstitution num\u00e9rique, acte majeur de l\u2019enqu\u00eate pour faire \u00e9merger la v\u00e9rit\u00e9"},"content":{"rendered":"<p>Ce lundi d\u00e9bute une reconstitution num\u00e9rique du meurtre de Thomas Perotto, dans un bal de la Dr\u00f4me, le 18 novembre 2023. Ultime \u00e9tape de l\u2019instruction, elle r\u00e9unira magistrats, experts, mis en cause et parties civiles pour quinze jours.<\/p>\n<p class=\"fig-paragraph\">Une reconstitution num\u00e9rique du\u00a0<a href=\"http:\/\/www.lefigaro.fr\/faits-divers\/meurtre-de-thomas-de-la-cite-a-crepol-les-24-heures-qui-ont-fait-basculer-la-bande-de-la-monnaie-dans-le-crime-20250921\" data-fig-type=\"Article\" data-gtm-custom-categorie=\"navigation\" data-gtm-custom-action=\"crossclick\" data-gtm-custom-label=\"Contextuel\" data-gtm-event=\"customEventSPE\" data-fig-domain=\"LEFIGARO\" target=\"_blank\" rel=\"noopener\">meurtre de Thomas Perotto<\/a>, 16 ans, au bal de Cr\u00e9pol (Dr\u00f4me), d\u00e9bute au tribunal de Valence, ce lundi 22 septembre. Ultime \u00e9tape de l\u2019instruction judiciaire, elle r\u00e9unira durant deux semaines les mis en examen, ainsi que plusieurs des parties civiles. Sur les 14 mis en cause, 10 &#8211; dont des mineurs &#8211; se trouvent actuellement en d\u00e9tention provisoire dans des centres p\u00e9nitentiaires de la r\u00e9gion. Les autres ont \u00e9t\u00e9 plac\u00e9s sous contr\u00f4le judiciaire, et \u00e9loign\u00e9s de la Dr\u00f4me pour \u00e9viter tout risque de concertation.<\/p>\n<p class=\"fig-paragraph\">Pr\u00e8s de deux ans plus tard, cet acte d\u2019enqu\u00eate majeur doit permettre de revivre les minutes cruciales o\u00f9 la soir\u00e9e a bascul\u00e9, le 18 novembre 2023. De cette fa\u00e7on, la justice esp\u00e8re \u00e9tablir les responsabilit\u00e9s de chacun des suspects &#8211; tous mis en examen pour \u00abmeurtre et tentative de meurtre en bande organis\u00e9e\u00bb -, en confrontant les versions des protagonistes sur des sc\u00e8nes d\u2019affrontements pr\u00e9cises, o\u00f9 demeurent des contradictions. \u00c0 ce jour, aucun des\u2026<\/p>\n<p class=\"fig-premium-paywall__infos\">\n        Cet article est r\u00e9serv\u00e9 aux abonn\u00e9s.        Il vous reste 85% \u00e0 d\u00e9couvrir.\n    <\/p>\n<p>                <img  data- alt=\"Le Figaro\" class=\"fig-img--complete fig-img\"\/><\/p>\n<p class=\"fig-premium-paywall__title\">Vous avez envie de lire la suite ?<\/p>\n<p class=\"fig-premium-paywall__subtitle\">D\u00e9bloquez tous les articles imm\u00e9diatement.<\/p>\n<p class=\"fig-premium-paywall__connect\">\n                D\u00e9j\u00e0 abonn\u00e9\u00a0?                <a class=\"fig-premium-paywall__connect-link\" href=\"https:\/\/connect.lefigaro.fr\/login?client=horizon_web&amp;type=main&amp;redirect_uri=https%3A%2F%2Fwww.lefigaro.fr%2Ffaits-divers%2Fmeurtre-de-thomas-a-crepol-une-reconstitution-numerique-acte-majeur-de-l-enquete-pour-faire-emerger-la-verite-20250922\" data-js-gtm=\"{&quot;customCategorie&quot;: &quot;conversion&quot;, &quot;customAction&quot;: &quot;before_Landing_Connexion_paywall_manuel&quot;, &quot;customLabel&quot;: &quot;bGVmaWdhcm8uZnJfXzFmMDg0ZDIyLWI4NTUtNjQ1Yy05YTdjLWVkN2MxMDFlN2NiNF9fQXJ0aWNsZQ==_Meurtre de Thomas \u00e0 Cr\u00e9pol\u00a0: une reconstitution num\u00e9rique, acte majeur de l\u2019enqu\u00eate pour faire \u00e9merger la v\u00e9rit\u00e9_454&quot;, &quot;customIDSPE&quot;: &quot;bGVmaWdhcm8uZnJfXzFmMDg0ZDIyLWI4NTUtNjQ1Yy05YTdjLWVkN2MxMDFlN2NiNF9fQXJ0aWNsZQ==&quot;, &quot;event&quot;: &quot;customEventSPE&quot;}\" target=\"_blank\" rel=\"noopener\"><br \/>\n                    Connectez-vous<br \/>\n                <\/a>\n            <\/p>\n","protected":false},"excerpt":{"rendered":"Ce lundi d\u00e9bute une reconstitution num\u00e9rique du meurtre de Thomas Perotto, dans un bal de la Dr\u00f4me, le&hellip;\n","protected":false},"author":2,"featured_media":409033,"comment_status":"","ping_status":"","sticky":false,"template":"","format":"standard","meta":{"footnotes":""},"categories":[4],"tags":[11,1011,27,12,25,2736],"class_list":{"0":"post-409032","1":"post","2":"type-post","3":"status-publish","4":"format-standard","5":"has-post-thumbnail","7":"category-france","8":"tag-actualites","9":"tag-fr","10":"tag-france","11":"tag-news","12":"tag-republique-francaise","13":"tag-romans-sur-isere"},"share_on_mastodon":{"url":"https:\/\/pubeurope.com\/@fr\/115246946368237679","error":""},"_links":{"self":[{"href":"https:\/\/www.europesays.com\/fr\/wp-json\/wp\/v2\/posts\/409032","targetHints":{"allow":["GET"]}}],"collection":[{"href":"https:\/\/www.europesays.com\/fr\/wp-json\/wp\/v2\/posts"}],"about":[{"href":"https:\/\/www.europesays.com\/fr\/wp-json\/wp\/v2\/types\/post"}],"author":[{"embeddable":true,"href":"https:\/\/www.europesays.com\/fr\/wp-json\/wp\/v2\/users\/2"}],"replies":[{"embeddable":true,"href":"https:\/\/www.europesays.com\/fr\/wp-json\/wp\/v2\/comments?post=409032"}],"version-history":[{"count":0,"href":"https:\/\/www.europesays.com\/fr\/wp-json\/wp\/v2\/posts\/409032\/revisions"}],"wp:featuredmedia":[{"embeddable":true,"href":"https:\/\/www.europesays.com\/fr\/wp-json\/wp\/v2\/media\/409033"}],"wp:attachment":[{"href":"https:\/\/www.europesays.com\/fr\/wp-json\/wp\/v2\/media?parent=409032"}],"wp:term":[{"taxonomy":"category","embeddable":true,"href":"https:\/\/www.europesays.com\/fr\/wp-json\/wp\/v2\/categories?post=409032"},{"taxonomy":"post_tag","embeddable":true,"href":"https:\/\/www.europesays.com\/fr\/wp-json\/wp\/v2\/tags?post=409032"}],"curies":[{"name":"wp","href":"https:\/\/api.w.org\/{rel}","templated":true}]}}