{"id":409036,"date":"2025-09-22T08:15:15","date_gmt":"2025-09-22T08:15:15","guid":{"rendered":"https:\/\/www.europesays.com\/fr\/409036\/"},"modified":"2025-09-22T08:15:15","modified_gmt":"2025-09-22T08:15:15","slug":"laudience-est-ouverte-pierre-gauttieri-se-defendra-lui-meme","status":"publish","type":"post","link":"https:\/\/www.europesays.com\/fr\/409036\/","title":{"rendered":"l&rsquo;audience est ouverte, Pierre Gauttieri se d\u00e9fendra lui-m\u00eame"},"content":{"rendered":"<p>Un plan d\u2019audience a \u00e9t\u00e9 dessin\u00e9 par le parquet de Lyon.<\/p>\n<p><strong>Lundi, mardi et mercredi matin :<\/strong> examen du dossier, auditions de t\u00e9moins, interrogatoires des pr\u00e9venus.<\/p>\n<p><strong>Mercredi apr\u00e8s-midi\u00a0<\/strong>: auditions des parties civiles et plaidoiries des avocats des parties civiles.<\/p>\n<p><strong>Jeudi 25 septembre \u00e0 9\u00a0h\u00a030 :<\/strong> r\u00e9quisitions du minist\u00e8re public.<\/p>\n<p><strong>Jeudi et vendredi\u00a0:<\/strong> plaidoiries de la d\u00e9fense.<\/p>\n<p>Ce programme n&rsquo;est pas fig\u00e9. Il peut \u00e9voluer au cours de la semaine en fonction du d\u00e9roulement de l&rsquo;audience. D&rsquo;ailleurs, il s\u2019annonce charg\u00e9, ce qui pose, pour certains observateurs, <a href=\"https:\/\/www.leprogres.fr\/faits-divers-justice\/2025\/09\/10\/et-si-le-proces-perdriau-etait-prolonge-de-quelques-jours-voire-reporte\" target=\"_blank\" rel=\"noopener\">la question d\u2019un \u00e9ventuel d\u00e9bord du proc\u00e8s<\/a> sur la semaine suivante.<\/p>\n","protected":false},"excerpt":{"rendered":"Un plan d\u2019audience a \u00e9t\u00e9 dessin\u00e9 par le parquet de Lyon. Lundi, mardi et mercredi matin : examen&hellip;\n","protected":false},"author":2,"featured_media":409037,"comment_status":"","ping_status":"","sticky":false,"template":"","format":"standard","meta":{"footnotes":""},"categories":[9653],"tags":[1111,11,42797,2430,271,272,7539,1777,674,274,107,1011,27,3367,2428,12,316,25,2429,4001],"class_list":{"0":"post-409036","1":"post","2":"type-post","3":"status-publish","4":"format-standard","5":"has-post-thumbnail","7":"category-saint-etienne","8":"tag-actu","9":"tag-actualites","10":"tag-affaire-perdriau","11":"tag-auvergne-rhone-alpes","12":"tag-crime","13":"tag-delit-et-contravention","14":"tag-edition-loire-sud","15":"tag-eu","16":"tag-europe","17":"tag-faits-divers-justice","18":"tag-fil-info","19":"tag-fr","20":"tag-france","21":"tag-loire","22":"tag-lyon","23":"tag-news","24":"tag-politique","25":"tag-republique-francaise","26":"tag-rhone","27":"tag-saint-etienne"},"share_on_mastodon":{"url":"https:\/\/pubeurope.com\/@fr\/115246958203457609","error":""},"_links":{"self":[{"href":"https:\/\/www.europesays.com\/fr\/wp-json\/wp\/v2\/posts\/409036","targetHints":{"allow":["GET"]}}],"collection":[{"href":"https:\/\/www.europesays.com\/fr\/wp-json\/wp\/v2\/posts"}],"about":[{"href":"https:\/\/www.europesays.com\/fr\/wp-json\/wp\/v2\/types\/post"}],"author":[{"embeddable":true,"href":"https:\/\/www.europesays.com\/fr\/wp-json\/wp\/v2\/users\/2"}],"replies":[{"embeddable":true,"href":"https:\/\/www.europesays.com\/fr\/wp-json\/wp\/v2\/comments?post=409036"}],"version-history":[{"count":0,"href":"https:\/\/www.europesays.com\/fr\/wp-json\/wp\/v2\/posts\/409036\/revisions"}],"wp:featuredmedia":[{"embeddable":true,"href":"https:\/\/www.europesays.com\/fr\/wp-json\/wp\/v2\/media\/409037"}],"wp:attachment":[{"href":"https:\/\/www.europesays.com\/fr\/wp-json\/wp\/v2\/media?parent=409036"}],"wp:term":[{"taxonomy":"category","embeddable":true,"href":"https:\/\/www.europesays.com\/fr\/wp-json\/wp\/v2\/categories?post=409036"},{"taxonomy":"post_tag","embeddable":true,"href":"https:\/\/www.europesays.com\/fr\/wp-json\/wp\/v2\/tags?post=409036"}],"curies":[{"name":"wp","href":"https:\/\/api.w.org\/{rel}","templated":true}]}}