{"id":409040,"date":"2025-09-22T08:17:35","date_gmt":"2025-09-22T08:17:35","guid":{"rendered":"https:\/\/www.europesays.com\/fr\/409040\/"},"modified":"2025-09-22T08:17:35","modified_gmt":"2025-09-22T08:17:35","slug":"meurthe-et-moselle-un-accident-de-voiture-fait-six-blesses-sur-la33-a-hauteur-de-rosieres-aux-salines","status":"publish","type":"post","link":"https:\/\/www.europesays.com\/fr\/409040\/","title":{"rendered":"Meurthe-et-Moselle. Un accident de voiture fait six bless\u00e9s sur l&rsquo;A33, \u00e0 hauteur de Rosi\u00e8res-aux-Salines"},"content":{"rendered":"<p>Ce dimanche apr\u00e8s-midi, alors que la pluie n\u2019a cess\u00e9 de tomber sur le sud de la Meurthe-et-Moselle, les secours ont \u00e9t\u00e9 d\u00e9clench\u00e9s aux alentours de 15 h 30. En effet, deux voitures sont entr\u00e9es en collision sur l\u2019A33 dans le sens Lun\u00e9ville vers Nancy, \u00e0 hauteur de Rosi\u00e8res-aux-Salines.<\/p>\n<p>Les pompiers de Saint-Nicolas-de-Port, Dombasle et <a href=\"https:\/\/www.estrepublicain.fr\/edition-luneville\" target=\"_blank\" rel=\"noopener\">Lun\u00e9ville<\/a> ont \u00e9t\u00e9 d\u00e9clench\u00e9s. \u00c0 leur arriv\u00e9e sur les lieux, les occupants des v\u00e9hicules \u00e9taient d\u00e9j\u00e0 sortis. Les six personnes l\u00e9g\u00e8rement bless\u00e9es ont \u00e9t\u00e9 \u00e9vacu\u00e9es vers les h\u00f4pitaux environnants. Un couple a \u00e9t\u00e9 transport\u00e9 \u00e0 l\u2019H\u00f4pital central de Nancy, tandis que les quatre autres personnes, une famille avec deux enfants, ont \u00e9t\u00e9 redirig\u00e9es vers <a href=\"https:\/\/www.estrepublicain.fr\/sante\/2025\/01\/25\/une-offre-de-soins-confortee-et-developpee-au-centre-hospitalier-de-luneville-et-au-sein-du-ghemm\" target=\"_blank\" rel=\"noopener\">l\u2019h\u00f4pital de Lun\u00e9ville<\/a>.<\/p>\n<p>Ce contenu est bloqu\u00e9 car vous n&rsquo;avez pas accept\u00e9 les cookies et autres traceurs.<\/p>\n<p>En cliquant sur \u00ab J\u2019accepte \u00bb, les cookies et autres traceurs seront d\u00e9pos\u00e9s et vous pourrez visualiser les contenus  (<a href=\"\" class=\"consentModule_policy\" target=\"_blank\" title=\"Consulter la politique de protection des donn\u00e9es du fournisseur\">plus d&rsquo;informations<\/a>).<\/p>\n<p>En cliquant sur \u00ab J\u2019accepte tous les cookies \u00bb, vous autorisez des d\u00e9p\u00f4ts de cookies et autres traceurs pour le stockage de vos donn\u00e9es sur nos sites et applications \u00e0 des fins de personnalisation et de ciblage publicitaire.<\/p>\n<p class=\"consentModule_secondaryText\">Vous gardez la possibilit\u00e9 de retirer votre consentement \u00e0 tout moment en consultant notre <a href=\"https:\/\/www.estrepublicain.fr\/protection-des-donnees\" target=\"_blank\" title=\"Consulter notre politique de protection des donn\u00e9es\" rel=\"noopener\">politique de protection des donn\u00e9es<\/a>. <br \/>&#13;<br \/>\n            <a href=\"https:\/\/www.estrepublicain.fr\/faits-divers-justice\/2025\/09\/21\/javascript:Didomi.notice.show()\" class=\"consentModule_cmp\" target=\"_blank\" rel=\"noopener\">G\u00e9rer mes choix<\/a>&#13;\n        <\/p>\n<p>&#13;<br \/>\n                        J&rsquo;accepte&#13;<br \/>\n            J&rsquo;accepte tous les cookies&#13;\n        <\/p>\n<p>L\u2019intervention a dur\u00e9 environ une heure et demie. La circulation a \u00e9t\u00e9 fortement impact\u00e9e pour un dimanche. La voie de droite ayant \u00e9t\u00e9 bloqu\u00e9e, il \u00e9tait possible de circuler uniquement sur la voie de gauche. A 19h, la route \u00e9tait d\u00e9gag\u00e9e.\u00a0<\/p>\n<p>La police et la DIR Est \u00e9taient \u00e9galement sur place, pour s\u00e9curiser les lieux.<\/p>\n","protected":false},"excerpt":{"rendered":"Ce dimanche apr\u00e8s-midi, alors que la pluie n\u2019a cess\u00e9 de tomber sur le sud de la Meurthe-et-Moselle, les&hellip;\n","protected":false},"author":2,"featured_media":409041,"comment_status":"","ping_status":"","sticky":false,"template":"","format":"standard","meta":{"footnotes":""},"categories":[9635],"tags":[119,1111,11,9652,1707,1704,1777,674,274,1011,27,775,3457,1702,12,25,10870],"class_list":{"0":"post-409040","1":"post","2":"type-post","3":"status-publish","4":"format-standard","5":"has-post-thumbnail","7":"category-nancy","8":"tag-accident","9":"tag-actu","10":"tag-actualites","11":"tag-cc-des-pays-du-sel-et-du-vermois-54b","12":"tag-edition-luneville","13":"tag-edition-nancy-et-agglomeration","14":"tag-eu","15":"tag-europe","16":"tag-faits-divers-justice","17":"tag-fr","18":"tag-france","19":"tag-grand-est","20":"tag-meurthe-et-moselle","21":"tag-nancy","22":"tag-news","23":"tag-republique-francaise","24":"tag-rosieres-aux-salines"},"share_on_mastodon":{"url":"https:\/\/pubeurope.com\/@fr\/115246966151395050","error":""},"_links":{"self":[{"href":"https:\/\/www.europesays.com\/fr\/wp-json\/wp\/v2\/posts\/409040","targetHints":{"allow":["GET"]}}],"collection":[{"href":"https:\/\/www.europesays.com\/fr\/wp-json\/wp\/v2\/posts"}],"about":[{"href":"https:\/\/www.europesays.com\/fr\/wp-json\/wp\/v2\/types\/post"}],"author":[{"embeddable":true,"href":"https:\/\/www.europesays.com\/fr\/wp-json\/wp\/v2\/users\/2"}],"replies":[{"embeddable":true,"href":"https:\/\/www.europesays.com\/fr\/wp-json\/wp\/v2\/comments?post=409040"}],"version-history":[{"count":0,"href":"https:\/\/www.europesays.com\/fr\/wp-json\/wp\/v2\/posts\/409040\/revisions"}],"wp:featuredmedia":[{"embeddable":true,"href":"https:\/\/www.europesays.com\/fr\/wp-json\/wp\/v2\/media\/409041"}],"wp:attachment":[{"href":"https:\/\/www.europesays.com\/fr\/wp-json\/wp\/v2\/media?parent=409040"}],"wp:term":[{"taxonomy":"category","embeddable":true,"href":"https:\/\/www.europesays.com\/fr\/wp-json\/wp\/v2\/categories?post=409040"},{"taxonomy":"post_tag","embeddable":true,"href":"https:\/\/www.europesays.com\/fr\/wp-json\/wp\/v2\/tags?post=409040"}],"curies":[{"name":"wp","href":"https:\/\/api.w.org\/{rel}","templated":true}]}}