{"id":409064,"date":"2025-09-22T08:30:15","date_gmt":"2025-09-22T08:30:15","guid":{"rendered":"https:\/\/www.europesays.com\/fr\/409064\/"},"modified":"2025-09-22T08:30:15","modified_gmt":"2025-09-22T08:30:15","slug":"un-obstacle-sur-la-voie-perturbe-la-circulation-des-trains-entre-antibes-et-nice-ce-lundi-matin","status":"publish","type":"post","link":"https:\/\/www.europesays.com\/fr\/409064\/","title":{"rendered":"Un obstacle sur la voie perturbe la circulation des trains entre Antibes et Nice ce lundi matin"},"content":{"rendered":"<p>La matin\u00e9e de ce lundi 22 septembre est compliqu\u00e9e pour les usagers du train sur la C\u00f4te d\u2019Azur. Un <strong>obstacle<\/strong> sur la voie, d\u00e9tect\u00e9 au niveau du\u00a0<strong>Cros-de-Cagnes<\/strong>, entra\u00eene d\u2019importantes perturbations.<\/p>\n<p>Selon ZOU! Sud Provence-Alpes-C\u00f4te d\u2019Azur, la circulation est perturb\u00e9e <strong>dans les deux sens entre Antibes et Nice<\/strong>. Des retards et plusieurs suppressions de trains sont \u00e0 pr\u00e9voir sur ce tron\u00e7on tr\u00e8s fr\u00e9quent\u00e9.<\/p>\n<p><strong>Reprise annonc\u00e9e \u00e0 la mi-journ\u00e9e<\/strong><\/p>\n<p>L\u2019heure de reprise du trafic est pour l\u2019instant pr\u00e9vue \u00e0 12heures. Les voyageurs sont invit\u00e9s \u00e0 consulter r\u00e9guli\u00e8rement les canaux d\u2019information habituels pour suivre l\u2019\u00e9volution en temps r\u00e9el.<\/p>\n<blockquote class=\"twitter-tweet\">\n<p lang=\"fr\" dir=\"ltr\">\ud83d\udd34 Obstacle sur la voie \u00e0 Cros de Cagnes.<br \/>\ud83d\udea6 La circulation est perturb\u00e9e dans les deux sens entre Antibes et Nice.<br \/>\u26a0\ufe0f Des retards et des suppressions sont \u00e0 pr\u00e9voir.<br \/>\u231a\ufe0f Heure de reprise de la circulation pr\u00e9vue \u00e0 12h.<br \/>\u2139\ufe0f Informations sur vos canaux habituels. <a href=\"https:\/\/t.co\/EFfBuT9Vkx\">pic.twitter.com\/EFfBuT9Vkx<\/a><\/p>\n<p>\u2014 Train ZOU ! Sud Provence Alpes C\u00f4te d &lsquo;Azur (@Transports_zou) <a href=\"https:\/\/twitter.com\/Transports_zou\/status\/1970030876177437064?ref_src=twsrc%5Etfw\" target=\"_blank\" rel=\"noopener\">September 22, 2025<\/a><\/p><\/blockquote>\n<p>                                                                                                                                        <script async src=\"https:\/\/platform.twitter.com\/widgets.js\" charset=\"utf-8\"><\/script><\/p>\n","protected":false},"excerpt":{"rendered":"La matin\u00e9e de ce lundi 22 septembre est compliqu\u00e9e pour les usagers du train sur la C\u00f4te d\u2019Azur.&hellip;\n","protected":false},"author":2,"featured_media":409065,"comment_status":"","ping_status":"","sticky":false,"template":"","format":"standard","meta":{"footnotes":""},"categories":[2819],"tags":[1111,11,1777,674,1011,27,803,12,2401,882,25,800],"class_list":{"0":"post-409064","1":"post","2":"type-post","3":"status-publish","4":"format-standard","5":"has-post-thumbnail","7":"category-nice","8":"tag-actu","9":"tag-actualites","10":"tag-eu","11":"tag-europe","12":"tag-fr","13":"tag-france","14":"tag-info-trafic","15":"tag-news","16":"tag-nice","17":"tag-provence-alpes-cote-dazur","18":"tag-republique-francaise","19":"tag-transports"},"share_on_mastodon":{"url":"https:\/\/pubeurope.com\/@fr\/115247017084341927","error":""},"_links":{"self":[{"href":"https:\/\/www.europesays.com\/fr\/wp-json\/wp\/v2\/posts\/409064","targetHints":{"allow":["GET"]}}],"collection":[{"href":"https:\/\/www.europesays.com\/fr\/wp-json\/wp\/v2\/posts"}],"about":[{"href":"https:\/\/www.europesays.com\/fr\/wp-json\/wp\/v2\/types\/post"}],"author":[{"embeddable":true,"href":"https:\/\/www.europesays.com\/fr\/wp-json\/wp\/v2\/users\/2"}],"replies":[{"embeddable":true,"href":"https:\/\/www.europesays.com\/fr\/wp-json\/wp\/v2\/comments?post=409064"}],"version-history":[{"count":0,"href":"https:\/\/www.europesays.com\/fr\/wp-json\/wp\/v2\/posts\/409064\/revisions"}],"wp:featuredmedia":[{"embeddable":true,"href":"https:\/\/www.europesays.com\/fr\/wp-json\/wp\/v2\/media\/409065"}],"wp:attachment":[{"href":"https:\/\/www.europesays.com\/fr\/wp-json\/wp\/v2\/media?parent=409064"}],"wp:term":[{"taxonomy":"category","embeddable":true,"href":"https:\/\/www.europesays.com\/fr\/wp-json\/wp\/v2\/categories?post=409064"},{"taxonomy":"post_tag","embeddable":true,"href":"https:\/\/www.europesays.com\/fr\/wp-json\/wp\/v2\/tags?post=409064"}],"curies":[{"name":"wp","href":"https:\/\/api.w.org\/{rel}","templated":true}]}}