{"id":409067,"date":"2025-09-22T08:32:18","date_gmt":"2025-09-22T08:32:18","guid":{"rendered":"https:\/\/www.europesays.com\/fr\/409067\/"},"modified":"2025-09-22T08:32:18","modified_gmt":"2025-09-22T08:32:18","slug":"pres-de-nantes-ces-enfants-ont-obtenu-leur-permis-pieton","status":"publish","type":"post","link":"https:\/\/www.europesays.com\/fr\/409067\/","title":{"rendered":"Pr\u00e8s de Nantes, ces enfants ont obtenu leur permis pi\u00e9ton"},"content":{"rendered":"<p>            Par<br \/>\n        <strong><br \/>\n            <a href=\"https:\/\/actu.fr\/auteur\/laurent-fortin\" title=\"Consulter tous les articles de Laurent Fortin\" target=\"_blank\" rel=\"noopener\">Laurent Fortin<\/a><br \/>\n        <\/strong><\/p>\n<p>        Publi\u00e9 le<\/p>\n<p>            22 sept. 2025 \u00e0 8h50        <\/p>\n<p class=\" wall-content\"><b>Apprendre des panneaux<\/b> et un peu de vocabulaire de mobilier urbain, avoir des <b>comportements ad\u00e9quats sur les trottoirs<\/b>, <b>rev\u00eatir le mat\u00e9riel<\/b> adapt\u00e9 \u00e0 la saison (gilet fluorescent, bandes r\u00e9fl\u00e9chissantes\u2026), <b>pr\u00e9venir les secours<\/b>\u2026 tel a \u00e9t\u00e9 l\u2019essentiel du contenu des sessions qui a compos\u00e9 ce<b> cycle de sensibilisation \u00e0 la s\u00e9curit\u00e9 pi\u00e9tonne<\/b>. Pour m\u00e9moire, <b>en 2024<\/b>, <b>47\u00a0enfants ont perdu la vie alors<\/b> qu\u2019ils circulaient \u00e0 pied en bord de route (12 de plus qu\u2019en 2023), soit 10\u2009% des pi\u00e9tons tu\u00e9s en France.<\/p>\n<p class=\" wall-content\">Si le dispositif national existe depuis de nombreuses ann\u00e9es, c\u2019est la <b>premi\u00e8re fois<\/b> qu\u2019il \u00e9tait mis en place \u00e0 l\u2019\u00e9chelle de <a href=\"https:\/\/actu.fr\/pays-de-la-loire\/vertou_44215\" target=\"_blank\" rel=\"noopener\"><b>Vertou<\/b><\/a>. Avec sa police municipale, la ville l\u2019avait propos\u00e9 \u00e0 l<a href=\"https:\/\/www.google.com\/maps\/place\/Ecole+Maternelle+L&#039;Enclos\/@47.1707871,-1.4760341,642m\/data=!3m2!1e3!4b1!4m6!3m5!1s0x4805e62a1b8b6cdb:0x6ff280d85ec9af84!8m2!3d47.1707835!4d-1.4734592!16s%2Fg%2F11b7j3d7s2?entry=ttu&amp;g_ep=EgoyMDI1MDkxNy4wIKXMDSoASAFQAw%3D%3D\" target=\"_blank\" rel=\"noopener\">\u2019\u00e9cole de l\u2019Enclos<\/a>. Ainsi, <b>34\u00a0\u00e9l\u00e8ves de CE2<\/b> des classes d\u2019Ana\u00efs Drapet et de S\u00e9verine Rioux ont donc suivi les interventions.<\/p>\n<blockquote class=\"ac-article-quote wall-content\">\n<p>Cela a commenc\u00e9 avec celle de policier pendant une heure. A l\u2019aide d\u2019un support vid\u00e9o, mis \u00e0 disposition par la MAIF, les enfants ont pu prendre connaissance des dangers qu\u2019ils encouraient et des bonnes pratiques \u00e0 adopter.<\/p>\n<p>Le duo d\u2019enseignantes<\/p><\/blockquote>\n<p class=\" wall-content\">Ensuite, elles ont <b>pris le relais \u00e0 plusieurs reprises durant l\u2019ann\u00e9e scolaire <\/b>pour rem\u00e9morer certains points.<\/p>\n<p>Vid\u00e9os : en ce moment sur Actu<\/p>\n<blockquote class=\"ac-article-quote wall-content\">\n<p>Cela s\u2019est ponctu\u00e9 par deux nouveaux temps\u2009: une sortie en ext\u00e9rieure pour appliquer les consignes et un test de 12 questions pour savoir s\u2019ils avaient bien retenu ces derni\u00e8res.<\/p>\n<\/blockquote>\n<p>100\u2009% de r\u00e9ussite<\/p>\n<p class=\" wall-content\">La <b>totalit\u00e9 des \u00e9l\u00e8ves ont obtenu leur permis pi\u00e9ton<\/b>.<\/p>\n<p>Votre r\u00e9gion, votre actu !<\/p>\n<p>Recevez chaque jour les infos qui comptent pour vous.<\/p>\n<p>\t<a href=\"https:\/\/actu.fr\/newsletter\" class=\"ac-btn ac-btn--corner ac-btn--medium ac-btn--blue800\" target=\"_blank\" rel=\"noopener\">S&rsquo;incrire<\/a><\/p>\n<blockquote class=\"ac-article-quote wall-content\">\n<p>C\u2019est un premier apprentissage avec le milieu routier. C\u2019est important. On sait que les abords des \u00e9coles, m\u00eame si les collectivit\u00e9s ont redoubl\u00e9 d\u2019efforts pour s\u00e9curiser les lieux, comme par exemple, avec ce que nous avons \u00e9tabli en fermant l\u2019avenue de Morges, \u00e0 la circulation automobile, aux heures d\u2019entr\u00e9e et de sorties, restent des endroits dangereux. Avec beaucoup de monde et de d\u00e9placement.<\/p>\n<p>Patrice Garnier, adjoint aux affaires scolaires<\/p><\/blockquote>\n<blockquote class=\"ac-article-quote wall-content\">\n<p>C\u2019est aussi un moyen de tisser du lien avec la police municipale qui peut croiser. On va \u00e9tendre cette d\u00e9marche aux autres \u00e9coles \u00e0 la rentr\u00e9e. Elle est compl\u00e9mentaire du savoir rouler \u00e0 v\u00e9lo qui touche davantage les \u00e9l\u00e8ves de CM 2. Puis au coll\u00e8ge, il y a le BSR. C\u2019est important qu\u2019on aide \u00e0 chaque \u00e9tape de leur vie.<\/p>\n<p>Gis\u00e8le Coyac, adjointe<\/p><\/blockquote>\n<p class=\" wall-content\">Les enfants \u00e9taient ravis d\u2019avoir pu suivre <b>ces cours qui \u00ab\u2009changeaient de l\u2019ordinaire\u2009\u00bb<\/b>.<\/p>\n<blockquote class=\"ac-article-quote wall-content\">\n<p>Cela nous a appris qu\u2019on n\u2019est jamais vraiment en s\u00e9curit\u00e9 sur la route. Il faut toujours \u00eatre vigilant, en utilisant nos yeux et nos oreilles. M\u00eame sur les passages pi\u00e9tons, il faut faire attention.<\/p>\n<p>Une \u00e9l\u00e8ve<\/p><\/blockquote>\n<blockquote class=\"ac-article-quote wall-content\">\n<p>Le permis pi\u00e9ton nous a permis de conna\u00eetre les panneaux, de faire attention aux sorties de garage et de mieux traverser sur les passages pi\u00e9tons.<\/p>\n<p>Un autre \u00e9l\u00e8ve<\/p><\/blockquote>\n<p class=\" wall-content\">D\u2019autant plus important que <b>l\u2019\u00e9tablissement avait \u00e9t\u00e9 marqu\u00e9 par un accident d\u2019une de ses \u00e9l\u00e8ves il y a quelques ann\u00e9es<\/b>. M\u00eame si l\u2019enfant n\u2019\u00e9tait pas responsable, elle s\u2019en \u00e9tait sortie avec une fracture.<\/p>\n<p class=\" wall-content\">Personnalisez votre actualit\u00e9 en ajoutant vos villes et m\u00e9dias en favori avec <a href=\"https:\/\/moncompte.actu.fr\" title=\"D\u00e9couvez Mon Actu\" rel=\"nofollow noopener\" data-trk=\"{&quot;cta&quot;:{&quot;action&quot;:&quot;https:\\\/\\\/moncompte.actu.fr&quot;,&quot;category&quot;:&quot;mon compte&quot;,&quot;from&quot;:&quot;article footer&quot;,&quot;name&quot;:&quot;Mon actu&quot;,&quot;type&quot;:&quot;cta&quot;}}\" target=\"_blank\">Mon Actu<\/a>.<\/p>\n","protected":false},"excerpt":{"rendered":"Par Laurent Fortin Publi\u00e9 le 22 sept. 2025 \u00e0 8h50 Apprendre des panneaux et un peu de vocabulaire&hellip;\n","protected":false},"author":2,"featured_media":409068,"comment_status":"","ping_status":"","sticky":false,"template":"","format":"standard","meta":{"footnotes":""},"categories":[2818],"tags":[1111,11,4019,1777,674,1011,27,766,12,2636,25,5009,104,2900],"class_list":{"0":"post-409067","1":"post","2":"type-post","3":"status-publish","4":"format-standard","5":"has-post-thumbnail","7":"category-nantes","8":"tag-actu","9":"tag-actualites","10":"tag-ecoles","11":"tag-eu","12":"tag-europe","13":"tag-fr","14":"tag-france","15":"tag-nantes","16":"tag-news","17":"tag-pays-de-la-loire","18":"tag-republique-francaise","19":"tag-securite-routiere","20":"tag-societe","21":"tag-vignoble-nantais"},"share_on_mastodon":{"url":"https:\/\/pubeurope.com\/@fr\/115247025375766872","error":""},"_links":{"self":[{"href":"https:\/\/www.europesays.com\/fr\/wp-json\/wp\/v2\/posts\/409067","targetHints":{"allow":["GET"]}}],"collection":[{"href":"https:\/\/www.europesays.com\/fr\/wp-json\/wp\/v2\/posts"}],"about":[{"href":"https:\/\/www.europesays.com\/fr\/wp-json\/wp\/v2\/types\/post"}],"author":[{"embeddable":true,"href":"https:\/\/www.europesays.com\/fr\/wp-json\/wp\/v2\/users\/2"}],"replies":[{"embeddable":true,"href":"https:\/\/www.europesays.com\/fr\/wp-json\/wp\/v2\/comments?post=409067"}],"version-history":[{"count":0,"href":"https:\/\/www.europesays.com\/fr\/wp-json\/wp\/v2\/posts\/409067\/revisions"}],"wp:featuredmedia":[{"embeddable":true,"href":"https:\/\/www.europesays.com\/fr\/wp-json\/wp\/v2\/media\/409068"}],"wp:attachment":[{"href":"https:\/\/www.europesays.com\/fr\/wp-json\/wp\/v2\/media?parent=409067"}],"wp:term":[{"taxonomy":"category","embeddable":true,"href":"https:\/\/www.europesays.com\/fr\/wp-json\/wp\/v2\/categories?post=409067"},{"taxonomy":"post_tag","embeddable":true,"href":"https:\/\/www.europesays.com\/fr\/wp-json\/wp\/v2\/tags?post=409067"}],"curies":[{"name":"wp","href":"https:\/\/api.w.org\/{rel}","templated":true}]}}