{"id":409110,"date":"2025-09-22T08:56:14","date_gmt":"2025-09-22T08:56:14","guid":{"rendered":"https:\/\/www.europesays.com\/fr\/409110\/"},"modified":"2025-09-22T08:56:14","modified_gmt":"2025-09-22T08:56:14","slug":"leurope-songe-a-se-debarrasser-des-bannieres-cookies","status":"publish","type":"post","link":"https:\/\/www.europesays.com\/fr\/409110\/","title":{"rendered":"l&rsquo;Europe songe \u00e0 se d\u00e9barrasser des banni\u00e8res cookies"},"content":{"rendered":"<p>L\u2019Union europ\u00e9enne aimerait mettre \u00e0 jour son r\u00e8glement obligeant les sites web \u00e0 afficher une banni\u00e8re de consentement pour les cookies.<\/p>\n<p><a target=\"_blank\" href=\"https:\/\/images.frandroid.com\/wp-content\/uploads\/2025\/09\/vyshnavi-bisani-z8kriatlfda-unsplash.jpg\" class=\"article-content__figure\" rel=\"nofollow noopener\"><img fetchpriority=\"high\" decoding=\"async\" loading=\"eager\" width=\"1200\" height=\"882\" src=\"https:\/\/www.europesays.com\/fr\/wp-content\/uploads\/2025\/09\/vyshnavi-bisani-z8kriatlfda-unsplash.jpg\" alt=\"\" class=\"wp-image-2802671 wp-image wp-image\"  \/><\/a>Source : Photo de <a target=\"_blank\" href=\"https:\/\/unsplash.com\/fr\/@vyshnavibisani?utm_content=creditCopyText&amp;utm_medium=referral&amp;utm_source=unsplash\" rel=\"nofollow noopener\">Vyshnavi Bisani<\/a> sur <a target=\"_blank\" href=\"https:\/\/unsplash.com\/fr\/photos\/biscuit-rond-brun-sur-surface-blanche-z8kriatLFdA?utm_content=creditCopyText&amp;utm_medium=referral&amp;utm_source=unsplash\" rel=\"nofollow noopener\">Unsplash<\/a>       <\/p>\n<p>Tous les internautes europ\u00e9ens connaissent cette pop-up. Celle qui nous demande notre consentement aux cookies sur les sites web que nous visitons. Ces fichiers qui permettent de suivre l\u2019utilisateur, cerner ses habitudes, pour lui servir de la publicit\u00e9 cibl\u00e9e ou d\u00e9velopper des fonctions sur mesure. <\/p>\n<p>Certains ont pris l\u2019habitude d\u2019accepter sans regarder, d\u2019autres ont toujours le courage d\u2019aller chercher l\u2019option \u00ab continuez sans accepter \u00bb, quand cette option n\u2019est pas payante.<\/p>\n<p>Cette fen\u00eatre n\u2019a pas toujours \u00e9t\u00e9 l\u00e0. Elle vient d\u2019une directive de l\u2019Union europ\u00e9enne datant de 2009. Le vieux continent r\u00e9fl\u00e9chit d\u00e9sormais \u00e0 faire \u00e9voluer sa l\u00e9gislation.<\/p>\n<p>\u00ab Trop de consentement tue le consentement \u00bb<\/p>\n<p>L\u2019avocat Peter Craddock sp\u00e9cialiste de la question des donn\u00e9es, partage avec <a target=\"_blank\" href=\"https:\/\/www.politico.eu\/article\/europe-cookie-law-messed-up-the-internet-brussels-sets-out-to-fix-it\/\" rel=\"nofollow noopener\">Politico.eu<\/a> son analyse.<\/p>\n<blockquote class=\"wp-block-quote is-layout-flow wp-block-quote-is-layout-flow\">\n<p>Trop de consentement tue le consentement. Quand les gens ont l\u2019habitude de donner leur consentement pour tout, ils peuvent cesser de lire les informations en d\u00e9tail, et si le consentement est la norme pour tout, il n\u2019est plus per\u00e7u de la m\u00eame mani\u00e8re par les utilisateurs.<\/p>\n<\/blockquote>\n<p>\u00c0 l\u2019image des conditions g\u00e9n\u00e9rales d\u2019utilisations, nous nous sommes collectivement mis \u00e0 donner notre consentement sans vraiment y r\u00e9fl\u00e9chir. Ce consentement n\u2019a donc plus vraiment de valeur.<\/p>\n<p>L\u2019Union europ\u00e9enne aimerait donc proposer un texte d\u00e8s ce mois de d\u00e9cembre pour ajuster cette banni\u00e8re obligatoire. Il serait, par exemple, question de d\u00e9placer le r\u00e9glage au niveau du navigateur. Vous indiqueriez \u00e0 Firefox ou Chrome que vous ne souhaitez pas de cookies, et le navigateur se chargerait de transmettre votre non-consentement aux sites, sans passer par une banni\u00e8re sur chaque site.<\/p>\n<p>C\u00f4t\u00e9 industriel, le souhait serait plut\u00f4t de purement et simplement supprimer ce r\u00e8glement pour en int\u00e9grer des notions \u00e0 la loi plus g\u00e9n\u00e9rale du RGPD (R\u00e8glement g\u00e9n\u00e9ral sur la protection des donn\u00e9es).<\/p>\n<p>Quoi qu\u2019il en soit, la r\u00e9ouverture du dossier devrait mener \u00e0 des d\u00e9bats anim\u00e9s entre les d\u00e9fenseurs de la vie priv\u00e9e et l\u2019industrie de la donn\u00e9e et de la publicit\u00e9 en ligne.<\/p>\n","protected":false},"excerpt":{"rendered":"L\u2019Union europ\u00e9enne aimerait mettre \u00e0 jour son r\u00e8glement obligeant les sites web \u00e0 afficher une banni\u00e8re de consentement&hellip;\n","protected":false},"author":2,"featured_media":409111,"comment_status":"","ping_status":"","sticky":false,"template":"","format":"standard","meta":{"footnotes":""},"categories":[1586],"tags":[11,270,1777,674,1011,27,12,25],"class_list":{"0":"post-409110","1":"post","2":"type-post","3":"status-publish","4":"format-standard","5":"has-post-thumbnail","7":"category-europe","8":"tag-actualites","9":"tag-breaking","10":"tag-eu","11":"tag-europe","12":"tag-fr","13":"tag-france","14":"tag-news","15":"tag-republique-francaise"},"share_on_mastodon":{"url":"https:\/\/pubeurope.com\/@fr\/115247119404149290","error":""},"_links":{"self":[{"href":"https:\/\/www.europesays.com\/fr\/wp-json\/wp\/v2\/posts\/409110","targetHints":{"allow":["GET"]}}],"collection":[{"href":"https:\/\/www.europesays.com\/fr\/wp-json\/wp\/v2\/posts"}],"about":[{"href":"https:\/\/www.europesays.com\/fr\/wp-json\/wp\/v2\/types\/post"}],"author":[{"embeddable":true,"href":"https:\/\/www.europesays.com\/fr\/wp-json\/wp\/v2\/users\/2"}],"replies":[{"embeddable":true,"href":"https:\/\/www.europesays.com\/fr\/wp-json\/wp\/v2\/comments?post=409110"}],"version-history":[{"count":0,"href":"https:\/\/www.europesays.com\/fr\/wp-json\/wp\/v2\/posts\/409110\/revisions"}],"wp:featuredmedia":[{"embeddable":true,"href":"https:\/\/www.europesays.com\/fr\/wp-json\/wp\/v2\/media\/409111"}],"wp:attachment":[{"href":"https:\/\/www.europesays.com\/fr\/wp-json\/wp\/v2\/media?parent=409110"}],"wp:term":[{"taxonomy":"category","embeddable":true,"href":"https:\/\/www.europesays.com\/fr\/wp-json\/wp\/v2\/categories?post=409110"},{"taxonomy":"post_tag","embeddable":true,"href":"https:\/\/www.europesays.com\/fr\/wp-json\/wp\/v2\/tags?post=409110"}],"curies":[{"name":"wp","href":"https:\/\/api.w.org\/{rel}","templated":true}]}}