{"id":409113,"date":"2025-09-22T08:58:13","date_gmt":"2025-09-22T08:58:13","guid":{"rendered":"https:\/\/www.europesays.com\/fr\/409113\/"},"modified":"2025-09-22T08:58:13","modified_gmt":"2025-09-22T08:58:13","slug":"des-drones-ont-attaque-le-sanatorium-de-foros-en-crimee-des-invites-importants-pourraient-sy-trouver","status":"publish","type":"post","link":"https:\/\/www.europesays.com\/fr\/409113\/","title":{"rendered":"Des drones ont attaqu\u00e9 le sanatorium de Foros en Crim\u00e9e, des \u00ab\u00a0invit\u00e9s importants\u00a0\u00bb pourraient s&rsquo;y trouver"},"content":{"rendered":"<p>\n  Par&amp;nbsp<b>euronews en russe<\/b>\n<\/p>\n<p>\n         Publi\u00e9 le<br \/>\n            22\/09\/2025 &#8211; 8:35 UTC+2\n            <\/p>\n<p>          <img decoding=\"async\" class=\"c-ad__placeholder__logo\" src=\"https:\/\/static.euronews.com\/website\/images\/logos\/logo-euronews-stacked-outlined-72x72-grey-9.svg\" width=\"72\" height=\"72\" alt=\"\" loading=\"lazy\"\/><br \/>\n          PUBLICIT\u00c9<\/p>\n<p>La Russie et l&rsquo;Ukraine ont continu\u00e9 \u00e0 \u00e9changer des frappes qui ont tu\u00e9 plusieurs personnes au cours des derni\u00e8res 24 heures.<\/p>\n<p>Selon Sergue\u00ef Aksionov, le chef de l&rsquo;administration locale install\u00e9 par Moscou, une attaque de drone ukrainien contre le sanatorium de Foros, qui aurait fait 3 morts et 16 bless\u00e9s. \u00ab\u00a0L&rsquo;attaque des drones ennemis a endommag\u00e9 plusieurs objets sur le territoire du sanatorium \u00ab\u00a0Foros\u00a0\u00bb. Le b\u00e2timent scolaire du village a \u00e9galement \u00e9t\u00e9 endommag\u00e9\u00a0\u00bb, a-t-il \u00e9crit<a href=\"https:\/\/t.me\/Aksenov82\/8222\" target=\"_blank\" rel=\"noreferrer\"> sur sa cha\u00eene Telegram<\/a>.<\/p>\n<p>En outre, en raison de la chute de d\u00e9bris du drone abattu, un incendie s&rsquo;est d\u00e9clar\u00e9 dans l&rsquo;herbe s\u00e8che pr\u00e8s de la ville de Yalta, a \u00e9galement rapport\u00e9 Aksionov.<\/p>\n<p>Le minist\u00e8re russe de la D\u00e9fense <a href=\"https:\/\/t.me\/mod_russia\/56843\" target=\"_blank\" rel=\"noreferrer\">affirme <\/a>que des drones arm\u00e9s d&rsquo;\u00ab ogives hautement explosives \u00bb ont attaqu\u00e9 des cibles civiles \u00ab\u00a0dans la zone de vill\u00e9giature de la R\u00e9publique de Crim\u00e9e, o\u00f9 il n&rsquo;y a pas d&rsquo;installations militaires.\u00a0\u00bb<\/p>\n<p>Selon le minist\u00e8re russe de la D\u00e9fense, 114 drones ukrainiens ont \u00e9t\u00e9 abattus au-dessus des r\u00e9gions russes et de la Crim\u00e9e dans la nuit du 22 septembre. Parmi eux, 25 ont \u00e9t\u00e9 d\u00e9truits au-dessus des r\u00e9gions de Rostov et de Krasnodar, 19 au-dessus de la r\u00e9gion de Belgorod et 13 au-dessus de la r\u00e9gion d&rsquo;Astrakhan, selon des responsables militaires russes.<\/p>\n<p>L&rsquo;Ukraine n&rsquo;a pas encore comment\u00e9 la frappe en Crim\u00e9e.<\/p>\n<p>Les cha\u00eenes locales de Telegram supposent que des \u00ab\u00a0invit\u00e9s tr\u00e8s importants\u00a0\u00bb auraient pu se trouver dans le sanatorium au moment de l&rsquo;attaque, notant que quatre datchas d&rsquo;\u00c9tat sont situ\u00e9es \u00e0 proximit\u00e9, o\u00f9 l&rsquo;\u00e9lite politique se rend depuis l&rsquo;\u00e9poque sovi\u00e9tique. Le restaurant FOROS HALL qui a \u00e9t\u00e9 la cible des tirs aurait \u00e9galement \u00e9t\u00e9 ferm\u00e9 dimanche pour des services sp\u00e9ciaux.<\/p>\n<p>La Russie largue 5 bombes a\u00e9riennes sur Zaporijjia<\/p>\n<p>Entre-temps, les troupes russes ont lanc\u00e9 une s\u00e9rie de frappes puissantes sur les villes ukrainiennes. Ainsi, la Russie a largu\u00e9 5 bombes a\u00e9riennes sur Zaporijjia, a d\u00e9clar\u00e9 le chef de l&rsquo;administration militaire r\u00e9gionale, Ivan Fedorov. \u00ab\u00a0Les Russes ont lanc\u00e9 au moins cinq bombes a\u00e9riennes sur la ville. Ils ont attaqu\u00e9 des infrastructures civiles et des installations industrielles\u00a0\u00bb, a-t-il \u00e9crit sur sa cha\u00eene Telegram.<\/p>\n<p>Dans la r\u00e9gion de Kyiv, les frappes de drones russes ont provoqu\u00e9 dans plusieurs districts des incendies dans des maisons d&rsquo;habitation, une personne a \u00e9t\u00e9 bless\u00e9e par des \u00e9clats d&rsquo;obus. <\/p>\n<p>\u00c0 Soumy<\/p>\n<p>, des installations industrielles et le b\u00e2timent d&rsquo;un \u00e9tablissement d&rsquo;enseignement ont \u00e9t\u00e9 endommag\u00e9s. Une personne a \u00e9t\u00e9 bless\u00e9e. Dans la r\u00e9gion de Dnipro, une maison priv\u00e9e a \u00e9t\u00e9 d\u00e9truite, mais, comme l&rsquo;ont indiqu\u00e9 les autorit\u00e9s locales, il n&rsquo;y a pas eu de victimes.<\/p>\n<p>Sources additionnelles<strong> \u2022 Meduza, adaptation : Serge Duch\u00eane<\/strong><\/p>\n","protected":false},"excerpt":{"rendered":"Par&amp;nbspeuronews en russe Publi\u00e9 le 22\/09\/2025 &#8211; 8:35 UTC+2 PUBLICIT\u00c9 La Russie et l&rsquo;Ukraine ont continu\u00e9 \u00e0 \u00e9changer&hellip;\n","protected":false},"author":2,"featured_media":409114,"comment_status":"","ping_status":"","sticky":false,"template":"","format":"standard","meta":{"footnotes":""},"categories":[2],"tags":[11,13469,1011,27,131,2025,12,25,132],"class_list":{"0":"post-409113","1":"post","2":"type-post","3":"status-publish","4":"format-standard","5":"has-post-thumbnail","7":"category-actualites","8":"tag-actualites","9":"tag-crimee","10":"tag-fr","11":"tag-france","12":"tag-guerre-en-ukraine","13":"tag-invasion-de-la-russie-en-ukraine","14":"tag-news","15":"tag-republique-francaise","16":"tag-russie"},"share_on_mastodon":{"url":"https:\/\/pubeurope.com\/@fr\/115247127347428634","error":""},"_links":{"self":[{"href":"https:\/\/www.europesays.com\/fr\/wp-json\/wp\/v2\/posts\/409113","targetHints":{"allow":["GET"]}}],"collection":[{"href":"https:\/\/www.europesays.com\/fr\/wp-json\/wp\/v2\/posts"}],"about":[{"href":"https:\/\/www.europesays.com\/fr\/wp-json\/wp\/v2\/types\/post"}],"author":[{"embeddable":true,"href":"https:\/\/www.europesays.com\/fr\/wp-json\/wp\/v2\/users\/2"}],"replies":[{"embeddable":true,"href":"https:\/\/www.europesays.com\/fr\/wp-json\/wp\/v2\/comments?post=409113"}],"version-history":[{"count":0,"href":"https:\/\/www.europesays.com\/fr\/wp-json\/wp\/v2\/posts\/409113\/revisions"}],"wp:featuredmedia":[{"embeddable":true,"href":"https:\/\/www.europesays.com\/fr\/wp-json\/wp\/v2\/media\/409114"}],"wp:attachment":[{"href":"https:\/\/www.europesays.com\/fr\/wp-json\/wp\/v2\/media?parent=409113"}],"wp:term":[{"taxonomy":"category","embeddable":true,"href":"https:\/\/www.europesays.com\/fr\/wp-json\/wp\/v2\/categories?post=409113"},{"taxonomy":"post_tag","embeddable":true,"href":"https:\/\/www.europesays.com\/fr\/wp-json\/wp\/v2\/tags?post=409113"}],"curies":[{"name":"wp","href":"https:\/\/api.w.org\/{rel}","templated":true}]}}