{"id":409123,"date":"2025-09-22T09:07:35","date_gmt":"2025-09-22T09:07:35","guid":{"rendered":"https:\/\/www.europesays.com\/fr\/409123\/"},"modified":"2025-09-22T09:07:35","modified_gmt":"2025-09-22T09:07:35","slug":"relais-motards-calmos-et-autoroutes-gratos-vers-le-gp-de-france-2025","status":"publish","type":"post","link":"https:\/\/www.europesays.com\/fr\/409123\/","title":{"rendered":"Relais Motards Calmos et autoroutes gratos vers le GP de France 2025"},"content":{"rendered":"<p>Attention, ils sont d\u00e9j\u00e0 de retour\u00a0! Partis dimanche 20 avril \u00e0 l&rsquo;issue d&rsquo;une 48\u00e8me \u00e9dition particuli\u00e8rement arros\u00e9e des 24 Heures du Mans Motos, les fans de sport moto r\u00e9investiront le circuit Bugatti ce week-end du 9 &#8211; 11 mai pour le GP de France 2025, dans l&rsquo;espoir cette fois de prendre une bonne douche de Champagne Prosecco, assur\u00e9e par Quartararo et\/ou Zarco\u00a0?!<\/p>\n<p>Cette ann\u00e9e encore, la FFMC place ses Relais Motards Calmos sur les principaux axes menant \u00e0 l&rsquo;\u00e9v\u00e9nement, \u00ab\u00a0dispositif (qui) vise \u00e0 encourager les motards \u00e0 faire une pause sur la route, afin de renforcer leur s\u00e9curit\u00e9 tout au long de leur trajet\u00a0\u00bb.<\/p>\n<p>Pr\u00e9sentes sur les routes depuis trois d\u00e9cennies (\u00e7a use, \u00e7a use ?), quatre antennes d\u00e9partementales (Vs sept l&rsquo;an pass\u00e9) participent en 2025 \u00e0 cette excellente initiative qui cherche \u00e0 \u00ab\u00a0promouvoir une route partag\u00e9e et apais\u00e9e, et offrir une alternative bienveillante aux contr\u00f4les routiers cibl\u00e9s sur les deux-roues\u00a0\u00bb.<\/p>\n<p>Partenaire de cette op\u00e9ration Relais Motards Calmos, Vinci Autoroutes consent \u00e0 \u00ab\u00a0lib\u00e9rer, d\u00e9livrer\u00a0\u00bb autoroutes\u00a0: les motards peuvent emprunter gratuitement quatre sections du r\u00e9seau Cofiroute et ASF menant au Mans. Certes, l&rsquo;autoroute rend les pneus carr\u00e9s (!), mais elle est aussi \u00ab\u00a05 fois plus s\u00fbre en moyenne que les autres infrastructures routi\u00e8res\u00a0\u00bb, souligne la FFMC.<\/p>\n<p>GP de France moto 2025 : Relais Motards Calmos<\/p>\n<ul>\n<li><strong>Relais Motards Calmos FFMC 27<\/strong><\/li>\n<li>A28 Aire de repos du domaine d\u2019Harcourt (sortie 13 Brionne) accessible gratuitement (2RM) depuis la D438<\/li>\n<li>Coordonn\u00e9es GPS : 49.243465\u00b0 N et 0.775026\u00b0<\/li>\n<li>Horaires d\u2019ouverture : Dimanche 11 mai de 8h \u00e0 20h<\/li>\n<li>Services gratuits : nettoyage des visi\u00e8res, graissage des cha\u00eenes, petites r\u00e9parations \u00e9ventuelles, v\u00e9rification des pneumatiques, restauration, pause caf\u00e9.<\/li>\n<\/ul>\n<ul>\n<li><strong>Relais Motards Calmos FFMC 41<\/strong><\/li>\n<li>Parking Intermarch\u00e9 6, voie romaine, 41240 Beauce La Romaine<\/li>\n<li>Coordonn\u00e9es GPS : 47\u00b0 54\u2019 36.6&Prime;Nord &#8211; 1\u00b0 31\u2019 02.6&Prime; Est\u2019<\/li>\n<li>Horaires d\u2019ouverture : Dimanche 11 mai de 12h \u00e0 20h<\/li>\n<li>Services gratuits : nettoyage des visi\u00e8res, petites r\u00e9parations \u00e9ventuelles, restauration, pause caf\u00e9.<\/li>\n<\/ul>\n<ul>\n<li><strong>Relais Motards Calmos FFMC 61<\/strong><\/li>\n<li>Rond point D438, Ville de SEES parking route d\u2019Alen\u00e7on<\/li>\n<li>Coordonn\u00e9es GPS :48.59017238785381, 0.16918215907818784<\/li>\n<li>Horaires d\u2019ouverture :\n<ul>\n<li>Jeudi 08 mai de 8h \u00e0 20h<\/li>\n<li>Vendredi 09 mai de 8h \u00e0 20h<\/li>\n<li>Samedi 10 mai de 8h \u00e0 12h<\/li>\n<\/ul>\n<\/li>\n<li>Services gratuits : nettoyage des visi\u00e8res, graissage des cha\u00eenes, petites r\u00e9parations \u00e9ventuelles, restauration, pause caf\u00e9.<\/li>\n<\/ul>\n<ul>\n<li><strong>Relais Motards Calmos FFMC 78<\/strong><\/li>\n<li>Aire d \u2019autoroute de Saint Arnoult en Yvelines sens Paris Province A11<\/li>\n<li>Coordonn\u00e9es GPS : 48.554838939546805, 1.9317378796819369<\/li>\n<li>Horaires d\u2019ouverture :\n<ul>\n<li>Jeudi 08 mai de 8h \u00e0 19h<\/li>\n<li>Vendredi 09 mai de 8h \u00e0 12h<\/li>\n<\/ul>\n<\/li>\n<li>Services gratuits : nettoyage des visi\u00e8res, graissage des cha\u00eenes, v\u00e9rification des pneumatiques, restauration, pause caf\u00e9, salon du bien \u00eatre<\/li>\n<\/ul>\n<p>GP de France moto 2025 : Autoroutes gratuites<\/p>\n<ul>\n<li>Gratuit\u00e9 accord\u00e9e aux v\u00e9hicules de classe 5 (moto, side-car, trike, quad)<\/li>\n<li>Valable du vendredi 9 mai 2025 \u00e0 10h<\/li>\n<li>Au lundi 12 mai 2025 \u00e0 10h<\/li>\n<\/ul>\n<ul>\n<li>A11, entre le p\u00e9age de Saint-Arnoult et Le Mans, entre Angers et Le Mans, et entre Angers et Nantes<\/li>\n<li>A81, entre Le Mans et La Gravelle (Vitr\u00e9)<\/li>\n<li>A85, entre Angers et Restign\u00e9<\/li>\n<li>A28, entre Saint-Christophe-sur-le-Nais et Le Mans, et entre Alen\u00e7on et Le Mans.<\/li>\n<\/ul>\n","protected":false},"excerpt":{"rendered":"Attention, ils sont d\u00e9j\u00e0 de retour\u00a0! Partis dimanche 20 avril \u00e0 l&rsquo;issue d&rsquo;une 48\u00e8me \u00e9dition particuli\u00e8rement arros\u00e9e des&hellip;\n","protected":false},"author":2,"featured_media":409124,"comment_status":"","ping_status":"","sticky":false,"template":"","format":"standard","meta":{"footnotes":""},"categories":[1413],"tags":[1011,27,1457,1456,60],"class_list":{"0":"post-409123","1":"post","2":"type-post","3":"status-publish","4":"format-standard","5":"has-post-thumbnail","7":"category-moto","8":"tag-fr","9":"tag-france","10":"tag-moto","11":"tag-motocycle","12":"tag-sports"},"share_on_mastodon":{"url":"https:\/\/pubeurope.com\/@fr\/115247163080128753","error":""},"_links":{"self":[{"href":"https:\/\/www.europesays.com\/fr\/wp-json\/wp\/v2\/posts\/409123","targetHints":{"allow":["GET"]}}],"collection":[{"href":"https:\/\/www.europesays.com\/fr\/wp-json\/wp\/v2\/posts"}],"about":[{"href":"https:\/\/www.europesays.com\/fr\/wp-json\/wp\/v2\/types\/post"}],"author":[{"embeddable":true,"href":"https:\/\/www.europesays.com\/fr\/wp-json\/wp\/v2\/users\/2"}],"replies":[{"embeddable":true,"href":"https:\/\/www.europesays.com\/fr\/wp-json\/wp\/v2\/comments?post=409123"}],"version-history":[{"count":0,"href":"https:\/\/www.europesays.com\/fr\/wp-json\/wp\/v2\/posts\/409123\/revisions"}],"wp:featuredmedia":[{"embeddable":true,"href":"https:\/\/www.europesays.com\/fr\/wp-json\/wp\/v2\/media\/409124"}],"wp:attachment":[{"href":"https:\/\/www.europesays.com\/fr\/wp-json\/wp\/v2\/media?parent=409123"}],"wp:term":[{"taxonomy":"category","embeddable":true,"href":"https:\/\/www.europesays.com\/fr\/wp-json\/wp\/v2\/categories?post=409123"},{"taxonomy":"post_tag","embeddable":true,"href":"https:\/\/www.europesays.com\/fr\/wp-json\/wp\/v2\/tags?post=409123"}],"curies":[{"name":"wp","href":"https:\/\/api.w.org\/{rel}","templated":true}]}}