{"id":409125,"date":"2025-09-22T09:08:11","date_gmt":"2025-09-22T09:08:11","guid":{"rendered":"https:\/\/www.europesays.com\/fr\/409125\/"},"modified":"2025-09-22T09:08:11","modified_gmt":"2025-09-22T09:08:11","slug":"la-billetterie-est-ouverte","status":"publish","type":"post","link":"https:\/\/www.europesays.com\/fr\/409125\/","title":{"rendered":"La Billetterie est ouverte !"},"content":{"rendered":"<p>\tLa Billetterie est ouverte ! &#8211; Automobile Club de Monaco<\/p>\n<p>\t\tint(20)<\/p>\n<p>\t\tarray(1) {<br \/>\n  [0]=&gt;<br \/>\n  object(WP_Post)#13681 (24) {<br \/>\n    [\u00ab\u00a0ID\u00a0\u00bb]=&gt;<br \/>\n    int(10605749)<br \/>\n    [\u00ab\u00a0post_author\u00a0\u00bb]=&gt;<br \/>\n    string(1) \u00ab\u00a01\u00a0\u00bb<br \/>\n    [\u00ab\u00a0post_date\u00a0\u00bb]=&gt;<br \/>\n    string(19) \u00ab\u00a02025-05-13 14:39:51\u00a0\u00bb<br \/>\n    [\u00ab\u00a0post_date_gmt\u00a0\u00bb]=&gt;<br \/>\n    string(19) \u00ab\u00a02025-05-13 12:39:51\u00a0\u00bb<br \/>\n    [\u00ab\u00a0post_content\u00a0\u00bb]=&gt;<br \/>\n    string(0) \u00ab\u00a0\u00a0\u00bb<br \/>\n    [\u00ab\u00a0post_title\u00a0\u00bb]=&gt;<br \/>\n    string(10) \u00ab\u00a0Ev\u00e8nement\u00a0\u00bb<br \/>\n    [\u00ab\u00a0post_excerpt\u00a0\u00bb]=&gt;<br \/>\n    string(0) \u00ab\u00a0\u00a0\u00bb<br \/>\n    [\u00ab\u00a0post_status\u00a0\u00bb]=&gt;<br \/>\n    string(7) \u00ab\u00a0publish\u00a0\u00bb<br \/>\n    [\u00ab\u00a0comment_status\u00a0\u00bb]=&gt;<br \/>\n    string(6) \u00ab\u00a0closed\u00a0\u00bb<br \/>\n    [\u00ab\u00a0ping_status\u00a0\u00bb]=&gt;<br \/>\n    string(6) \u00ab\u00a0closed\u00a0\u00bb<br \/>\n    [\u00ab\u00a0post_password\u00a0\u00bb]=&gt;<br \/>\n    string(0) \u00ab\u00a0\u00a0\u00bb<br \/>\n    [\u00ab\u00a0post_name\u00a0\u00bb]=&gt;<br \/>\n    string(9) \u00ab\u00a0evenement\u00a0\u00bb<br \/>\n    [\u00ab\u00a0to_ping\u00a0\u00bb]=&gt;<br \/>\n    string(0) \u00ab\u00a0\u00a0\u00bb<br \/>\n    [\u00ab\u00a0pinged\u00a0\u00bb]=&gt;<br \/>\n    string(0) \u00ab\u00a0\u00a0\u00bb<br \/>\n    [\u00ab\u00a0post_modified\u00a0\u00bb]=&gt;<br \/>\n    string(19) \u00ab\u00a02025-05-19 11:38:12\u00a0\u00bb<br \/>\n    [\u00ab\u00a0post_modified_gmt\u00a0\u00bb]=&gt;<br \/>\n    string(19) \u00ab\u00a02025-05-19 09:38:12\u00a0\u00bb<br \/>\n    [\u00ab\u00a0post_content_filtered\u00a0\u00bb]=&gt;<br \/>\n    string(0) \u00ab\u00a0\u00a0\u00bb<br \/>\n    [\u00ab\u00a0post_parent\u00a0\u00bb]=&gt;<br \/>\n    int(10605652)<br \/>\n    [\u00ab\u00a0guid\u00a0\u00bb]=&gt;<br \/>\n    string(49) \u00ab\u00a0https:\/\/acm.mc\/?post_type=edition&amp;p=10605749\u00a0\u00bb<br \/>\n    [\u00ab\u00a0menu_order\u00a0\u00bb]=&gt;<br \/>\n    int(1)<br \/>\n    [\u00ab\u00a0post_type\u00a0\u00bb]=&gt;<br \/>\n    string(8) \u00ab\u00a0epreuves\u00a0\u00bb<br \/>\n    [\u00ab\u00a0post_mime_type\u00a0\u00bb]=&gt;<br \/>\n    string(0) \u00ab\u00a0\u00a0\u00bb<br \/>\n    [\u00ab\u00a0comment_count\u00a0\u00bb]=&gt;<br \/>\n    string(1) \u00ab\u00a00\u00a0\u00bb<br \/>\n    [\u00ab\u00a0filter\u00a0\u00bb]=&gt;<br \/>\n    string(3) \u00ab\u00a0raw\u00a0\u00bb<br \/>\n  }<br \/>\n}<\/p>\n<p>\t\tobject(WP_Term)#8031 (11) {<br \/>\n  [\u00ab\u00a0term_id\u00a0\u00bb]=&gt;<br \/>\n  int(18)<br \/>\n  [\u00ab\u00a0name\u00a0\u00bb]=&gt;<br \/>\n  string(30) \u00ab\u00a0Formula 1 Grand Prix de Monaco\u00a0\u00bb<br \/>\n  [\u00ab\u00a0slug\u00a0\u00bb]=&gt;<br \/>\n  string(30) \u00ab\u00a0formula-1-grand-prix-de-monaco\u00a0\u00bb<br \/>\n  [\u00ab\u00a0term_group\u00a0\u00bb]=&gt;<br \/>\n  int(0)<br \/>\n  [\u00ab\u00a0term_taxonomy_id\u00a0\u00bb]=&gt;<br \/>\n  int(18)<br \/>\n  [\u00ab\u00a0taxonomy\u00a0\u00bb]=&gt;<br \/>\n  string(8) \u00ab\u00a0category\u00a0\u00bb<br \/>\n  [\u00ab\u00a0description\u00a0\u00bb]=&gt;<br \/>\n  string(0) \u00ab\u00a0\u00a0\u00bb<br \/>\n  [\u00ab\u00a0parent\u00a0\u00bb]=&gt;<br \/>\n  int(9)<br \/>\n  [\u00ab\u00a0count\u00a0\u00bb]=&gt;<br \/>\n  int(293)<br \/>\n  [\u00ab\u00a0filter\u00a0\u00bb]=&gt;<br \/>\n  string(3) \u00ab\u00a0raw\u00a0\u00bb<br \/>\n  [\u00ab\u00a0term_order\u00a0\u00bb]=&gt;<br \/>\n  string(1) \u00ab\u00a00\u00a0\u00bb<br \/>\n}<\/p>\n<p>\t\tarray(1) {<br \/>\n  [0]=&gt;<br \/>\n  object(WP_Post)#13670 (24) {<br \/>\n    [\u00ab\u00a0ID\u00a0\u00bb]=&gt;<br \/>\n    int(10605653)<br \/>\n    [\u00ab\u00a0post_author\u00a0\u00bb]=&gt;<br \/>\n    string(1) \u00ab\u00a01\u00a0\u00bb<br \/>\n    [\u00ab\u00a0post_date\u00a0\u00bb]=&gt;<br \/>\n    string(19) \u00ab\u00a02025-05-08 10:38:57\u00a0\u00bb<br \/>\n    [\u00ab\u00a0post_date_gmt\u00a0\u00bb]=&gt;<br \/>\n    string(19) \u00ab\u00a02025-05-08 08:38:57\u00a0\u00bb<br \/>\n    [\u00ab\u00a0post_content\u00a0\u00bb]=&gt;<br \/>\n    string(1502) \u00ab\u00a0Une course mythique au c\u0153ur de Monaco&#13;<br \/>\n<strong>Le Formula 1 Grand Prix de Monaco est un rendez-vous incontournable du Championnat du Monde de Formule 1, et l\u2019une des \u00e9preuves les plus embl\u00e9matiques du calendrier.&#13;<br \/>\n<\/strong>&#13;<br \/>\n&#13;<br \/>\nCr\u00e9\u00e9 en 1929, il est consid\u00e9r\u00e9 comme l\u2019une des comp\u00e9titions automobiles les plus prestigieuses au monde, au m\u00eame titre que les 500 miles d\u2019Indianapolis, les 24 Heures du Mans ou le Rallye Monte-Carlo WRC. Son circuit unique se distingue par son trac\u00e9 urbain spectaculaire, serpentant au c\u0153ur de la Principaut\u00e9 de Monaco. \u00c0 la fois impressionnant et redout\u00e9, le circuit de Monaco ne laisse aucune place \u00e0 l\u2019erreur : il impose aux pilotes une pr\u00e9cision millim\u00e9tr\u00e9e, une concentration constante et une ma\u00eetrise technique absolue.&#13;<br \/>\n&#13;<br \/>\n\u00c0 ce titre, le Formula 1 Grand Prix de Monaco est unanimement reconnu comme l\u2019un des d\u00e9fis les plus exigeants et les plus valorisants de la saison.&#13;<br \/>\n&#13;<br \/>\nLa prochaine \u00e9dition se d\u00e9roulera <strong>du 4 au 7 juin 2026<\/strong>, et marquera la manche d\u2019ouverture de la saison europ\u00e9enne du Championnat du Monde de Formule 1. La billetterie officielle ouvrira ses portes dans les prochaines semaines. Restez connect\u00e9s !&#13;<br \/>\n&#13;<br \/>\nPlus qu\u2019une simple course, le Grand Prix de Monaco incarne une certaine id\u00e9e de la Formule 1 : celle <strong>d\u2019un h\u00e9ritage historique, d\u2019une organisation d\u2019excellence, et d\u2019un cadre exceptionnel<\/strong>, entre mer et montagne, qui en fait un \u00e9v\u00e9nement unique au monde.\u00a0\u00bb<br \/>\n    [\u00ab\u00a0post_title\u00a0\u00bb]=&gt;<br \/>\n    string(30) \u00ab\u00a0Formula 1 Grand Prix de Monaco\u00a0\u00bb<br \/>\n    [\u00ab\u00a0post_excerpt\u00a0\u00bb]=&gt;<br \/>\n    string(0) \u00ab\u00a0\u00a0\u00bb<br \/>\n    [\u00ab\u00a0post_status\u00a0\u00bb]=&gt;<br \/>\n    string(7) \u00ab\u00a0publish\u00a0\u00bb<br \/>\n    [\u00ab\u00a0comment_status\u00a0\u00bb]=&gt;<br \/>\n    string(6) \u00ab\u00a0closed\u00a0\u00bb<br \/>\n    [\u00ab\u00a0ping_status\u00a0\u00bb]=&gt;<br \/>\n    string(6) \u00ab\u00a0closed\u00a0\u00bb<br \/>\n    [\u00ab\u00a0post_password\u00a0\u00bb]=&gt;<br \/>\n    string(0) \u00ab\u00a0\u00a0\u00bb<br \/>\n    [\u00ab\u00a0post_name\u00a0\u00bb]=&gt;<br \/>\n    string(30) \u00ab\u00a0formula-1-grand-prix-de-monaco\u00a0\u00bb<br \/>\n    [\u00ab\u00a0to_ping\u00a0\u00bb]=&gt;<br \/>\n    string(0) \u00ab\u00a0\u00a0\u00bb<br \/>\n    [\u00ab\u00a0pinged\u00a0\u00bb]=&gt;<br \/>\n    string(0) \u00ab\u00a0\u00a0\u00bb<br \/>\n    [\u00ab\u00a0post_modified\u00a0\u00bb]=&gt;<br \/>\n    string(19) \u00ab\u00a02025-09-19 16:20:41\u00a0\u00bb<br \/>\n    [\u00ab\u00a0post_modified_gmt\u00a0\u00bb]=&gt;<br \/>\n    string(19) \u00ab\u00a02025-09-19 14:20:41\u00a0\u00bb<br \/>\n    [\u00ab\u00a0post_content_filtered\u00a0\u00bb]=&gt;<br \/>\n    string(0) \u00ab\u00a0\u00a0\u00bb<br \/>\n    [\u00ab\u00a0post_parent\u00a0\u00bb]=&gt;<br \/>\n    int(0)<br \/>\n    [\u00ab\u00a0guid\u00a0\u00bb]=&gt;<br \/>\n    string(50) \u00ab\u00a0https:\/\/acm.mc\/?post_type=epreuves&amp;p=10605653\u00a0\u00bb<br \/>\n    [\u00ab\u00a0menu_order\u00a0\u00bb]=&gt;<br \/>\n    int(0)<br \/>\n    [\u00ab\u00a0post_type\u00a0\u00bb]=&gt;<br \/>\n    string(8) \u00ab\u00a0epreuves\u00a0\u00bb<br \/>\n    [\u00ab\u00a0post_mime_type\u00a0\u00bb]=&gt;<br \/>\n    string(0) \u00ab\u00a0\u00a0\u00bb<br \/>\n    [\u00ab\u00a0comment_count\u00a0\u00bb]=&gt;<br \/>\n    string(1) \u00ab\u00a00\u00a0\u00bb<br \/>\n    [\u00ab\u00a0filter\u00a0\u00bb]=&gt;<br \/>\n    string(3) \u00ab\u00a0raw\u00a0\u00bb<br \/>\n  }<br \/>\n}<\/p>\n<p>\t\t\t\t\t\t<img decoding=\"async\" src=\"data:image\/svg+xml,%3Csvg%20xmlns=\" http:=\"\" data-lazy-src=\"https:\/\/www.europesays.com\/fr\/wp-content\/uploads\/2025\/09\/2026_F1_ETG_MONACO_Licensee_HZN_Centred_White-1024x284.png\"\/><\/p>\n<p>\n\t\t\t\t\t\t\t\t04 &#8211; 07 juin 2026\t\t\t\t\t\t\t<\/p>\n<p>\n\t\t\t\t\t\t\t\t83e \u00e9dition\t\t\t\t\t\t\t<\/p>\n<p id=\"breadcrumbs\"><a href=\"https:\/\/acm.mc\/\" target=\"_blank\" rel=\"noopener\">Accueil<\/a> \u00bb La Billetterie est ouverte !<\/p>\n<p><strong>La vente de billets pour le Formula 1 Grand Prix de Monaco 2026 ainsi que pour le Grand Prix de Monaco Historique 2026 est d\u00e9sormais ouverte. R\u00e9servez d\u00e8s aujourd\u2019hui vos places sur la billetterie officielle de l\u2019Automobile Club de Monaco.<\/strong><\/p>\n<p>Formula 1 Grand Prix de Monaco 2026 \u2013 Du 4 au 7 juin<\/p>\n<p>\u00c9preuve incontournable du Championnat du Monde, le Formula 1 Grand Prix de Monaco sera en 2026 la toute premi\u00e8re manche europ\u00e9enne de la saison. Pendant quatre jours, vibrez au rythme du sport automobile avec quatre s\u00e9ries en piste : <strong>F1, F2, F3 et Porsche Supercup<\/strong>. Le tout dans le cadre unique et l\u00e9gendaire du Circuit de Monaco.<\/p>\n<p><a class=\"cta\" href=\"https:\/\/acm.mc\/epreuves\/formula-1-grand-prix-de-monaco\/evenement\/presentation-de-lepreuve\/\" target=\"_blank\" rel=\"noopener\">En savoir plus sur le Formula 1 Grand Prix de Monaco 2026<\/a><\/p>\n<p>Grand Prix de Monaco Historique 2026 \u2013 Du 24 au 26 avril<\/p>\n<p>Quelques semaines avant la Formule 1, le Grand Prix Historique ouvrira le printemps des grands rendez-vous automobiles en Principaut\u00e9. Pour sa 15\u1d49 \u00e9dition, cet \u00e9v\u00e9nement exceptionnel proposera <strong>8 s\u00e9ries en lice<\/strong> et accueillera pour la premi\u00e8re fois les monoplaces \u00e0 moteur turbo. Une v\u00e9ritable plong\u00e9e dans l\u2019histoire de la discipline, au c\u0153ur du trac\u00e9 mon\u00e9gasque.<\/p>\n<p><a class=\"cta\" href=\"https:\/\/acm.mc\/epreuves\/grand-prix-de-monaco-historique\/evenement\/presentation-de-lepreuve\/\" target=\"_blank\" rel=\"noopener\">D\u00e9couvrir le Grand Prix de Monaco Historique 2026<\/a><\/p>\n<p>Comment r\u00e9server vos places ?<\/p>\n<p>Deux solutions s\u2019offrent \u00e0 vous :<\/p>\n<ul>\n<li><strong>En ligne<\/strong> sur le site officiel <a href=\"http:\/\/www.monaco-grandprix.com\" target=\"_blank\" rel=\"noopener\">www.monaco-grandprix.com<\/a><\/li>\n<li><strong>\u00c0 la Billetterie Officielle<\/strong> (44, rue Grimaldi \u2013 Monaco), ouverte du lundi au vendredi, de 09h00 \u00e0 17h00<\/li>\n<\/ul>\n<p><a class=\"cta\" href=\"https:\/\/monaco-grandprix.com\/edition\/formula-1-grand-prix-de-monaco-2026\/evenement\/infos-pratiques\/\" target=\"_blank\" rel=\"noopener\">Toutes les informations pratiques sont disponibles ici<\/a><\/p>\n<p>Vivez l\u2019exp\u00e9rience VIP<\/p>\n<p><strong>L\u2019Automobile Club de Monaco propose des espaces d\u2019hospitalit\u00e9 offrant une exp\u00e9rience unique et des vues privil\u00e9gi\u00e9es sur le circuit. Deux formules sont disponibles :<\/strong><\/p>\n<p>Inscription newsletters<\/p>\n<p>Restez connect\u00e9s pour recevoir les derni\u00e8res mises \u00e0 jour et suivre l\u2019actualit\u00e9 de l\u2019Automobile Club de Monaco et de nos \u00e9v\u00e8nements.<\/p>\n<p><a class=\"cta\" href=\"https:\/\/acm.mc\/automobile-club\/le-club\/lautomobile-club-de-monaco\/inscription-newsletters\/\" target=\"_blank\" rel=\"noopener\">Inscriptions Newsletters<\/a><\/p>\n<p>Publi\u00e9 le : 22 septembre 2025<\/p>\n<p>Inscription aux actualit\u00e9s de L\u2019ACM<\/p>\n<p>Inscrivez-vous \u00e0 nos newsletters pour ne rien manquer de l\u2019actualit\u00e9 du club. Vous pouvez \u00e9galement choisir de recevoir les derni\u00e8res informations sur les diff\u00e9rentes \u00e9preuves qui vous int\u00e9ressent.&#13;\n<\/p>\n<p>&#13;<br \/>\n&#13;<\/p>\n","protected":false},"excerpt":{"rendered":"La Billetterie est ouverte ! &#8211; Automobile Club de Monaco int(20) array(1) { [0]=&gt; object(WP_Post)#13681 (24) { [\u00ab\u00a0ID\u00a0\u00bb]=&gt;&hellip;\n","protected":false},"author":2,"featured_media":409126,"comment_status":"","ping_status":"","sticky":false,"template":"","format":"standard","meta":{"footnotes":""},"categories":[1412],"tags":[1451,1452,1453,1454,1455,1011,27,60],"class_list":{"0":"post-409125","1":"post","2":"type-post","3":"status-publish","4":"format-standard","5":"has-post-thumbnail","7":"category-f1","8":"tag-f1","9":"tag-formula-1","10":"tag-formula1","11":"tag-formule-1","12":"tag-formule1","13":"tag-fr","14":"tag-france","15":"tag-sports"},"share_on_mastodon":{"url":"https:\/\/pubeurope.com\/@fr\/115247166518012149","error":""},"_links":{"self":[{"href":"https:\/\/www.europesays.com\/fr\/wp-json\/wp\/v2\/posts\/409125","targetHints":{"allow":["GET"]}}],"collection":[{"href":"https:\/\/www.europesays.com\/fr\/wp-json\/wp\/v2\/posts"}],"about":[{"href":"https:\/\/www.europesays.com\/fr\/wp-json\/wp\/v2\/types\/post"}],"author":[{"embeddable":true,"href":"https:\/\/www.europesays.com\/fr\/wp-json\/wp\/v2\/users\/2"}],"replies":[{"embeddable":true,"href":"https:\/\/www.europesays.com\/fr\/wp-json\/wp\/v2\/comments?post=409125"}],"version-history":[{"count":0,"href":"https:\/\/www.europesays.com\/fr\/wp-json\/wp\/v2\/posts\/409125\/revisions"}],"wp:featuredmedia":[{"embeddable":true,"href":"https:\/\/www.europesays.com\/fr\/wp-json\/wp\/v2\/media\/409126"}],"wp:attachment":[{"href":"https:\/\/www.europesays.com\/fr\/wp-json\/wp\/v2\/media?parent=409125"}],"wp:term":[{"taxonomy":"category","embeddable":true,"href":"https:\/\/www.europesays.com\/fr\/wp-json\/wp\/v2\/categories?post=409125"},{"taxonomy":"post_tag","embeddable":true,"href":"https:\/\/www.europesays.com\/fr\/wp-json\/wp\/v2\/tags?post=409125"}],"curies":[{"name":"wp","href":"https:\/\/api.w.org\/{rel}","templated":true}]}}