{"id":409131,"date":"2025-09-22T09:11:12","date_gmt":"2025-09-22T09:11:12","guid":{"rendered":"https:\/\/www.europesays.com\/fr\/409131\/"},"modified":"2025-09-22T09:11:12","modified_gmt":"2025-09-22T09:11:12","slug":"limage-de-la-nuit-trois-mois-apres-leur-rupture-spectaculaire-donald-trump-et-elon-musk-se-retrouvent-et-se-serrent-la-main-lors-de-lhommage-a-charlie-kirk-video","status":"publish","type":"post","link":"https:\/\/www.europesays.com\/fr\/409131\/","title":{"rendered":"L&rsquo;image de la nuit : Trois mois apr\u00e8s leur rupture spectaculaire, Donald Trump et Elon Musk se retrouvent et se serrent la main lors de l&rsquo;hommage \u00e0 Charlie Kirk &#8211; Vid\u00e9o"},"content":{"rendered":"<p>C&rsquo;est sans aucun doute une des images fortes de la nuit. En marge de l\u2019hommage \u00e0 Charlie Kirk, Donald Trump et Elon Musk ont oubli\u00e9 les invectives, plus de trois mois apr\u00e8s leur rupture spectaculaire. Le pr\u00e9sident des Etats-Unis et l\u2019entrepreneur multimilliardaire ont discut\u00e9 de mani\u00e8re visiblement amicale dans les trav\u00e9es du stade de l\u2019Arizona o\u00f9 les deux hommes, comme des dizaines de milliers de partisans, ont c\u00e9l\u00e9br\u00e9 la m\u00e9moire de l\u2019influenceur Charlie Kirk, assassin\u00e9 une dizaine de jours plus t\u00f4t.\u00a0\u00a0<\/p>\n<p>La vid\u00e9o de la poign\u00e9e de main vigoureuse entre Donald Trump et Elon Musk a \u00e9t\u00e9 partag\u00e9e sur X par un compte officiel de la Maison-Blanche.<\/p>\n<p>Elon Musk avait tr\u00e8s g\u00e9n\u00e9reusement financ\u00e9 la campagne du r\u00e9publicain en 2024. Une fois l\u2019\u00e9lection remport\u00e9e, Donald Trump lui avait donn\u00e9 pour mission de mener de grandes coupes dans le budget de l\u2019Etat f\u00e9d\u00e9ral, ce qu\u2019il avait tent\u00e9 de faire avec une commission d\u00e9di\u00e9e nomm\u00e9e Doge.<\/p>\n<blockquote class=\"twitter-tweet\">\n<p lang=\"en\" dir=\"ltr\">POTUS x <a href=\"https:\/\/twitter.com\/elonmusk?ref_src=twsrc%5Etfw\" target=\"_blank\" rel=\"noopener\">@ElonMusk<\/a> <\/p>\n<p>For Charlie. <a href=\"https:\/\/t.co\/Inaf8X81Gy\">pic.twitter.com\/Inaf8X81Gy<\/a><\/p>\n<p>\u2014 The White House (@WhiteHouse) <a href=\"https:\/\/twitter.com\/WhiteHouse\/status\/1969929930944422333?ref_src=twsrc%5Etfw\" target=\"_blank\" rel=\"noopener\">September 22, 2025<\/a><\/p><\/blockquote>\n<p>          <script async src=\"https:\/\/platform.twitter.com\/widgets.js\" charset=\"utf-8\"><\/script><\/p>\n","protected":false},"excerpt":{"rendered":"C&rsquo;est sans aucun doute une des images fortes de la nuit. En marge de l\u2019hommage \u00e0 Charlie Kirk,&hellip;\n","protected":false},"author":2,"featured_media":409132,"comment_status":"","ping_status":"","sticky":false,"template":"","format":"standard","meta":{"footnotes":""},"categories":[1359],"tags":[51856,58,75,46,59,1011,27,973],"class_list":{"0":"post-409131","1":"post","2":"type-post","3":"status-publish","4":"format-standard","5":"has-post-thumbnail","7":"category-people","8":"tag-charlie-kirk","9":"tag-divertissement","10":"tag-donald-trump","11":"tag-elon-musk","12":"tag-entertainment","13":"tag-fr","14":"tag-france","15":"tag-people"},"share_on_mastodon":{"url":"https:\/\/pubeurope.com\/@fr\/115247178334921642","error":""},"_links":{"self":[{"href":"https:\/\/www.europesays.com\/fr\/wp-json\/wp\/v2\/posts\/409131","targetHints":{"allow":["GET"]}}],"collection":[{"href":"https:\/\/www.europesays.com\/fr\/wp-json\/wp\/v2\/posts"}],"about":[{"href":"https:\/\/www.europesays.com\/fr\/wp-json\/wp\/v2\/types\/post"}],"author":[{"embeddable":true,"href":"https:\/\/www.europesays.com\/fr\/wp-json\/wp\/v2\/users\/2"}],"replies":[{"embeddable":true,"href":"https:\/\/www.europesays.com\/fr\/wp-json\/wp\/v2\/comments?post=409131"}],"version-history":[{"count":0,"href":"https:\/\/www.europesays.com\/fr\/wp-json\/wp\/v2\/posts\/409131\/revisions"}],"wp:featuredmedia":[{"embeddable":true,"href":"https:\/\/www.europesays.com\/fr\/wp-json\/wp\/v2\/media\/409132"}],"wp:attachment":[{"href":"https:\/\/www.europesays.com\/fr\/wp-json\/wp\/v2\/media?parent=409131"}],"wp:term":[{"taxonomy":"category","embeddable":true,"href":"https:\/\/www.europesays.com\/fr\/wp-json\/wp\/v2\/categories?post=409131"},{"taxonomy":"post_tag","embeddable":true,"href":"https:\/\/www.europesays.com\/fr\/wp-json\/wp\/v2\/tags?post=409131"}],"curies":[{"name":"wp","href":"https:\/\/api.w.org\/{rel}","templated":true}]}}