{"id":409215,"date":"2025-09-22T10:01:12","date_gmt":"2025-09-22T10:01:12","guid":{"rendered":"https:\/\/www.europesays.com\/fr\/409215\/"},"modified":"2025-09-22T10:01:12","modified_gmt":"2025-09-22T10:01:12","slug":"qui-est-mareva-michel-elue-miss-ile-de-france","status":"publish","type":"post","link":"https:\/\/www.europesays.com\/fr\/409215\/","title":{"rendered":"qui est Mareva Michel, \u00e9lue Miss \u00cele-de-France ?"},"content":{"rendered":"<p class=\"article-p mdl\">Sa tante et sa m\u00e8re \u00e9taient Miss au Mexique. <strong>Mareva Michel <\/strong>a \u00e9t\u00e9 \u00e9lue Miss \u00cele-de-France <strong>le 20 septembre 2025 <\/strong>\u00e0 Dammarie-les-Lys, en Seine-et-Marne. Franco-mexicaine, la jeune miss de<strong> 21 ans <\/strong>est n\u00e9e le 4 novembre 2003 \u00e0 Poissy.\u00a0<\/p>\n<p class=\"article-p mdl\">Scolaris\u00e9e pendant quatre ans \u00e0 l&rsquo;Essec, l&rsquo;\u00e9tudiante en commerce souhaite d\u00e9sormais int\u00e9grer un <strong>Master en marketing digital<\/strong>. En plus de son attrait pour ce domaine, elle est passionn\u00e9e des <strong>sports extr\u00eames.\u00a0<\/strong><\/p>\n<p class=\"article-p mdl\">L&rsquo;aventure\u00a0<a class=\"link\" href=\"https:\/\/www.rtl.fr\/playlist\/miss-france\" target=\"_blank\" rel=\"noopener\">Miss France\u00a0<\/a>n&rsquo;est pas un hasard pour la jeune fille. Comme elle l&rsquo;a confi\u00e9 \u00e0<a class=\"link\" href=\"https:\/\/actu.fr\/ile-de-france\/le-chesnay-rocquencourt_78158\/etre-miss-cest-etre-un-exemple-qui-est-mareva-michel-miss-yvelines-2025_62685354.html\" target=\"_blank\" rel=\"noopener\"> 78actu<\/a>, \u00ab\u00a0ma m\u00e8re et ma tante ont remport\u00e9 toutes les deux des concours. Pour moi, on a attendu le bon \u00e2ge, 21\u00a0ans, pour que je puisse tenter ma chance \u00e0 mon tour et m\u2019inscrire en visant Miss France\u00a0\u00bb.\u00a0<\/p>\n<p class=\"article-p mdl\">Elle a \u00e9galement r\u00e9v\u00e9l\u00e9 \u00e0 nos confr\u00e8res que ses parents avaient choisis son pr\u00e9nom <strong>en hommage \u00e0 Mareva Georges et Mareva Galanter<\/strong>, Miss France de 1991 et 1999.\u00a0<\/p>\n<p class=\"article-p mdl\">Marraine de l&rsquo;association\u00a0<a class=\"link\" href=\"https:\/\/www.aidonslarecherche.fr\/\" target=\"_blank\" rel=\"noopener\">\u00ab\u00a0Aidons la recherche\u00a0\u00bb<\/a>, la cause qui lui tient \u00e0 c\u0153ur est le cancer du sein.<\/p>\n<p>    La r\u00e9daction vous recommande<\/p>\n<p class=\"s-newsletter__title\">\n                L\u2019actualit\u00e9 par la r\u00e9daction de RTL dans votre bo\u00eete mail.\n            <\/p>\n<p class=\"s-newsletter__subtitle\">\n                Gr\u00e2ce \u00e0 votre compte RTL abonnez-vous \u00e0 la newsletter RTL info pour suivre toute l&rsquo;actualit\u00e9 au quotidien\n            <\/p>\n<p>\n                                    Lire la suite\n                                <\/p>\n","protected":false},"excerpt":{"rendered":"Sa tante et sa m\u00e8re \u00e9taient Miss au Mexique. Mareva Michel a \u00e9t\u00e9 \u00e9lue Miss \u00cele-de-France le 20&hellip;\n","protected":false},"author":2,"featured_media":409216,"comment_status":"","ping_status":"","sticky":false,"template":"","format":"standard","meta":{"footnotes":""},"categories":[1592],"tags":[1111,11,903,1777,674,2414,1011,27,662,3034,12,626,25],"class_list":{"0":"post-409215","1":"post","2":"type-post","3":"status-publish","4":"format-standard","5":"has-post-thumbnail","7":"category-ile-de-france","8":"tag-actu","9":"tag-actualites","10":"tag-concours","11":"tag-eu","12":"tag-europe","13":"tag-fil-culture","14":"tag-fr","15":"tag-france","16":"tag-ile-de-france","17":"tag-miss-france","18":"tag-news","19":"tag-paris","20":"tag-republique-francaise"},"share_on_mastodon":{"url":"https:\/\/pubeurope.com\/@fr\/115247374868134468","error":""},"_links":{"self":[{"href":"https:\/\/www.europesays.com\/fr\/wp-json\/wp\/v2\/posts\/409215","targetHints":{"allow":["GET"]}}],"collection":[{"href":"https:\/\/www.europesays.com\/fr\/wp-json\/wp\/v2\/posts"}],"about":[{"href":"https:\/\/www.europesays.com\/fr\/wp-json\/wp\/v2\/types\/post"}],"author":[{"embeddable":true,"href":"https:\/\/www.europesays.com\/fr\/wp-json\/wp\/v2\/users\/2"}],"replies":[{"embeddable":true,"href":"https:\/\/www.europesays.com\/fr\/wp-json\/wp\/v2\/comments?post=409215"}],"version-history":[{"count":0,"href":"https:\/\/www.europesays.com\/fr\/wp-json\/wp\/v2\/posts\/409215\/revisions"}],"wp:featuredmedia":[{"embeddable":true,"href":"https:\/\/www.europesays.com\/fr\/wp-json\/wp\/v2\/media\/409216"}],"wp:attachment":[{"href":"https:\/\/www.europesays.com\/fr\/wp-json\/wp\/v2\/media?parent=409215"}],"wp:term":[{"taxonomy":"category","embeddable":true,"href":"https:\/\/www.europesays.com\/fr\/wp-json\/wp\/v2\/categories?post=409215"},{"taxonomy":"post_tag","embeddable":true,"href":"https:\/\/www.europesays.com\/fr\/wp-json\/wp\/v2\/tags?post=409215"}],"curies":[{"name":"wp","href":"https:\/\/api.w.org\/{rel}","templated":true}]}}