{"id":409223,"date":"2025-09-22T10:11:13","date_gmt":"2025-09-22T10:11:13","guid":{"rendered":"https:\/\/www.europesays.com\/fr\/409223\/"},"modified":"2025-09-22T10:11:13","modified_gmt":"2025-09-22T10:11:13","slug":"comment-vivre-cinq-ans-sans-le-centre-pompidou-cet-organe-vital-de-paris","status":"publish","type":"post","link":"https:\/\/www.europesays.com\/fr\/409223\/","title":{"rendered":"Comment vivre cinq ans sans le Centre Pompidou, cet \u201corgane vital\u201d de Paris ?"},"content":{"rendered":"\n<p>[Initialement publi\u00e9 le 31\u00a0ao\u00fbt, cet article a \u00e9t\u00e9 republi\u00e9 le 22\u00a0septembre 2025, jour de fermeture du centre.]<\/p>\n<p>Le bonheur commence au troisi\u00e8me \u00e9tage, o\u00f9 on est encore suspendu entre deux mondes. Au quatri\u00e8me, on baigne dans la lumi\u00e8re, au cinqui\u00e8me, on voit d\u00e9j\u00e0 l\u2019horizon au-dessus des toits de zinc de Paris.<\/p>\n<p>\u201cC\u2019est le meilleur moment, l\u00e0, l\u00e0, maintenant\u00a0!\u201d me dit le po\u00e8te et philosophe Jean-Christophe Bailly, comme s\u2019il le vivait pour la premi\u00e8re fois, tout en se tournant \u00e0 droite, vers sa ville qui se d\u00e9ploie sous son regard. \u201cL\u00e0, l\u00e0, regardez\u00a0! C\u2019est merveilleux.\u201d Puis nous arrivons au sixi\u00e8me \u00e9tage, le dernier, qui ouvre l\u2019\u00e2me, tout en haut de l\u2019Escalator, c\u2019est presque d\u00e9j\u00e0 le ciel.<\/p>\n<p>Deux minutes dans les tubes de verre du Centre Pompidou, \u00e0 se laisser glisser, \u00e0 se laisser \u00e9blouir. On peut aller plus vite, oui, en d\u00e9passant les gens sur la gauche, comme dans les escaliers m\u00e9caniques du m\u00e9tro. Mais on n\u2019y est pas oblig\u00e9.<\/p>\n<p>Toute ville heureuse poss\u00e8de au moins un lieu plein de vie qui la fait respirer, qui l\u2019irrigue, la lib\u00e8re de sa lourdeur, de sa densit\u00e9, de son bruit, rien que pour un moment, pour une courte escapade. Paris, elle, a le Centre Pompidou \u2013 en long \u201cCentre national d\u2019art et de culture Georges-Pompidou\u201d.<\/p>\n<p>Un grand b\u00e2timent, color\u00e9, en plein c\u0153ur de la ville, qu<\/p>\n","protected":false},"excerpt":{"rendered":"[Initialement publi\u00e9 le 31\u00a0ao\u00fbt, cet article a \u00e9t\u00e9 republi\u00e9 le 22\u00a0septembre 2025, jour de fermeture du centre.] Le&hellip;\n","protected":false},"author":2,"featured_media":409224,"comment_status":"","ping_status":"","sticky":false,"template":"","format":"standard","meta":{"footnotes":""},"categories":[1888],"tags":[11,1350,3734,1777,674,1011,27,3821,12,626,25,40033,40034],"class_list":{"0":"post-409223","1":"post","2":"type-post","3":"status-publish","4":"format-standard","5":"has-post-thumbnail","7":"category-paris","8":"tag-actualites","9":"tag-architecture","10":"tag-art","11":"tag-eu","12":"tag-europe","13":"tag-fr","14":"tag-france","15":"tag-la-france-vue-de-lu2019u00e9tranger","16":"tag-news","17":"tag-paris","18":"tag-republique-francaise","19":"tag-su00e9ries-du00e9tu00e9","20":"tag-voyage-en-france"},"share_on_mastodon":{"url":"https:\/\/pubeurope.com\/@fr\/115247414390883205","error":""},"_links":{"self":[{"href":"https:\/\/www.europesays.com\/fr\/wp-json\/wp\/v2\/posts\/409223","targetHints":{"allow":["GET"]}}],"collection":[{"href":"https:\/\/www.europesays.com\/fr\/wp-json\/wp\/v2\/posts"}],"about":[{"href":"https:\/\/www.europesays.com\/fr\/wp-json\/wp\/v2\/types\/post"}],"author":[{"embeddable":true,"href":"https:\/\/www.europesays.com\/fr\/wp-json\/wp\/v2\/users\/2"}],"replies":[{"embeddable":true,"href":"https:\/\/www.europesays.com\/fr\/wp-json\/wp\/v2\/comments?post=409223"}],"version-history":[{"count":0,"href":"https:\/\/www.europesays.com\/fr\/wp-json\/wp\/v2\/posts\/409223\/revisions"}],"wp:featuredmedia":[{"embeddable":true,"href":"https:\/\/www.europesays.com\/fr\/wp-json\/wp\/v2\/media\/409224"}],"wp:attachment":[{"href":"https:\/\/www.europesays.com\/fr\/wp-json\/wp\/v2\/media?parent=409223"}],"wp:term":[{"taxonomy":"category","embeddable":true,"href":"https:\/\/www.europesays.com\/fr\/wp-json\/wp\/v2\/categories?post=409223"},{"taxonomy":"post_tag","embeddable":true,"href":"https:\/\/www.europesays.com\/fr\/wp-json\/wp\/v2\/tags?post=409223"}],"curies":[{"name":"wp","href":"https:\/\/api.w.org\/{rel}","templated":true}]}}