{"id":409260,"date":"2025-09-22T10:36:15","date_gmt":"2025-09-22T10:36:15","guid":{"rendered":"https:\/\/www.europesays.com\/fr\/409260\/"},"modified":"2025-09-22T10:36:15","modified_gmt":"2025-09-22T10:36:15","slug":"quelquun-le-connait-harry-styles-court-le-marathon-de-berlin-deguise-pour-passer-incognito-avec-un-super-temps-a-la-cle","status":"publish","type":"post","link":"https:\/\/www.europesays.com\/fr\/409260\/","title":{"rendered":"\u00ab\u00a0Quelqu\u2019un le conna\u00eet\u00a0?\u00a0\u00bb\u00a0: Harry Styles court le marathon de Berlin d\u00e9guis\u00e9 pour passer incognito, avec un super temps \u00e0 la cl\u00e9"},"content":{"rendered":"<p class=\"paragraph text_align_left lp-f-body-02\">Parmi les 55 000 participants au <a href=\"https:\/\/www.leparisien.fr\/sports\/running\/new-york-tokyo-berlin-boston-paris-alors-cest-lequel-le-meilleur-marathon-du-monde-12-04-2025-HW3STYIFEBH6RNUSX4TB2SKP7Q.php?ts=1758528663949\" target=\"_blank\" rel=\"noreferrer nofollow noopener\">marathon de Berlin<\/a>, il n\u2019a eu aucun mal \u00e0 rester inaper\u00e7u. La superstar britannique <a href=\"https:\/\/www.leparisien.fr\/culture-loisirs\/musique\/8-000-lettres-en-trois-mois-une-fan-dharry-styles-condamnee-a-trois-mois-de-prison-pour-harcelement-22-04-2024-BZMF7GBP6NDZHA72JKEIOALR6Q.php\" target=\"_self\" rel=\"nofollow noopener\">Harry Styles<\/a> a r\u00e9ussi \u00e0 courir, ce dimanche, les <a href=\"https:\/\/www.leparisien.fr\/societe\/sante\/jai-envie-de-mexploser-marathon-trail-hyrox-les-francais-sont-ils-tous-drogues-a-lultra-sport-28-06-2025-NWVXKWQD6ZHPXJD3A7VKAVXWJE.php\" target=\"_self\" rel=\"nofollow noopener\">42,125\u00a0km de la course<\/a> dans la capitale allemande, en restant incognito.<\/p>\n<p class=\"paragraph text_align_left lp-f-body-02\">Comme le rapporte <a href=\"https:\/\/www.theguardian.com\/sport\/2025\/sep\/22\/harry-styles-berlin-marathon\" target=\"_self\" rel=\"nofollow noopener\">The Guardian<\/a>, l\u2019ancien chanteur des <a href=\"https:\/\/www.leparisien.fr\/culture-loisirs\/musique\/mort-de-liam-payne-il-me-manquera-a-jamais-reagit-harry-styles-18-10-2024-2FYZ2GOK5FEQHB73FQH44RG5NA.php\" target=\"_self\" rel=\"nofollow noopener\">One Direction<\/a> a utilis\u00e9 un pseudonyme, en s\u2019inscrivant, avant l\u2019\u00e9preuve, sous le nom de Sted Sarandos. L\u2019artiste de 31\u00a0ans portait \u00e9galement un bandeau et des lunettes de soleil pour \u00e9viter d\u2019\u00eatre reconnu.<\/p>\n<p>Sous la barre des 3\u00a0heures<\/p>\n<p class=\"paragraph text_align_left lp-f-body-02\">La supercherie a \u00e9t\u00e9 r\u00e9v\u00e9l\u00e9e par Richard Whitehead, double m\u00e9daill\u00e9 d\u2019or sur 200 m\u00e8tres aux <a href=\"https:\/\/www.leparisien.fr\/jo-paralympiques-paris-2024\/\" target=\"_self\" rel=\"nofollow noopener\">Jeux paralympiques<\/a>, qui courait ce dimanche \u00e0 ses c\u00f4t\u00e9s. L\u2019athl\u00e8te a partag\u00e9 un clich\u00e9 \u00e0 l\u2019arriv\u00e9e du marathon, bras dessus dessous avec un Harry Styles, reconnaissable entre 1000. \u00ab\u00a0Quelqu\u2019un le conna\u00eet\u00a0?\u00a0\u00bb, ironise Richard Whitehead en l\u00e9gende.<\/p>\n<p class=\"paragraph text_align_left lp-f-body-02\">En plus, l\u2019interpr\u00e8te de \u00ab\u00a0As It Was\u00a0\u00bb n\u2019a pas fait les choses \u00e0 moiti\u00e9, et a r\u00e9ussi \u00e0 passer en dessous de la barre des 3\u00a0heures, symbole d\u2019une tr\u00e8s belle performance pour tout marathonien qui se respecte. Plus pr\u00e9cis\u00e9ment, Harry Styles a franchi la ligne en 2\u00a0heures, 59 minutes et 13 secondes.<\/p>\n<p class=\"paragraph text_align_left lp-f-body-02\">Selon le journal allemand <a href=\"https:\/\/www.tagesspiegel.de\/berlin\/superstar-unter-falschem-namen-harry-styles-lauft-berlin-marathon-in-weniger-als-drei-stunden-14363219.html\" target=\"_blank\" rel=\"nofollow noopener\">Tagesspiegel<\/a>, l\u2019artiste avait d\u00e9j\u00e0 \u00e9t\u00e9 aper\u00e7u en train de courir \u00e0 Berlin en pr\u00e9vision de la course de dimanche. Le chanteur n\u2019en \u00e9tait pas non plus \u00e0 son coup d\u2019essai. En mars dernier, il avait couru le marathon de Tokyo en 3\u00a0heures, 24 minutes et 7 secondes. Un temps largement am\u00e9lior\u00e9 en Allemagne, sur l\u2019un des parcours les plus rapides du monde.<\/p>\n","protected":false},"excerpt":{"rendered":"Parmi les 55 000 participants au marathon de Berlin, il n\u2019a eu aucun mal \u00e0 rester inaper\u00e7u. La&hellip;\n","protected":false},"author":2,"featured_media":409261,"comment_status":"","ping_status":"","sticky":false,"template":"","format":"standard","meta":{"footnotes":""},"categories":[1355],"tags":[872,58,59,1011,27,1361,873,60],"class_list":{"0":"post-409260","1":"post","2":"type-post","3":"status-publish","4":"format-standard","5":"has-post-thumbnail","7":"category-musique","8":"tag-culture-et-loisirs","9":"tag-divertissement","10":"tag-entertainment","11":"tag-fr","12":"tag-france","13":"tag-music","14":"tag-musique","15":"tag-sports"},"share_on_mastodon":{"url":"https:\/\/pubeurope.com\/@fr\/115247512655980483","error":""},"_links":{"self":[{"href":"https:\/\/www.europesays.com\/fr\/wp-json\/wp\/v2\/posts\/409260","targetHints":{"allow":["GET"]}}],"collection":[{"href":"https:\/\/www.europesays.com\/fr\/wp-json\/wp\/v2\/posts"}],"about":[{"href":"https:\/\/www.europesays.com\/fr\/wp-json\/wp\/v2\/types\/post"}],"author":[{"embeddable":true,"href":"https:\/\/www.europesays.com\/fr\/wp-json\/wp\/v2\/users\/2"}],"replies":[{"embeddable":true,"href":"https:\/\/www.europesays.com\/fr\/wp-json\/wp\/v2\/comments?post=409260"}],"version-history":[{"count":0,"href":"https:\/\/www.europesays.com\/fr\/wp-json\/wp\/v2\/posts\/409260\/revisions"}],"wp:featuredmedia":[{"embeddable":true,"href":"https:\/\/www.europesays.com\/fr\/wp-json\/wp\/v2\/media\/409261"}],"wp:attachment":[{"href":"https:\/\/www.europesays.com\/fr\/wp-json\/wp\/v2\/media?parent=409260"}],"wp:term":[{"taxonomy":"category","embeddable":true,"href":"https:\/\/www.europesays.com\/fr\/wp-json\/wp\/v2\/categories?post=409260"},{"taxonomy":"post_tag","embeddable":true,"href":"https:\/\/www.europesays.com\/fr\/wp-json\/wp\/v2\/tags?post=409260"}],"curies":[{"name":"wp","href":"https:\/\/api.w.org\/{rel}","templated":true}]}}