{"id":409300,"date":"2025-09-22T11:00:11","date_gmt":"2025-09-22T11:00:11","guid":{"rendered":"https:\/\/www.europesays.com\/fr\/409300\/"},"modified":"2025-09-22T11:00:11","modified_gmt":"2025-09-22T11:00:11","slug":"a-rennes-35-000-livres-seront-mis-en-vente-a-des-prix-solidaires","status":"publish","type":"post","link":"https:\/\/www.europesays.com\/fr\/409300\/","title":{"rendered":"\u00c0 Rennes, 35\u00a0000\u00a0livres seront mis en vente \u00ab\u00a0\u00e0 des prix solidaires\u00a0\u00bb"},"content":{"rendered":"<p>Livres pour enfants, polars ou encore des bandes dessin\u00e9es. Environ 35 000 ouvrages des biblioth\u00e8ques de Rennes seront mis en vente par<a href=\"https:\/\/www.letelegramme.fr\/ille-et-vilaine\/rennes-35000\/cest-quoi-cette-ressourcerie-geante-qui-ouvre-a-rennes-6512640.php\" target=\"_blank\" rel=\"nofollow noopener\"> la Belle d\u00e9chette<\/a> vendredi 26 et samedi 27 septembre. La ressourcerie rennaise organise cette grande vente dans un des b\u00e2timents des Halles en commun dans le quartier de la Courrouze. \u00ab Ils seront vendus \u00e0 des prix solidaires \u00bb, annonce Ma\u00eblle Blain, charg\u00e9e de communication \u00e0 la ressourcerie.<\/p>\n<p>Cette op\u00e9ration, organis\u00e9e pour la premi\u00e8re fois, intervient apr\u00e8s le d\u00e9sherbage des biblioth\u00e8ques de la ville. \u00ab Elles font \u00e7a quand les livres ne trouvent plus de preneurs. Ces derniers ne servent plus. Pour la premi\u00e8re fois, nous les mettons en vente pour \u00e9viter qu\u2019ils soient jet\u00e9s. \u00bb Les prix sont fix\u00e9s \u00e0 1 \u20ac pour les livres de poches et 5 \u20ac pour les livres \u00e0 th\u00e8me. Des milliers de CD seront \u00e9galement install\u00e9s dans les rayons. \u00ab Il y en aura pour tout le monde. \u00bb Les ouvrages et CD restant seront \u00ab remis peu \u00e0 peu dans nos boutiques \u00e0 la suite de cet \u00e9v\u00e8nement \u00bb.<\/p>\n<p>Ateliers, spectacles, repr\u00e9sentation\u2026<\/p>\n<p>En parall\u00e8le, la Belle d\u00e9chette met en place une programmation culturelle le samedi toute la journ\u00e9e. La compagnie Kali &amp; Co pr\u00e9sentera son spectacle th\u00e9\u00e2tral \u00ab Comme on respire \u00bb \u00e0 11 h 30 et \u00e0 15 h.<\/p>\n<p>Le collectif Dangereuses lectrices fera une pr\u00e9sentation de la programmation de son festival programm\u00e9 \u00e0 l\u2019Antipode les 18 et 19 octobre prochain. Des ateliers cr\u00e9atifs auront \u00e9galement lieu.<\/p>\n<p><strong>Pratique<\/strong>. Vendredi 26 (de 13 h \u00e0 18 h) et samedi 27 (de 10 h \u00e0 18 h) septembre aux Halles en commune, quartier de la Courrouze. Entr\u00e9e gratuite.<\/p>\n","protected":false},"excerpt":{"rendered":"Livres pour enfants, polars ou encore des bandes dessin\u00e9es. Environ 35 000 ouvrages des biblioth\u00e8ques de Rennes seront&hellip;\n","protected":false},"author":2,"featured_media":409301,"comment_status":"","ping_status":"","sticky":false,"template":"","format":"standard","meta":{"footnotes":""},"categories":[2821],"tags":[1111,11,829,1777,674,1011,27,848,12,584,25],"class_list":{"0":"post-409300","1":"post","2":"type-post","3":"status-publish","4":"format-standard","5":"has-post-thumbnail","7":"category-rennes","8":"tag-actu","9":"tag-actualites","10":"tag-bretagne","11":"tag-eu","12":"tag-europe","13":"tag-fr","14":"tag-france","15":"tag-ille-et-vilaine","16":"tag-news","17":"tag-rennes","18":"tag-republique-francaise"},"share_on_mastodon":{"url":"https:\/\/pubeurope.com\/@fr\/115247607027414260","error":""},"_links":{"self":[{"href":"https:\/\/www.europesays.com\/fr\/wp-json\/wp\/v2\/posts\/409300","targetHints":{"allow":["GET"]}}],"collection":[{"href":"https:\/\/www.europesays.com\/fr\/wp-json\/wp\/v2\/posts"}],"about":[{"href":"https:\/\/www.europesays.com\/fr\/wp-json\/wp\/v2\/types\/post"}],"author":[{"embeddable":true,"href":"https:\/\/www.europesays.com\/fr\/wp-json\/wp\/v2\/users\/2"}],"replies":[{"embeddable":true,"href":"https:\/\/www.europesays.com\/fr\/wp-json\/wp\/v2\/comments?post=409300"}],"version-history":[{"count":0,"href":"https:\/\/www.europesays.com\/fr\/wp-json\/wp\/v2\/posts\/409300\/revisions"}],"wp:featuredmedia":[{"embeddable":true,"href":"https:\/\/www.europesays.com\/fr\/wp-json\/wp\/v2\/media\/409301"}],"wp:attachment":[{"href":"https:\/\/www.europesays.com\/fr\/wp-json\/wp\/v2\/media?parent=409300"}],"wp:term":[{"taxonomy":"category","embeddable":true,"href":"https:\/\/www.europesays.com\/fr\/wp-json\/wp\/v2\/categories?post=409300"},{"taxonomy":"post_tag","embeddable":true,"href":"https:\/\/www.europesays.com\/fr\/wp-json\/wp\/v2\/tags?post=409300"}],"curies":[{"name":"wp","href":"https:\/\/api.w.org\/{rel}","templated":true}]}}