{"id":409322,"date":"2025-09-22T11:13:13","date_gmt":"2025-09-22T11:13:13","guid":{"rendered":"https:\/\/www.europesays.com\/fr\/409322\/"},"modified":"2025-09-22T11:13:13","modified_gmt":"2025-09-22T11:13:13","slug":"un-passager-meurt-a-bord-dun-avion-le-vol-deroute-en-urgence-a-toulouse","status":"publish","type":"post","link":"https:\/\/www.europesays.com\/fr\/409322\/","title":{"rendered":"Un passager meurt \u00e0 bord d\u2019un avion, le vol d\u00e9rout\u00e9 en urgence \u00e0 Toulouse"},"content":{"rendered":"<p>Un <a href=\"https:\/\/www.20minutes.fr\/dossier\/avion\" class=\"c-link c-link--is-underlined\" target=\"_blank\" rel=\"noopener\">avion<\/a> de la compagnie Brussels Airlines qui avait d\u00e9coll\u00e9 de <a href=\"https:\/\/www.20minutes.fr\/dossier\/bruxelles\" class=\"c-link c-link--is-underlined\" target=\"_blank\" rel=\"noopener\">Bruxelles<\/a> (Belgique) en direction de <a href=\"https:\/\/www.20minutes.fr\/sport\/malaga\/\" class=\"c-link c-link--is-underlined\" target=\"_blank\" rel=\"noopener\">Malaga<\/a> (Espagne) a d\u00fb se poser en urgence \u00e0 l\u2019a\u00e9roport de Toulouse-Blagnac (Haute-Garonne), ce samedi. La raison\u00a0: un passager a \u00e9t\u00e9 victime d\u2019un malaise en plein vol, rapporte <a href=\"https:\/\/www.7sur7.be\/belgique\/un-passager-decede-dans-un-vol-brussels-airlines-vers-malaga-lavion-deroute-vers-toulouse~a20f73ac\/\" target=\"_blank\" class=\"c-link c-link--is-underlined\" rel=\"noopener\">7sur7<\/a>.<\/p>\n<p>R\u00e9animation \u00e0 bord<\/p>\n<p>C\u2019est environ deux heures apr\u00e8s le d\u00e9collage que l\u2019incident s\u2019est produit. \u00c0 bord, l\u2019\u00e9quipage a tent\u00e9 de r\u00e9animer le voyageur, dont l\u2019\u00e9tat devenait critique, pr\u00e9cise <a href=\"https:\/\/airlive.net\/incident\/2025\/09\/21\/a-passenger-died-on-board-brussels-airlines-flight-to-spain-prompting-emergency-landing-in-toulouse\/#google_vignette\" target=\"_blank\" class=\"c-link c-link--is-underlined\" rel=\"noopener\">le site Air Live<\/a>.\u00a0Le personnel a\u00a0imm\u00e9diatement lanc\u00e9 les proc\u00e9dures m\u00e9dicales d\u2019urgence, puis le commandant de bord a demand\u00e9 \u00e0 pouvoir atterrir \u00e0 <a href=\"https:\/\/www.20minutes.fr\/toulouse\/\" class=\"c-link c-link--is-underlined\" target=\"_blank\" rel=\"noopener\">Toulouse<\/a>.<\/p>\n<p>L\u2019<a href=\"https:\/\/www.20minutes.fr\/dossier\/airbus_a320\" class=\"c-link c-link--is-underlined\" target=\"_blank\" rel=\"noopener\">Airbus A320<\/a> a donc fait demi-tour juste avant la fronti\u00e8re espagnole. \u00ab\u00a0Les services de secours ont \u00e9t\u00e9 imm\u00e9diatement mobilis\u00e9s. Le passager a re\u00e7u des soins de r\u00e9animation \u00e0 bord, mais il est malheureusement d\u00e9c\u00e9d\u00e9\u00a0\u00bb, a indiqu\u00e9 Brussels Airlines. On ignore le sexe, l\u2019\u00e2ge et la nationalit\u00e9 de la victime. L\u2019appareil a ensuite repris son vol. Il est reparti de Toulouse vers 16h30 pour une arriv\u00e9e qui \u00e9tait aux alentours de 18 heures.<\/p>\n<p>Un autre passager d\u00e9c\u00e9d\u00e9 quelques jours plus t\u00f4t<\/p>\n<p>Le personnel de cabinet re\u00e7oit r\u00e9guli\u00e8rement des formations pour faire face \u00e0 ce type de situation. Aussi, de nombreux vols int\u00e8grent \u00e9galement des professionnels de sant\u00e9 b\u00e9n\u00e9voles qui peuvent intervenir en cas d\u2019<a href=\"https:\/\/www.20minutes.fr\/dossier\/urgence\" class=\"c-link c-link--is-underlined\" target=\"_blank\" rel=\"noopener\">urgence<\/a>. Mais certains soins ne peuvent pas \u00eatre prodigu\u00e9s \u00e0 bord, un atterrissage d\u2019urgence est alors indispensable.<\/p>\n<\/p>\n<p><a href=\"https:\/\/www.20minutes.fr\/faits_divers\/4173921-20250918-passager-meurt-plein-vol-bord-avion-easyjet-reliant-nantes-lanzarote\" class=\"c-link c-link--is-underlined\" target=\"_blank\" rel=\"noopener\">Un drame identique s\u2019est produit mardi 16\u00a0septembre \u00e0 bord d\u2019un avion EasyJet parti de Nantes (Loire-Atlantique) pour rejoindre Lanzarote (Espagne)<\/a>. Le personnel de bord est intervenu pour secourir un passager, alors que l\u2019appareil s\u2019appr\u00eatait \u00e0 atterrir. Malheureusement, la personne n\u2019a pas pu \u00eatre sauv\u00e9e.<\/p>\n","protected":false},"excerpt":{"rendered":"Un avion de la compagnie Brussels Airlines qui avait d\u00e9coll\u00e9 de Bruxelles (Belgique) en direction de Malaga (Espagne)&hellip;\n","protected":false},"author":2,"featured_media":409323,"comment_status":"","ping_status":"","sticky":false,"template":"","format":"standard","meta":{"footnotes":""},"categories":[2816],"tags":[1111,47,11,37,2360,3983,1777,674,118,1011,27,2722,54071,2721,12,2680,25,2312],"class_list":{"0":"post-409322","1":"post","2":"type-post","3":"status-publish","4":"format-standard","5":"has-post-thumbnail","7":"category-toulouse","8":"tag-actu","9":"tag-actualite","10":"tag-actualites","11":"tag-avion","12":"tag-bruxelles","13":"tag-deces","14":"tag-eu","15":"tag-europe","16":"tag-faits-divers","17":"tag-fr","18":"tag-france","19":"tag-haute-garonne","20":"tag-malaga","21":"tag-midi-pyrenees","22":"tag-news","23":"tag-occitanie","24":"tag-republique-francaise","25":"tag-toulouse"},"share_on_mastodon":{"url":"https:\/\/pubeurope.com\/@fr\/115247658112163436","error":""},"_links":{"self":[{"href":"https:\/\/www.europesays.com\/fr\/wp-json\/wp\/v2\/posts\/409322","targetHints":{"allow":["GET"]}}],"collection":[{"href":"https:\/\/www.europesays.com\/fr\/wp-json\/wp\/v2\/posts"}],"about":[{"href":"https:\/\/www.europesays.com\/fr\/wp-json\/wp\/v2\/types\/post"}],"author":[{"embeddable":true,"href":"https:\/\/www.europesays.com\/fr\/wp-json\/wp\/v2\/users\/2"}],"replies":[{"embeddable":true,"href":"https:\/\/www.europesays.com\/fr\/wp-json\/wp\/v2\/comments?post=409322"}],"version-history":[{"count":0,"href":"https:\/\/www.europesays.com\/fr\/wp-json\/wp\/v2\/posts\/409322\/revisions"}],"wp:featuredmedia":[{"embeddable":true,"href":"https:\/\/www.europesays.com\/fr\/wp-json\/wp\/v2\/media\/409323"}],"wp:attachment":[{"href":"https:\/\/www.europesays.com\/fr\/wp-json\/wp\/v2\/media?parent=409322"}],"wp:term":[{"taxonomy":"category","embeddable":true,"href":"https:\/\/www.europesays.com\/fr\/wp-json\/wp\/v2\/categories?post=409322"},{"taxonomy":"post_tag","embeddable":true,"href":"https:\/\/www.europesays.com\/fr\/wp-json\/wp\/v2\/tags?post=409322"}],"curies":[{"name":"wp","href":"https:\/\/api.w.org\/{rel}","templated":true}]}}